{"id":52171,"date":"2022-09-03T12:38:15","date_gmt":"2022-09-03T15:38:15","guid":{"rendered":"https:\/\/vocesparalelas.com.ar\/sitio\/?p=52171"},"modified":"2022-09-07T22:02:26","modified_gmt":"2022-09-08T01:02:26","slug":"escuchame-una-cosita-ciclo-de-solistas-celebra-los-100-solistas-federal","status":"publish","type":"post","link":"https:\/\/vocesparalelas.com.ar\/sitio\/escuchame-una-cosita-ciclo-de-solistas-celebra-los-100-solistas-federal\/","title":{"rendered":"\u201cEscuchame una cosita\u201d Ciclo de Solistas celebra los 100 Solistas federal"},"content":{"rendered":"<p>Contin\u00faa todos los Domingos de Septiembre el Ciclo de Solistas: \u201cEsc\u00fachame una Cosita\u201d en cada concierto podremos escuchar la propuesta del cantautor.<\/p>\n<p>La cita es en Donata, Av. Libertador Gral. San Mart\u00edn 3311 \u2013 O \u2013 Rivadavia, los domingos a las 20 horas. La entrada es libre y gratuita.<\/p>\n<p><strong>Programaci\u00f3n Escuchame una Cosita- Septiembre 2022<\/strong><\/p>\n<ul>\n<li>Domingo, 4 de Septiembre, Vale Castronovo &amp; Capit\u00e1n Beto<\/li>\n<li>Domingo, 11 de Septiembre, Deby Toledo &amp; Dani Gimenez<\/li>\n<li>Domingo, 18 de Septiembre, Junior &amp; Caty Garc\u00eda<\/li>\n<li>Domingo, 25 de Septiembre, Javier Conturzo &amp; Lore Esbry<\/li>\n<\/ul>\n<p><strong>Historia<\/strong><\/p>\n<p>El Ciclo de solistas Escuchame una cosita festeja el paso de 100 solistas de San Juan por su escenario.<\/p>\n<p>El ciclo \u201cEscuchame una cosita\u201d naci\u00f3 en el a\u00f1o 2018 con producci\u00f3n y curadur\u00eda del m\u00fasico Fabricio Montilla con la intenci\u00f3n de visibilizar la creciente escena de solistas de la provincia.<\/p>\n<p>En noviembre del 2020 despu\u00e9s de un largo periodo de inactividad de los trabajadores de la cultura por la pandemia el Ciclo renace con sede en la cervecer\u00eda Donata del Desierto.<\/p>\n<p>Desde entonces ha sostenido su actividad de forma constante todos los domingos.<\/p>\n<p>En el mes de Septiembre del 2022 llegamos a 100 solistas que han visitado nuestro escenario y es motivo de festejo para nosotros.<\/p>\n<p>Los solistas participantes han llegado al nuestro espacio desde distintos puntos de la provincia como de los Departamentos de Jachal, Caucete, Sarmiento, Zonda, Rawson, Chimbas, Rivadavia, Santa Lucia, Calingasta, Pocito y Capital, convirtiendo al ciclo en un espacio federal.<\/p>\n<p>Los compositores que pasaron nos propusieron una variedad de g\u00e9neros musicales tales como trap, rap, folck, pop, rock, soul, folcklore, m\u00fasica experimental entre otros.<\/p>\n<p>En cada concierto se escucha la propuesta de cantautor, de este modo acompa\u00f1amos la idea del cupo femenino y disidencias, porque entendemos la necesidad de escenarios m\u00e1s diversos e igualitarios.<\/p>\n<p>Adem\u00e1s, de los 100 solistas locales tambi\u00e9n tuvimos visitas desde otras provincias de Argentina como C\u00f3rdoba, Mendoza, Buenos Aires.<\/p>\n<p>Entendemos que visibilizar es tambi\u00e9n nombrar te dejamos a continuaci\u00f3n los nombres de todos quienes actuaron en el \u201cEscuchame una cosita\u201d: Facu Dial, Magalactica, Fabricio P\u00e9rez, Eugenia Renta, L.O.V.O, Aman\u00ed Im\u00e1n Guadalupe, Lila Mutabilis, Fabricio Montilla, Solo Juan, Martina Flores, Lucas Atencio, Mateo Weichafe, Lanita, Florencia Tomasini, Ale Francavilla, Edgard Visens, Quique Rod, Gabriel Davila Kurb\u00e1n, Kbsonia, Santi Diez, Sandro Storani, Pi.tuca, Tatiana Astorga, Sole Aranz, Sophae, Catfonk, Esha, Curcumina, Echega, Eliana Dominguez, Gabi Lisi,Flor Carmona, Nahuel Aciar, Cande Mallea, Buquino Cabrera, Sebastian Arnaez, Ana Laura Paroldi, Fede Fantastico, Martin Vargas, Marin\u00e9, Martin Krywo, Zyxela, Eysen, Coty Quete, Carla Tello, Gabi Trad, Gabi Gardiol, Juanse Arano, Fernando Garcia, Peperina, Elvis Jagger, Bahe, Ignacio Agulles,Gigante Azul, Fernando Aguilera, Lito Cantoni, Rousse, Lu Pera, Caco Trigo Pugliese, Fausto, Peiper Boy, Emi Voiro, Germen Canal, Luli Gon, Lucas y el TAO, Rostro Roto, Vale Invisible, Raiano, Days, Emi Soler, Fago, Caty Garcia, Romina Gil, Roberto Guevara, Mad Sigma, Ch Franco C\u00e1ceres, Pk2 Tropicales, Yarco, Chicato Sanchez, Espina del Desierto, Facundo Carrizo, Bypho, Paula Dupont, Mr Paul Danger, Marcos Marte, Pablo Minds, Agustina Villena, Bruno Morgan, Andrea Guardia, Bruno Torino, Rodri Cactus, Rober Luna, Nico P\u00e9rez, Gabi Soler, Ranking Solo, Capitan Beto, Tommy Moreno, Santo, Emi Carrizo, Vale Castronovo, El Principe Idiota, Frecuencia Fantas\u00eda, Gonza Universo, Fer Eneida, Bodie y Uma Par\u00ed.<\/p>\n<p>Publicado el S\u00e1bado, 03 de Septiembre de 2022<\/p>\n","protected":false},"excerpt":{"rendered":"<p>Contin\u00faa todos los Domingos de Septiembre el Ciclo de Solistas: \u201cEsc\u00fachame una Cosita\u201d en cada concierto podremos escuchar la propuesta<\/p>\n","protected":false},"author":3,"featured_media":52173,"comment_status":"closed","ping_status":"closed","sticky":false,"template":"","format":"standard","meta":{"_acf_changed":false,"_seopress_robots_primary_cat":"none","_seopress_titles_title":"","_seopress_titles_desc":"","_seopress_robots_index":"","colormag_page_container_layout":"default_layout","colormag_page_sidebar_layout":"default_layout","footnotes":""},"categories":[20],"tags":[],"class_list":["post-52171","post","type-post","status-publish","format-standard","has-post-thumbnail","hentry","category-cartelera"],"acf":[],"_links":{"self":[{"href":"https:\/\/vocesparalelas.com.ar\/sitio\/wp-json\/wp\/v2\/posts\/52171","targetHints":{"allow":["GET"]}}],"collection":[{"href":"https:\/\/vocesparalelas.com.ar\/sitio\/wp-json\/wp\/v2\/posts"}],"about":[{"href":"https:\/\/vocesparalelas.com.ar\/sitio\/wp-json\/wp\/v2\/types\/post"}],"author":[{"embeddable":true,"href":"https:\/\/vocesparalelas.com.ar\/sitio\/wp-json\/wp\/v2\/users\/3"}],"replies":[{"embeddable":true,"href":"https:\/\/vocesparalelas.com.ar\/sitio\/wp-json\/wp\/v2\/comments?post=52171"}],"version-history":[{"count":3,"href":"https:\/\/vocesparalelas.com.ar\/sitio\/wp-json\/wp\/v2\/posts\/52171\/revisions"}],"predecessor-version":[{"id":52176,"href":"https:\/\/vocesparalelas.com.ar\/sitio\/wp-json\/wp\/v2\/posts\/52171\/revisions\/52176"}],"wp:featuredmedia":[{"embeddable":true,"href":"https:\/\/vocesparalelas.com.ar\/sitio\/wp-json\/wp\/v2\/media\/52173"}],"wp:attachment":[{"href":"https:\/\/vocesparalelas.com.ar\/sitio\/wp-json\/wp\/v2\/media?parent=52171"}],"wp:term":[{"taxonomy":"category","embeddable":true,"href":"https:\/\/vocesparalelas.com.ar\/sitio\/wp-json\/wp\/v2\/categories?post=52171"},{"taxonomy":"post_tag","embeddable":true,"href":"https:\/\/vocesparalelas.com.ar\/sitio\/wp-json\/wp\/v2\/tags?post=52171"}],"curies":[{"name":"wp","href":"https:\/\/api.w.org\/{rel}","templated":true}]}}