{"id":52169,"date":"2022-09-03T14:34:51","date_gmt":"2022-09-03T17:34:51","guid":{"rendered":"https:\/\/vocesparalelas.com.ar\/sitio\/?p=52169"},"modified":"2022-09-03T21:31:17","modified_gmt":"2022-09-04T00:31:17","slug":"estamos-armando-el-plan-que-va-a-transformar-la-argentina","status":"publish","type":"post","link":"https:\/\/vocesparalelas.com.ar\/sitio\/estamos-armando-el-plan-que-va-a-transformar-la-argentina\/","title":{"rendered":"\u00abEstamos armando el Plan que va a transformar la Argentina\u00bb"},"content":{"rendered":"<p>Con una agenda muy ajustada, el Jueves, 01 de Septiembre, lleg\u00f3 a San Juan el Economista Horacio Rodr\u00edguez Larreta. Primero convoc\u00f3 una reuni\u00f3n con vecinos del Departamento de Santa Luc\u00eda invitado por el Diputado Nacional por San Juan, Dr. Marcelo Orrego.<\/p>\n<p>Luego, se traslad\u00f3 al Departamento Rivadavia, donde mantuvo un encuentro con vecinos, siendo el anfitri\u00f3n el Intendente Municipal, Dr. Fabi\u00e1n Mart\u00edn.<\/p>\n<figure id=\"attachment_52193\" aria-describedby=\"caption-attachment-52193\" style=\"width: 500px\" class=\"wp-caption aligncenter\"><img loading=\"lazy\" decoding=\"async\" class=\"size-full wp-image-52193\" src=\"https:\/\/vocesparalelas.com.ar\/sitio\/wp-content\/uploads\/2022\/09\/JXC-SAN-JUAN-30.jpg\" alt=\"\" width=\"500\" height=\"716\" srcset=\"https:\/\/vocesparalelas.com.ar\/sitio\/wp-content\/uploads\/2022\/09\/JXC-SAN-JUAN-30.jpg 500w, https:\/\/vocesparalelas.com.ar\/sitio\/wp-content\/uploads\/2022\/09\/JXC-SAN-JUAN-30-209x300.jpg 209w\" sizes=\"auto, (max-width: 500px) 100vw, 500px\" \/><figcaption id=\"caption-attachment-52193\" class=\"wp-caption-text\">Dr. Fabi\u00e1n Mart\u00edn junto al Economista Horacio Rodr\u00edguez Larreta<\/figcaption><\/figure>\n<p>&nbsp;<\/p>\n<p>Por ello Voces Paralelas entrevist\u00f3 al intendente de la Municipalidad de Rivadavia, Dr. Fabi\u00e1n Mart\u00edn, quien explic\u00f3 el motivo de la llegada del Economista Horacio Rodr\u00edguez Larreta a San Juan y puntualmente en ese momento al Departamento Rivadavia.<\/p>\n<p><iframe loading=\"lazy\" title=\"DR FABI\u00c1N MART\u00cdN\" width=\"800\" height=\"450\" src=\"https:\/\/www.youtube.com\/embed\/fdA0paZWdzE?feature=oembed\" frameborder=\"0\" allow=\"accelerometer; autoplay; clipboard-write; encrypted-media; gyroscope; picture-in-picture\" allowfullscreen><\/iframe><\/p>\n<p>&nbsp;<\/p>\n<p>El sal\u00f3n fue esperado por una gran cantidad de seguidores y que apoyan su pensamiento y donde el Economista Horacio Rodr\u00edguez Larreta fue recibido con todo el cari\u00f1o que se merece al nivel que caracteriza al habitante de San Juan.<\/p>\n<p>En este contexto, los vecinos fueron organizados por el equipo en 4 comisiones de trabajo a elecci\u00f3n personal sobre educaci\u00f3n, Trabajo, Seguridad y Econom\u00eda. Lo importante cada comisi\u00f3n estuvo integrada por gran cantidad de participantes que aportaron sus inquietudes.<\/p>\n<p><img loading=\"lazy\" decoding=\"async\" class=\"alignnone size-full wp-image-52182\" src=\"https:\/\/vocesparalelas.com.ar\/sitio\/wp-content\/uploads\/2022\/09\/JXC-SAN-JUAN-01.jpg\" alt=\"\" width=\"800\" height=\"533\" srcset=\"https:\/\/vocesparalelas.com.ar\/sitio\/wp-content\/uploads\/2022\/09\/JXC-SAN-JUAN-01.jpg 800w, https:\/\/vocesparalelas.com.ar\/sitio\/wp-content\/uploads\/2022\/09\/JXC-SAN-JUAN-01-300x200.jpg 300w, https:\/\/vocesparalelas.com.ar\/sitio\/wp-content\/uploads\/2022\/09\/JXC-SAN-JUAN-01-768x512.jpg 768w\" sizes=\"auto, (max-width: 800px) 100vw, 800px\" \/><\/p>\n<p>El trabajo finaliz\u00f3 y permiti\u00f3 que los integrantes expusieran sus inquietudes porque la idea es el armando el Plan que va a transformar la Argentina para escuchar y conocer la realidad del lugar en su recorrida por el pa\u00eds.<\/p>\n<p><iframe loading=\"lazy\" title=\"HORACIO RODR\u00cdGUEZ LARRETA\" width=\"800\" height=\"450\" src=\"https:\/\/www.youtube.com\/embed\/wV4LuvQBSb4?feature=oembed\" frameborder=\"0\" allow=\"accelerometer; autoplay; clipboard-write; encrypted-media; gyroscope; picture-in-picture\" allowfullscreen><\/iframe><\/p>\n<p>Para cerrar el encuentro el Economista Horacio Rodr\u00edguez Larreta dirigi\u00f3 una palabras de agradecimiento y remarc\u00f3 que es muy importante escuchar a la gente.<\/p>\n<p><iframe loading=\"lazy\" title=\"HORACIO RODR\u00cdGUEZ LARRETA\" width=\"800\" height=\"450\" src=\"https:\/\/www.youtube.com\/embed\/KBj0dAwlz8o?feature=oembed\" frameborder=\"0\" allow=\"accelerometer; autoplay; clipboard-write; encrypted-media; gyroscope; picture-in-picture\" allowfullscreen><\/iframe><\/p>\n<p>Lo interesante de esta caminata por San Juan es una experiencia muy positiva el acercamiento a la gente, escuchar las propuestas, la sencillez, la recorrida por la ciudad y de distintos departamentos se llev\u00f3 un conjunto de impresiones que permiten incrementar una realidad que apunta a construir un proyecto que va a transformar la Argentina.<\/p>\n<p>No s\u00f3lo visit\u00f3 San Juan sino que recorre distintas provincias para lograr desde Juntos por el Cambio una opci\u00f3n pol\u00edtica que permita lo que los habitantes esperan para crecer como persona y engrosar una Argentina que nos merecemos.<\/p>\n<p><img loading=\"lazy\" decoding=\"async\" class=\"alignnone size-full wp-image-52194 aligncenter\" src=\"https:\/\/vocesparalelas.com.ar\/sitio\/wp-content\/uploads\/2022\/09\/JXC-SAN-JUAN-31.jpg\" alt=\"\" width=\"500\" height=\"461\" srcset=\"https:\/\/vocesparalelas.com.ar\/sitio\/wp-content\/uploads\/2022\/09\/JXC-SAN-JUAN-31.jpg 500w, https:\/\/vocesparalelas.com.ar\/sitio\/wp-content\/uploads\/2022\/09\/JXC-SAN-JUAN-31-300x277.jpg 300w\" sizes=\"auto, (max-width: 500px) 100vw, 500px\" \/><\/p>\n<p>&nbsp;<\/p>\n<p><img loading=\"lazy\" decoding=\"async\" class=\"alignnone size-full wp-image-52183\" src=\"https:\/\/vocesparalelas.com.ar\/sitio\/wp-content\/uploads\/2022\/09\/JXC-SAN-JUAN-02.jpg\" alt=\"\" width=\"800\" height=\"533\" srcset=\"https:\/\/vocesparalelas.com.ar\/sitio\/wp-content\/uploads\/2022\/09\/JXC-SAN-JUAN-02.jpg 800w, https:\/\/vocesparalelas.com.ar\/sitio\/wp-content\/uploads\/2022\/09\/JXC-SAN-JUAN-02-300x200.jpg 300w, https:\/\/vocesparalelas.com.ar\/sitio\/wp-content\/uploads\/2022\/09\/JXC-SAN-JUAN-02-768x512.jpg 768w\" sizes=\"auto, (max-width: 800px) 100vw, 800px\" \/><\/p>\n<p><img loading=\"lazy\" decoding=\"async\" class=\"alignnone size-full wp-image-52187\" src=\"https:\/\/vocesparalelas.com.ar\/sitio\/wp-content\/uploads\/2022\/09\/JXC-SAN-JUAN-05.jpg\" alt=\"\" width=\"800\" height=\"504\" srcset=\"https:\/\/vocesparalelas.com.ar\/sitio\/wp-content\/uploads\/2022\/09\/JXC-SAN-JUAN-05.jpg 800w, https:\/\/vocesparalelas.com.ar\/sitio\/wp-content\/uploads\/2022\/09\/JXC-SAN-JUAN-05-300x189.jpg 300w, https:\/\/vocesparalelas.com.ar\/sitio\/wp-content\/uploads\/2022\/09\/JXC-SAN-JUAN-05-768x484.jpg 768w\" sizes=\"auto, (max-width: 800px) 100vw, 800px\" \/><\/p>\n<p>Su visita finaliz\u00f3 en el espacio de Juntos por el Cambio de Avda. Ignacio De La Roza y Ameghino.<\/p>\n<p>Publicado el S\u00e1bado, 03 de Septiembre de 2022<\/p>\n","protected":false},"excerpt":{"rendered":"<p>Con una agenda muy ajustada, el Jueves, 01 de Septiembre, lleg\u00f3 a San Juan el Economista Horacio Rodr\u00edguez Larreta. Primero<\/p>\n","protected":false},"author":3,"featured_media":52182,"comment_status":"closed","ping_status":"closed","sticky":false,"template":"","format":"video","meta":{"_acf_changed":false,"_seopress_robots_primary_cat":"none","_seopress_titles_title":"","_seopress_titles_desc":"","_seopress_robots_index":"","colormag_page_container_layout":"default_layout","colormag_page_sidebar_layout":"default_layout","footnotes":""},"categories":[1,7],"tags":[],"class_list":["post-52169","post","type-post","status-publish","format-video","has-post-thumbnail","hentry","category-destacadas","category-videos","post_format-post-format-video"],"acf":[],"_links":{"self":[{"href":"https:\/\/vocesparalelas.com.ar\/sitio\/wp-json\/wp\/v2\/posts\/52169","targetHints":{"allow":["GET"]}}],"collection":[{"href":"https:\/\/vocesparalelas.com.ar\/sitio\/wp-json\/wp\/v2\/posts"}],"about":[{"href":"https:\/\/vocesparalelas.com.ar\/sitio\/wp-json\/wp\/v2\/types\/post"}],"author":[{"embeddable":true,"href":"https:\/\/vocesparalelas.com.ar\/sitio\/wp-json\/wp\/v2\/users\/3"}],"replies":[{"embeddable":true,"href":"https:\/\/vocesparalelas.com.ar\/sitio\/wp-json\/wp\/v2\/comments?post=52169"}],"version-history":[{"count":3,"href":"https:\/\/vocesparalelas.com.ar\/sitio\/wp-json\/wp\/v2\/posts\/52169\/revisions"}],"predecessor-version":[{"id":52195,"href":"https:\/\/vocesparalelas.com.ar\/sitio\/wp-json\/wp\/v2\/posts\/52169\/revisions\/52195"}],"wp:featuredmedia":[{"embeddable":true,"href":"https:\/\/vocesparalelas.com.ar\/sitio\/wp-json\/wp\/v2\/media\/52182"}],"wp:attachment":[{"href":"https:\/\/vocesparalelas.com.ar\/sitio\/wp-json\/wp\/v2\/media?parent=52169"}],"wp:term":[{"taxonomy":"category","embeddable":true,"href":"https:\/\/vocesparalelas.com.ar\/sitio\/wp-json\/wp\/v2\/categories?post=52169"},{"taxonomy":"post_tag","embeddable":true,"href":"https:\/\/vocesparalelas.com.ar\/sitio\/wp-json\/wp\/v2\/tags?post=52169"}],"curies":[{"name":"wp","href":"https:\/\/api.w.org\/{rel}","templated":true}]}}