{"id":52162,"date":"2022-09-02T22:22:28","date_gmt":"2022-09-03T01:22:28","guid":{"rendered":"https:\/\/vocesparalelas.com.ar\/sitio\/?p=52162"},"modified":"2022-09-02T22:52:49","modified_gmt":"2022-09-03T01:52:49","slug":"se-aprobo-por-unanimidad-el-procedimiento-de-regularizacion-de-la-planta-nodocente-de-la-unsj","status":"publish","type":"post","link":"https:\/\/vocesparalelas.com.ar\/sitio\/se-aprobo-por-unanimidad-el-procedimiento-de-regularizacion-de-la-planta-nodocente-de-la-unsj\/","title":{"rendered":"Se aprob\u00f3 por unanimidad el \u201cProcedimiento de regularizaci\u00f3n de la planta Nodocente\u201d de la UNSJ"},"content":{"rendered":"<p>En la sesi\u00f3n del Consejo Superior del primer d\u00eda de Septiembre de 2022, la Universidad Nacional de San Juan aprob\u00f3 de manera un\u00e1nime el \u201cProcedimiento de regularizaci\u00f3n de la planta Nodocente\u201d.<\/p>\n<p>Esto significa que el personal de la UNSJ que se encontraba con Asignaciones Transitorias de Funciones de mayor responsabilidad, en situaci\u00f3n de subrogancias de categor\u00edas, -el cual representa la mitad del total de las personas trabajadoras nodocentes-, podr\u00e1 acceder a realizar el tr\u00e1mite para efectivizar su cargo.<\/p>\n<p>Luego de la aprobaci\u00f3n hubo encendidos aplausos de una multitud de personal Nodocente presente en el Edificio Central de esta Universidad. Fue cuando el rector de la UNSJ, Ing. Tadeo Berenguer, expres\u00f3 que \u00abun paso m\u00e1s para la normalizaci\u00f3n de esta Universidad\u201d.<\/p>\n<p>El 24 de agosto pasado se hab\u00edan reunido los miembros integrantes de la Comisi\u00f3n Negociadora Nodocente de Nivel Particular, tanto por la UNSJ como por la Asociaci\u00f3n Personal de la Universidad Nacional de San Juan &#8211; APUNSJ.<\/p>\n<p>En ese c\u00f3nclave, la Comisi\u00f3n concluy\u00f3 el tratamiento del tema regularizaci\u00f3n de la planta Nodocente. Para ello, ya hab\u00eda existido mandato del Consejo Superior de la UNSJ.<\/p>\n<p>De esta manera, el Consejo Superior en la sesi\u00f3n del jueves aprob\u00f3 que \u201clas asignaciones transitorias de funciones de mayor responsabilidad correspondientes a cargos de vacancia definitiva de la planta de personal Nodocente de la UNSJ y las vacancias que se originen a partir de la aplicaci\u00f3n de la presente norma, otorgadas mediante Resoluci\u00f3n de autoridad competente conforme lo dispuesto en el art\u00edculo 12\u00ba de la Ordenanza N\u00ba 22\/2013-CS y modificatorias,\u00a0vigentes al 23 de mayo de 2022, quedan comprendidas en el presente Procedimiento de Regularizaci\u00f3n, que tiene por finalidad normalizar la plata de cargos y la situaci\u00f3n de revista de los agentes\u201d, dice el Art. 1 del dictamen aprobado.<\/p>\n<p>\u201cEse Art\u00edculo 1 es el que fija la fecha de corte en el 23 de mayo para la Regularizaci\u00f3n de las Asignaciones Transitorias.\u00a0Esa fecha est\u00e1 basada en la fecha en que se firm\u00f3 la primera Acta que planteaba discutir este tema. Se tom\u00f3 esta fecha de corte el 23 de mayo para aquellas Asignaciones que ya estuvieran con resoluci\u00f3n. Y para aquellas que, en el \u00ednterin, hubiera salido la resoluci\u00f3n con posterioridad al 23 de mayo, pasar\u00e1n a consideraci\u00f3n de la Paritaria a Nivel Particular\u201d, explic\u00f3 Ricardo Coca, secretario Administrativo Financiero de la UNSJ.<\/p>\n<p>El Art\u00edculo 2 menciona que el personal Nodocente alcanzado por ese Art\u00edculo primero deber\u00e1\u00a0expresar su voluntad de participaci\u00f3n, completando el punto I del Formulario \u201cSolicitud de incorporaci\u00f3n al Procedimiento de regularizaci\u00f3n. Ese Formulario debe presentarse dentro de los quince (15) d\u00edas corridos en el Departamento Mesa de Entradas, Salidas y Archivo de Rectorado, \u201ccontados a partir de la fecha de emisi\u00f3n de la presente Resoluci\u00f3n, recibiendo el solicitante un ejemplar debidamente sellado con acuse de recibo\u201d, detalla el texto de la UNSJ.<\/p>\n<p><span style=\"color: #339966;\"><strong>Para acceder al Formulario<\/strong><\/span><\/p>\n<p><a href=\"http:\/\/www.unsj.edu.ar\/descargas\/administracion\/guiaTramites\/solicitudRegularizacionPAU.pdf\">http:\/\/www.unsj.edu.ar\/descargas\/administracion\/guiaTramites\/solicitudRegularizacionPAU.pdf<\/a><\/p>\n<p>Entre otros temas, el Consejo Superior tambi\u00e9n resolvi\u00f3 crear una Comisi\u00f3n Ad Hoc que se encargar\u00e1 de\u00a0trabajar para crear un r\u00e9gimen para estudiantes trabajadores y trabajadoras con familiares a cargo.<\/p>\n<p>En el inicio de la sesi\u00f3n, hubo un minuto de silencio y palabras de congoja y reconocimiento a Graciela Vallecillo, Daniel Arias y Enrique Pintos, docentes de la UNSJ que fallecieron recientemente.<\/p>\n<p>Publicado el Viernes, 02 de Septiembre de 2022<\/p>\n","protected":false},"excerpt":{"rendered":"<p>En la sesi\u00f3n del Consejo Superior del primer d\u00eda de Septiembre de 2022, la Universidad Nacional de San Juan aprob\u00f3<\/p>\n","protected":false},"author":3,"featured_media":52165,"comment_status":"closed","ping_status":"closed","sticky":false,"template":"","format":"standard","meta":{"_acf_changed":false,"_seopress_robots_primary_cat":"none","_seopress_titles_title":"","_seopress_titles_desc":"","_seopress_robots_index":"","colormag_page_container_layout":"default_layout","colormag_page_sidebar_layout":"default_layout","footnotes":""},"categories":[1],"tags":[],"class_list":["post-52162","post","type-post","status-publish","format-standard","has-post-thumbnail","hentry","category-destacadas"],"acf":[],"_links":{"self":[{"href":"https:\/\/vocesparalelas.com.ar\/sitio\/wp-json\/wp\/v2\/posts\/52162","targetHints":{"allow":["GET"]}}],"collection":[{"href":"https:\/\/vocesparalelas.com.ar\/sitio\/wp-json\/wp\/v2\/posts"}],"about":[{"href":"https:\/\/vocesparalelas.com.ar\/sitio\/wp-json\/wp\/v2\/types\/post"}],"author":[{"embeddable":true,"href":"https:\/\/vocesparalelas.com.ar\/sitio\/wp-json\/wp\/v2\/users\/3"}],"replies":[{"embeddable":true,"href":"https:\/\/vocesparalelas.com.ar\/sitio\/wp-json\/wp\/v2\/comments?post=52162"}],"version-history":[{"count":3,"href":"https:\/\/vocesparalelas.com.ar\/sitio\/wp-json\/wp\/v2\/posts\/52162\/revisions"}],"predecessor-version":[{"id":52168,"href":"https:\/\/vocesparalelas.com.ar\/sitio\/wp-json\/wp\/v2\/posts\/52162\/revisions\/52168"}],"wp:featuredmedia":[{"embeddable":true,"href":"https:\/\/vocesparalelas.com.ar\/sitio\/wp-json\/wp\/v2\/media\/52165"}],"wp:attachment":[{"href":"https:\/\/vocesparalelas.com.ar\/sitio\/wp-json\/wp\/v2\/media?parent=52162"}],"wp:term":[{"taxonomy":"category","embeddable":true,"href":"https:\/\/vocesparalelas.com.ar\/sitio\/wp-json\/wp\/v2\/categories?post=52162"},{"taxonomy":"post_tag","embeddable":true,"href":"https:\/\/vocesparalelas.com.ar\/sitio\/wp-json\/wp\/v2\/tags?post=52162"}],"curies":[{"name":"wp","href":"https:\/\/api.w.org\/{rel}","templated":true}]}}