{"id":52156,"date":"2022-09-02T13:49:25","date_gmt":"2022-09-02T16:49:25","guid":{"rendered":"https:\/\/vocesparalelas.com.ar\/sitio\/?p=52156"},"modified":"2022-09-02T13:57:06","modified_gmt":"2022-09-02T16:57:06","slug":"una-reunion-del-gabinete-del-gobierno-de-san-juan-a-favor-de-la-democracia-y-la-vida","status":"publish","type":"post","link":"https:\/\/vocesparalelas.com.ar\/sitio\/una-reunion-del-gabinete-del-gobierno-de-san-juan-a-favor-de-la-democracia-y-la-vida\/","title":{"rendered":"Una reuni\u00f3n del gabinete del Gobierno de San Juan \u00abA favor de la democracia y la vida\u00bb"},"content":{"rendered":"<div class=\"itemFullText\">\n<p>Durante la ma\u00f1ana del Viernes, 02 de Septiembre, el gobernador de San Juan, Dr. Sergio U\u00f1ac desarroll\u00f3 una reuni\u00f3n de Gabinete en virtud de resguardar la paz social y la baja conflictividad, tras el atentado que sufri\u00f3 la vicepresidenta Cristina Fern\u00e1ndez, en la puerta de su casa en la noche del jueves.<\/p>\n<p>El mandatario provincial inst\u00f3 a los dirigentes pol\u00edticos y a la sociedad en general a reflexionar porque \u00abhoy m\u00e1s que nunca tenemos la obligaci\u00f3n y la responsabilidad de defender la paz social de los sanjuaninos. Debemos cuidar la democracia que tanto les cost\u00f3 a los argentinos\u00bb.<\/p>\n<p>En ese sentido, solicit\u00f3 a los funcionarios que conforman el equipo de Gobierno que \u00abhoy, como todos los d\u00edas est\u00e9n trabajando a disposici\u00f3n de cada uno de los sanjuaninos\u00bb.<\/p>\n<p>Luego se refiri\u00f3 a las manifestaciones autoconvocadas previstas para este viernes, en repudio al atentado que sufri\u00f3 la vicepresidenta y pidi\u00f3 a la gente mostrar su apoyo cuidando la paz social. \u201cPropiciamos la reflexi\u00f3n por la paz social, independientemente de una marcha o no\u00bb, manifest\u00f3.<\/p>\n<p>El mandatario destac\u00f3 la importancia del di\u00e1logo y el consenso como ejes para fortalecer la democracia y pidi\u00f3 que se respeten las distintas instituciones que est\u00e1n trabajando.<\/p>\n<p>Para finalizar, sostuvo que \u00abde ninguna manera podemos avalar que el atentando a la vida, cualquiera sea, es el camino\u00bb, y agreg\u00f3 que \u00absiempre hemos fomentado los caminos del di\u00e1logo y el consenso como la \u00fanica forma de gobernar, debemos continuar por ese camino\u00bb.<\/p>\n<p>Participaron del encuentro en Casa de Gobierno el vicegobernador CPN Roberto Gattoni y los ministros de Gobierno, Dr. Alberto Hensel; de Salud P\u00fablica, Dra. Alejandra Venerando; de Desarrollo Humano y Promoci\u00f3n Social, Prof. Fabian Aballay; de Educaci\u00f3n, Prof. Cecilia Trincado Moncho; de Hacienda y Finanzas, CPN Marisa L\u00f3pez; de Miner\u00eda, Ing. Carlos Astudillo; de Obras y Servicios P\u00fablicos, Ing. Julio Ortiz Andino; de Producci\u00f3n y Desarrollo Econ\u00f3mico, Ing. Ariel Lucero; de Turismo y Cultura, Lic. Claudia Grynszpan; secretarios General de la Gobernaci\u00f3n, CPN Juan Flores; de Estado de Ambiente y Desarrollo Sustentable, Francisco Guevara; de Seguridad y Orden P\u00fablico, Dr. Carlos Munisaga; de Ciencia, Tecnolog\u00eda e Innovaci\u00f3n, Ing. Marita Benavente; el subsecretario de la Unidad Gobernaci\u00f3n, Luis Rueda, el asesor Letrado de Gobierno, Dr. Carlos Lorenzo; diputado provincial, Juan Carlos Abarca.<\/p>\n<p>Finalizada la reuni\u00f3n de Gabinete, el gobernador emiti\u00f3 el siguiente comunicado:<\/p>\n<p><span style=\"color: #339966;\"><strong>\u00abA favor de la democracia y la vida\u00bb<\/strong><\/span><\/p>\n<p>El grave atentado perpetrado contra la vida de la se\u00f1ora vicepresidenta de la Naci\u00f3n, Cristina Fern\u00e1ndez de Kirchner, nos obliga a reflexionar a todos los dirigentes pol\u00edticos y a toda la sociedad argentina.<\/p>\n<p>Despu\u00e9s de la conmoci\u00f3n del primer impacto de la noticia tenemos que ser capaces de dimensionar este hecho en toda su complejidad y hacerlo como seres humanos.<\/p>\n<p>Esto fue tambi\u00e9n un atentado a la democracia que tanto nos ha costado sostener a los argentinos.<\/p>\n<p>Reitero mi repudio al atentando y a la propagaci\u00f3n de los discursos de odio que nos lastiman como sociedad. Y repito que de ninguna manera podemos avalar que la violencia y el atentando a la vida, cualquiera sea, pueda ser el camino.<\/p>\n<p>En San Juan siempre hemos fomentado los caminos del di\u00e1logo y el consenso como la \u00fanica forma de gobernar; y como gobernador tengo la obligaci\u00f3n de razonar priorizando la seguridad de los sanjuaninos.<\/p>\n<p>Hoy m\u00e1s que nunca tenemos la obligaci\u00f3n y la responsabilidad de defender la paz social de la provincia.<\/p>\n<p>Hoy m\u00e1s que nunca es nuestro deber sostener la democracia, el di\u00e1logo y los consensos.<\/p>\n<p>Instamos a cada uno de los l\u00edderes de partidos pol\u00edticos y de las organizaciones de la sociedad civil y cada ciudadano y ciudadana que defiendan y cuiden la vida, la democracia, las instituciones y la paz social.<\/p>\n<p>Cuidemos lo que tanto los cost\u00f3 conseguir a todos.<\/p>\n<p><img loading=\"lazy\" decoding=\"async\" class=\"alignnone size-large wp-image-52150 aligncenter\" src=\"https:\/\/vocesparalelas.com.ar\/sitio\/wp-content\/uploads\/2022\/09\/GSJ-REPUDIO-566x800.jpg\" alt=\"\" width=\"566\" height=\"800\" srcset=\"https:\/\/vocesparalelas.com.ar\/sitio\/wp-content\/uploads\/2022\/09\/GSJ-REPUDIO-566x800.jpg 566w, https:\/\/vocesparalelas.com.ar\/sitio\/wp-content\/uploads\/2022\/09\/GSJ-REPUDIO-212x300.jpg 212w, https:\/\/vocesparalelas.com.ar\/sitio\/wp-content\/uploads\/2022\/09\/GSJ-REPUDIO.jpg 724w\" sizes=\"auto, (max-width: 566px) 100vw, 566px\" \/><\/p>\n<\/div>\n<div class=\"clr\">Publicado el Viernes, 02 de Septiembre de 2022<\/div>\n","protected":false},"excerpt":{"rendered":"<p>Durante la ma\u00f1ana del Viernes, 02 de Septiembre, el gobernador de San Juan, Dr. Sergio U\u00f1ac desarroll\u00f3 una reuni\u00f3n de<\/p>\n","protected":false},"author":3,"featured_media":52158,"comment_status":"closed","ping_status":"closed","sticky":false,"template":"","format":"standard","meta":{"_acf_changed":false,"_seopress_robots_primary_cat":"none","_seopress_titles_title":"","_seopress_titles_desc":"","_seopress_robots_index":"","colormag_page_container_layout":"default_layout","colormag_page_sidebar_layout":"default_layout","footnotes":""},"categories":[1],"tags":[],"class_list":["post-52156","post","type-post","status-publish","format-standard","has-post-thumbnail","hentry","category-destacadas"],"acf":[],"_links":{"self":[{"href":"https:\/\/vocesparalelas.com.ar\/sitio\/wp-json\/wp\/v2\/posts\/52156","targetHints":{"allow":["GET"]}}],"collection":[{"href":"https:\/\/vocesparalelas.com.ar\/sitio\/wp-json\/wp\/v2\/posts"}],"about":[{"href":"https:\/\/vocesparalelas.com.ar\/sitio\/wp-json\/wp\/v2\/types\/post"}],"author":[{"embeddable":true,"href":"https:\/\/vocesparalelas.com.ar\/sitio\/wp-json\/wp\/v2\/users\/3"}],"replies":[{"embeddable":true,"href":"https:\/\/vocesparalelas.com.ar\/sitio\/wp-json\/wp\/v2\/comments?post=52156"}],"version-history":[{"count":3,"href":"https:\/\/vocesparalelas.com.ar\/sitio\/wp-json\/wp\/v2\/posts\/52156\/revisions"}],"predecessor-version":[{"id":52161,"href":"https:\/\/vocesparalelas.com.ar\/sitio\/wp-json\/wp\/v2\/posts\/52156\/revisions\/52161"}],"wp:featuredmedia":[{"embeddable":true,"href":"https:\/\/vocesparalelas.com.ar\/sitio\/wp-json\/wp\/v2\/media\/52158"}],"wp:attachment":[{"href":"https:\/\/vocesparalelas.com.ar\/sitio\/wp-json\/wp\/v2\/media?parent=52156"}],"wp:term":[{"taxonomy":"category","embeddable":true,"href":"https:\/\/vocesparalelas.com.ar\/sitio\/wp-json\/wp\/v2\/categories?post=52156"},{"taxonomy":"post_tag","embeddable":true,"href":"https:\/\/vocesparalelas.com.ar\/sitio\/wp-json\/wp\/v2\/tags?post=52156"}],"curies":[{"name":"wp","href":"https:\/\/api.w.org\/{rel}","templated":true}]}}