{"id":52153,"date":"2022-09-02T13:06:11","date_gmt":"2022-09-02T16:06:11","guid":{"rendered":"https:\/\/vocesparalelas.com.ar\/sitio\/?p=52153"},"modified":"2022-09-02T13:38:09","modified_gmt":"2022-09-02T16:38:09","slug":"un-dia-de-reflexion-acerca-de-la-importancia-de-la-democracia-desde-la-unsj","status":"publish","type":"post","link":"https:\/\/vocesparalelas.com.ar\/sitio\/un-dia-de-reflexion-acerca-de-la-importancia-de-la-democracia-desde-la-unsj\/","title":{"rendered":"Un d\u00eda de reflexi\u00f3n acerca de la importancia de la democracia desde la UNSJ"},"content":{"rendered":"<p>Un d\u00eda de Reflexi\u00f3n<\/p>\n<p>Ante un hecho tan grave para las instituciones y la ciudadan\u00eda, es urgente reflexionar acerca de la importancia de la democracia, que concebimos como una permanente construcci\u00f3n colectiva.<\/p>\n<p>Quienes formamos parte de la Universidad P\u00fablica, tenemos la responsabilidad ineludible de defender los valores democr\u00e1ticos y promover la paz social.<\/p>\n<p>A casi 40 a\u00f1os del regreso de la democracia en la Argentina, entendemos que lo sucedido no se trata de un hecho aislado sino que es consecuencia de discursos de odio persistentes, que se materializan en diversas expresiones y pr\u00e1cticas que contribuyen al clima de violencia que se vive en nuestro pa\u00eds.<\/p>\n<p>Repudiamos una vez m\u00e1s el atentado a la vicepresidenta de la Naci\u00f3n e invitamos a la comunidad universitaria a hacer un an\u00e1lisis profundo de los hechos, que forma parte de nuestra responsabilidad como instituci\u00f3n p\u00fablica.<\/p>\n<p>Desde la Universidad Nacional de San Juan reafirmamos nuestro compromiso con la construcci\u00f3n de una sociedad m\u00e1s justa y respetuosa para todos y todas.<\/p>\n<p style=\"text-align: right;\">San Juan, 2 de septiembre de 2022<\/p>\n<p><img loading=\"lazy\" decoding=\"async\" class=\"alignnone size-full wp-image-37900\" src=\"https:\/\/vocesparalelas.com.ar\/sitio\/wp-content\/uploads\/2021\/05\/UNSJ-LOGOTIPO-01.jpg\" alt=\"\" width=\"800\" height=\"533\" srcset=\"https:\/\/vocesparalelas.com.ar\/sitio\/wp-content\/uploads\/2021\/05\/UNSJ-LOGOTIPO-01.jpg 800w, https:\/\/vocesparalelas.com.ar\/sitio\/wp-content\/uploads\/2021\/05\/UNSJ-LOGOTIPO-01-300x200.jpg 300w, https:\/\/vocesparalelas.com.ar\/sitio\/wp-content\/uploads\/2021\/05\/UNSJ-LOGOTIPO-01-768x512.jpg 768w\" sizes=\"auto, (max-width: 800px) 100vw, 800px\" \/><\/p>\n<p>Publicado el Viernes, 02 de Septiembre de 2022<\/p>\n","protected":false},"excerpt":{"rendered":"<p>Un d\u00eda de Reflexi\u00f3n Ante un hecho tan grave para las instituciones y la ciudadan\u00eda, es urgente reflexionar acerca de<\/p>\n","protected":false},"author":3,"featured_media":43958,"comment_status":"closed","ping_status":"closed","sticky":false,"template":"","format":"standard","meta":{"_acf_changed":false,"_seopress_robots_primary_cat":"none","_seopress_titles_title":"","_seopress_titles_desc":"","_seopress_robots_index":"","colormag_page_container_layout":"default_layout","colormag_page_sidebar_layout":"default_layout","footnotes":""},"categories":[1],"tags":[],"class_list":["post-52153","post","type-post","status-publish","format-standard","has-post-thumbnail","hentry","category-destacadas"],"acf":[],"_links":{"self":[{"href":"https:\/\/vocesparalelas.com.ar\/sitio\/wp-json\/wp\/v2\/posts\/52153","targetHints":{"allow":["GET"]}}],"collection":[{"href":"https:\/\/vocesparalelas.com.ar\/sitio\/wp-json\/wp\/v2\/posts"}],"about":[{"href":"https:\/\/vocesparalelas.com.ar\/sitio\/wp-json\/wp\/v2\/types\/post"}],"author":[{"embeddable":true,"href":"https:\/\/vocesparalelas.com.ar\/sitio\/wp-json\/wp\/v2\/users\/3"}],"replies":[{"embeddable":true,"href":"https:\/\/vocesparalelas.com.ar\/sitio\/wp-json\/wp\/v2\/comments?post=52153"}],"version-history":[{"count":1,"href":"https:\/\/vocesparalelas.com.ar\/sitio\/wp-json\/wp\/v2\/posts\/52153\/revisions"}],"predecessor-version":[{"id":52155,"href":"https:\/\/vocesparalelas.com.ar\/sitio\/wp-json\/wp\/v2\/posts\/52153\/revisions\/52155"}],"wp:featuredmedia":[{"embeddable":true,"href":"https:\/\/vocesparalelas.com.ar\/sitio\/wp-json\/wp\/v2\/media\/43958"}],"wp:attachment":[{"href":"https:\/\/vocesparalelas.com.ar\/sitio\/wp-json\/wp\/v2\/media?parent=52153"}],"wp:term":[{"taxonomy":"category","embeddable":true,"href":"https:\/\/vocesparalelas.com.ar\/sitio\/wp-json\/wp\/v2\/categories?post=52153"},{"taxonomy":"post_tag","embeddable":true,"href":"https:\/\/vocesparalelas.com.ar\/sitio\/wp-json\/wp\/v2\/tags?post=52153"}],"curies":[{"name":"wp","href":"https:\/\/api.w.org\/{rel}","templated":true}]}}