{"id":52144,"date":"2022-09-01T23:30:28","date_gmt":"2022-09-02T02:30:28","guid":{"rendered":"https:\/\/vocesparalelas.com.ar\/sitio\/?p=52144"},"modified":"2022-09-02T01:43:00","modified_gmt":"2022-09-02T04:43:00","slug":"las-actividades-laborales-son-acordes-al-regimen-de-dia-feriado-en-la-unsj","status":"publish","type":"post","link":"https:\/\/vocesparalelas.com.ar\/sitio\/las-actividades-laborales-son-acordes-al-regimen-de-dia-feriado-en-la-unsj\/","title":{"rendered":"Las actividades laborales son acordes al r\u00e9gimen de d\u00eda feriado en la UNSJ"},"content":{"rendered":"<p>La Universidad Nacional de San Juan informa que el Viernes, 2 de Septiembre, a ra\u00edz de los acontecimientos de p\u00fablico conocimiento, las actividades laborales son acordes al r\u00e9gimen de d\u00eda feriado, tal como lo anuncio el Presidente de la Naci\u00f3n.<\/p>\n<p>Publicado el Jueves, 01 de Septiembre de 2022<\/p>\n","protected":false},"excerpt":{"rendered":"<p>La Universidad Nacional de San Juan informa que el Viernes, 2 de Septiembre, a ra\u00edz de los acontecimientos de p\u00fablico<\/p>\n","protected":false},"author":3,"featured_media":37900,"comment_status":"closed","ping_status":"closed","sticky":false,"template":"","format":"standard","meta":{"_acf_changed":false,"_seopress_robots_primary_cat":"none","_seopress_titles_title":"","_seopress_titles_desc":"","_seopress_robots_index":"","colormag_page_container_layout":"default_layout","colormag_page_sidebar_layout":"default_layout","footnotes":""},"categories":[1],"tags":[],"class_list":["post-52144","post","type-post","status-publish","format-standard","has-post-thumbnail","hentry","category-destacadas"],"acf":[],"_links":{"self":[{"href":"https:\/\/vocesparalelas.com.ar\/sitio\/wp-json\/wp\/v2\/posts\/52144","targetHints":{"allow":["GET"]}}],"collection":[{"href":"https:\/\/vocesparalelas.com.ar\/sitio\/wp-json\/wp\/v2\/posts"}],"about":[{"href":"https:\/\/vocesparalelas.com.ar\/sitio\/wp-json\/wp\/v2\/types\/post"}],"author":[{"embeddable":true,"href":"https:\/\/vocesparalelas.com.ar\/sitio\/wp-json\/wp\/v2\/users\/3"}],"replies":[{"embeddable":true,"href":"https:\/\/vocesparalelas.com.ar\/sitio\/wp-json\/wp\/v2\/comments?post=52144"}],"version-history":[{"count":1,"href":"https:\/\/vocesparalelas.com.ar\/sitio\/wp-json\/wp\/v2\/posts\/52144\/revisions"}],"predecessor-version":[{"id":52146,"href":"https:\/\/vocesparalelas.com.ar\/sitio\/wp-json\/wp\/v2\/posts\/52144\/revisions\/52146"}],"wp:featuredmedia":[{"embeddable":true,"href":"https:\/\/vocesparalelas.com.ar\/sitio\/wp-json\/wp\/v2\/media\/37900"}],"wp:attachment":[{"href":"https:\/\/vocesparalelas.com.ar\/sitio\/wp-json\/wp\/v2\/media?parent=52144"}],"wp:term":[{"taxonomy":"category","embeddable":true,"href":"https:\/\/vocesparalelas.com.ar\/sitio\/wp-json\/wp\/v2\/categories?post=52144"},{"taxonomy":"post_tag","embeddable":true,"href":"https:\/\/vocesparalelas.com.ar\/sitio\/wp-json\/wp\/v2\/tags?post=52144"}],"curies":[{"name":"wp","href":"https:\/\/api.w.org\/{rel}","templated":true}]}}