{"id":52139,"date":"2022-09-01T23:00:26","date_gmt":"2022-09-02T02:00:26","guid":{"rendered":"https:\/\/vocesparalelas.com.ar\/sitio\/?p=52139"},"modified":"2022-09-02T00:55:48","modified_gmt":"2022-09-02T03:55:48","slug":"udap-repudia-energicamente-el-intento-de-magnicidio-contra-la-vicepresidenta-de-la-nacion-argentina","status":"publish","type":"post","link":"https:\/\/vocesparalelas.com.ar\/sitio\/udap-repudia-energicamente-el-intento-de-magnicidio-contra-la-vicepresidenta-de-la-nacion-argentina\/","title":{"rendered":"UDAP repudia en\u00e9rgicamente el intento de magnicidio contra la Vicepresidenta de la Naci\u00f3n Argentina"},"content":{"rendered":"<p>Junto con ratificar nuestras convicciones democr\u00e1ticas, humanas y amorosas, ante este tr\u00e1gico evento vivido; en el marco de un caldo de cultivo que los personeros del odio hist\u00f3rico en nuestra Patria vienen fomentando aceleradamente, exigimos que los responsables pol\u00edticos de esta carrera d\u00edscola por ver quien es el mas \u00abduro\u00bb; se llamen a sosiego y pongan calma a sus turbados esp\u00edritus envenenados.<\/p>\n<p>Decir \u00abson ellos o nosotros\u00bb; y cuanta barrabasada m\u00e1s que venimos escuchando desde el lado de estos Profetas del Odio, no puede terminar en acciones de paz, sino en este tipo de locura.<\/p>\n<p>Que otra cosa se pod\u00eda esperar, luego de las bolsas mortuorias, las horcas, el pedido de fusilamiento o la pena de muerte.<\/p>\n<p>Exhortamos a la Derecha recalcitrante que juega a ver quien es m\u00e1s bravo, que sepa ponerse un punto y aparte; invit\u00e1ndola a que en el juego de la democracia se dedique a practicar la tolerancia, el respeto por el otro que puede pensar distinto. En definitiva, que entienda que no existen \u00abellos o nosotros\u00bb, sino argentinos, todos compatriotas, que queremos vivir en paz.<\/p>\n<p>&nbsp;<\/p>\n<p style=\"text-align: right;\">San Juan, 01 de Septiembre de 2022<\/p>\n<p style=\"text-align: right;\">Secretariado Ejecutivo<\/p>\n<p style=\"text-align: right;\">Luis Lucero Secretario General<\/p>\n","protected":false},"excerpt":{"rendered":"<p>Junto con ratificar nuestras convicciones democr\u00e1ticas, humanas y amorosas, ante este tr\u00e1gico evento vivido; en el marco de un caldo<\/p>\n","protected":false},"author":3,"featured_media":27001,"comment_status":"closed","ping_status":"closed","sticky":false,"template":"","format":"standard","meta":{"_acf_changed":false,"_seopress_robots_primary_cat":"none","_seopress_titles_title":"","_seopress_titles_desc":"","_seopress_robots_index":"","colormag_page_container_layout":"default_layout","colormag_page_sidebar_layout":"default_layout","footnotes":""},"categories":[1],"tags":[],"class_list":["post-52139","post","type-post","status-publish","format-standard","has-post-thumbnail","hentry","category-destacadas"],"acf":[],"_links":{"self":[{"href":"https:\/\/vocesparalelas.com.ar\/sitio\/wp-json\/wp\/v2\/posts\/52139","targetHints":{"allow":["GET"]}}],"collection":[{"href":"https:\/\/vocesparalelas.com.ar\/sitio\/wp-json\/wp\/v2\/posts"}],"about":[{"href":"https:\/\/vocesparalelas.com.ar\/sitio\/wp-json\/wp\/v2\/types\/post"}],"author":[{"embeddable":true,"href":"https:\/\/vocesparalelas.com.ar\/sitio\/wp-json\/wp\/v2\/users\/3"}],"replies":[{"embeddable":true,"href":"https:\/\/vocesparalelas.com.ar\/sitio\/wp-json\/wp\/v2\/comments?post=52139"}],"version-history":[{"count":1,"href":"https:\/\/vocesparalelas.com.ar\/sitio\/wp-json\/wp\/v2\/posts\/52139\/revisions"}],"predecessor-version":[{"id":52141,"href":"https:\/\/vocesparalelas.com.ar\/sitio\/wp-json\/wp\/v2\/posts\/52139\/revisions\/52141"}],"wp:featuredmedia":[{"embeddable":true,"href":"https:\/\/vocesparalelas.com.ar\/sitio\/wp-json\/wp\/v2\/media\/27001"}],"wp:attachment":[{"href":"https:\/\/vocesparalelas.com.ar\/sitio\/wp-json\/wp\/v2\/media?parent=52139"}],"wp:term":[{"taxonomy":"category","embeddable":true,"href":"https:\/\/vocesparalelas.com.ar\/sitio\/wp-json\/wp\/v2\/categories?post=52139"},{"taxonomy":"post_tag","embeddable":true,"href":"https:\/\/vocesparalelas.com.ar\/sitio\/wp-json\/wp\/v2\/tags?post=52139"}],"curies":[{"name":"wp","href":"https:\/\/api.w.org\/{rel}","templated":true}]}}