{"id":52119,"date":"2022-09-01T23:08:51","date_gmt":"2022-09-02T02:08:51","guid":{"rendered":"https:\/\/vocesparalelas.com.ar\/sitio\/?p=52119"},"modified":"2022-09-02T00:09:54","modified_gmt":"2022-09-02T03:09:54","slug":"energico-repudio-ante-el-atentado-que-sufrio-esta-noche-la-vicepresidenta-de-la-nacion-de-la-unsj","status":"publish","type":"post","link":"https:\/\/vocesparalelas.com.ar\/sitio\/energico-repudio-ante-el-atentado-que-sufrio-esta-noche-la-vicepresidenta-de-la-nacion-de-la-unsj\/","title":{"rendered":"En\u00e9rgico repudio ante el atentado que sufri\u00f3 est\u00e1 noche la vicepresidenta de la Naci\u00f3n de la UNSJ"},"content":{"rendered":"<p>Las autoridades de la UNSJ expresan su m\u00e1s en\u00e9rgico repudio ante el atentado que sufri\u00f3 est\u00e1 noche la vicepresidenta de la Naci\u00f3n.<\/p>\n<p>El hecho tiene un car\u00e1cter de extrema gravedad para la vida institucional de nuestro pa\u00eds y requiere de un inmediato esclarecimiento.<\/p>\n<p>Repudiar las expresiones de odio y violencia y preservar la paz es imperativo para el desarrollo de una Naci\u00f3n.<\/p>\n<p>Instamos a todos los estamentos de la sociedad argentina a cuidar la democracia.<\/p>\n<p><img loading=\"lazy\" decoding=\"async\" class=\"alignnone size-full wp-image-37900\" src=\"https:\/\/vocesparalelas.com.ar\/sitio\/wp-content\/uploads\/2021\/05\/UNSJ-LOGOTIPO-01.jpg\" alt=\"\" width=\"800\" height=\"533\" srcset=\"https:\/\/vocesparalelas.com.ar\/sitio\/wp-content\/uploads\/2021\/05\/UNSJ-LOGOTIPO-01.jpg 800w, https:\/\/vocesparalelas.com.ar\/sitio\/wp-content\/uploads\/2021\/05\/UNSJ-LOGOTIPO-01-300x200.jpg 300w, https:\/\/vocesparalelas.com.ar\/sitio\/wp-content\/uploads\/2021\/05\/UNSJ-LOGOTIPO-01-768x512.jpg 768w\" sizes=\"auto, (max-width: 800px) 100vw, 800px\" \/><\/p>\n<p>Publicado el Jueves, 01 de Septiembre de 2022<\/p>\n","protected":false},"excerpt":{"rendered":"<p>Las autoridades de la UNSJ expresan su m\u00e1s en\u00e9rgico repudio ante el atentado que sufri\u00f3 est\u00e1 noche la vicepresidenta de<\/p>\n","protected":false},"author":3,"featured_media":43958,"comment_status":"closed","ping_status":"closed","sticky":false,"template":"","format":"standard","meta":{"_acf_changed":false,"_seopress_robots_primary_cat":"none","_seopress_titles_title":"","_seopress_titles_desc":"","_seopress_robots_index":"","colormag_page_container_layout":"default_layout","colormag_page_sidebar_layout":"default_layout","footnotes":""},"categories":[1],"tags":[],"class_list":["post-52119","post","type-post","status-publish","format-standard","has-post-thumbnail","hentry","category-destacadas"],"acf":[],"_links":{"self":[{"href":"https:\/\/vocesparalelas.com.ar\/sitio\/wp-json\/wp\/v2\/posts\/52119","targetHints":{"allow":["GET"]}}],"collection":[{"href":"https:\/\/vocesparalelas.com.ar\/sitio\/wp-json\/wp\/v2\/posts"}],"about":[{"href":"https:\/\/vocesparalelas.com.ar\/sitio\/wp-json\/wp\/v2\/types\/post"}],"author":[{"embeddable":true,"href":"https:\/\/vocesparalelas.com.ar\/sitio\/wp-json\/wp\/v2\/users\/3"}],"replies":[{"embeddable":true,"href":"https:\/\/vocesparalelas.com.ar\/sitio\/wp-json\/wp\/v2\/comments?post=52119"}],"version-history":[{"count":2,"href":"https:\/\/vocesparalelas.com.ar\/sitio\/wp-json\/wp\/v2\/posts\/52119\/revisions"}],"predecessor-version":[{"id":52122,"href":"https:\/\/vocesparalelas.com.ar\/sitio\/wp-json\/wp\/v2\/posts\/52119\/revisions\/52122"}],"wp:featuredmedia":[{"embeddable":true,"href":"https:\/\/vocesparalelas.com.ar\/sitio\/wp-json\/wp\/v2\/media\/43958"}],"wp:attachment":[{"href":"https:\/\/vocesparalelas.com.ar\/sitio\/wp-json\/wp\/v2\/media?parent=52119"}],"wp:term":[{"taxonomy":"category","embeddable":true,"href":"https:\/\/vocesparalelas.com.ar\/sitio\/wp-json\/wp\/v2\/categories?post=52119"},{"taxonomy":"post_tag","embeddable":true,"href":"https:\/\/vocesparalelas.com.ar\/sitio\/wp-json\/wp\/v2\/tags?post=52119"}],"curies":[{"name":"wp","href":"https:\/\/api.w.org\/{rel}","templated":true}]}}