{"id":52090,"date":"2022-08-31T23:00:06","date_gmt":"2022-09-01T02:00:06","guid":{"rendered":"https:\/\/vocesparalelas.com.ar\/sitio\/?p=52090"},"modified":"2022-09-04T21:13:23","modified_gmt":"2022-09-05T00:13:23","slug":"visita-del-dr-daniel-del-cogliano-a-la-casa-de-sarmiento-de-san-juan","status":"publish","type":"post","link":"https:\/\/vocesparalelas.com.ar\/sitio\/visita-del-dr-daniel-del-cogliano-a-la-casa-de-sarmiento-de-san-juan\/","title":{"rendered":"Visita del Dr. Daniel Del Cogliano a la Casa de Sarmiento de San Juan"},"content":{"rendered":"<p>El Mi\u00e9rcoles, 31 de Agosto, el Museo y Biblioteca de la Casa Natal de Sarmiento recibi\u00f3 la visita del Dr. Daniel Del Cogliano, profesor de la Facultad de Ciencias Astron\u00f3micas y Geof\u00edsicas &#8211; FCAG &#8211; y de la Facultad de Ingenier\u00eda de la Universidad Nacional de La Plata.<\/p>\n<p>El motivo fundamental fue convocado por el equipo de investigaci\u00f3n del Instituto Regional de Planeamiento y H\u00e1bitat &#8211; IRPHa &#8211; de la FAUD- UNSJ-CONICET, en el marco del proyecto sobre el \u00abEstudio interdisciplinario para la conservaci\u00f3n integral del Museo y Biblioteca Casa Natal de Domingo Faustino Sarmiento\u00bb.<\/p>\n<p>La visita cont\u00f3 con la presencia del Decano de la FAUD de la UNSJ, Arq. Guillermo Velasco, la Secretaria investigaci\u00f3n y creaci\u00f3n de la FAUD de la UNSJ, Mgter. Arq. Amelia Scognamillo, la Secretaria del SECITI del Gobierno de San Juan, Ing. Marita Benavente, la Secretaria de Cultura, Prof. Virginia Agote, la Directora de la Casa de Sarmiento, D.I. Silvina V\u00e1squez\u00a0 y el equipo de Investigaci\u00f3n Arq. Ana Pochi, Arq. Eliana Testa, Arq. Natalia Mart\u00ednez, Arq. Ricardo G\u00f3mez y Lic. Emilia Erostarbe, Arq. Natalia Suarez, Arq. Aida Oviedo, DI Miriam P\u00e9rez, Arq. Pablo Pe\u00f1a, Dra. Ana Igareta, Dr. Federico Lince, Ing. Gemma Acosta y Arq. Cristina Aballay.<\/p>\n<p><img loading=\"lazy\" decoding=\"async\" class=\"alignnone size-full wp-image-52094\" src=\"https:\/\/vocesparalelas.com.ar\/sitio\/wp-content\/uploads\/2022\/09\/FAUD-SARMIENTO-03.jpg\" alt=\"\" width=\"800\" height=\"533\" srcset=\"https:\/\/vocesparalelas.com.ar\/sitio\/wp-content\/uploads\/2022\/09\/FAUD-SARMIENTO-03.jpg 800w, https:\/\/vocesparalelas.com.ar\/sitio\/wp-content\/uploads\/2022\/09\/FAUD-SARMIENTO-03-300x200.jpg 300w, https:\/\/vocesparalelas.com.ar\/sitio\/wp-content\/uploads\/2022\/09\/FAUD-SARMIENTO-03-768x512.jpg 768w\" sizes=\"auto, (max-width: 800px) 100vw, 800px\" \/><\/p>\n<p>Voces Paralelas entrevist\u00f3 al Decano de la FAUD de la UNSJ, Arq. Guillermo Velasco, quien describi\u00f3 el motivo de la visita Dr. Daniel Del Cogliano a la Casa de Sarmiento y el trabajo que se le ha encomendado.<\/p>\n<p><iframe loading=\"lazy\" title=\"FAUD UNSJ ARQ GUILLERMO VELASCO\" width=\"800\" height=\"450\" src=\"https:\/\/www.youtube.com\/embed\/2m_TkpI7uEg?feature=oembed\" frameborder=\"0\" allow=\"accelerometer; autoplay; clipboard-write; encrypted-media; gyroscope; picture-in-picture\" allowfullscreen><\/iframe><\/p>\n<p>Posteriormente, entrevist\u00f3 al Dr. Daniel Del Cogliano, quien explic\u00f3 el trabajo que realizar\u00e1 en la Casa de Sarmiento.<\/p>\n<p><iframe loading=\"lazy\" title=\"FAUD UNSJ DR DANIEL\" width=\"800\" height=\"450\" src=\"https:\/\/www.youtube.com\/embed\/NEO4aG2Zo8U?feature=oembed\" frameborder=\"0\" allow=\"accelerometer; autoplay; clipboard-write; encrypted-media; gyroscope; picture-in-picture\" allowfullscreen><\/iframe><\/p>\n<p>Finalmente, entrevist\u00f3 a la Secretaria del SECITI del Gobierno de San Juan, Ing. Marita Benavente, quien puntualiz\u00f3 la importancia de apoyar los trabajos de investigaci\u00f3n m\u00e1s cuando se trata de la casa de Sarmiento que tiene un sentimiento hist\u00f3rico para la Provincia de San Juan.<\/p>\n<p><iframe loading=\"lazy\" title=\"FAUD SECITI ING MARITA BENAVENTE\" width=\"800\" height=\"450\" src=\"https:\/\/www.youtube.com\/embed\/3ZhyHMyTNkk?feature=oembed\" frameborder=\"0\" allow=\"accelerometer; autoplay; clipboard-write; encrypted-media; gyroscope; picture-in-picture\" allowfullscreen><\/iframe><\/p>\n<p>En la sala principal de la Casa Hist\u00f3rica se desarroll\u00f3 una reuni\u00f3n entre los convocados para organizar la tarea a realizar por el Dr. Daniel Del Cogliano y el equipo de investigaci\u00f3n del Instituto Regional de Planeamiento y H\u00e1bitat &#8211; IRPHa &#8211; de la FAUD- UNSJ-CONICET.<\/p>\n<p><img loading=\"lazy\" decoding=\"async\" class=\"alignnone size-full wp-image-52093\" src=\"https:\/\/vocesparalelas.com.ar\/sitio\/wp-content\/uploads\/2022\/09\/FAUD-SARMIENTO-02.jpg\" alt=\"\" width=\"800\" height=\"533\" srcset=\"https:\/\/vocesparalelas.com.ar\/sitio\/wp-content\/uploads\/2022\/09\/FAUD-SARMIENTO-02.jpg 800w, https:\/\/vocesparalelas.com.ar\/sitio\/wp-content\/uploads\/2022\/09\/FAUD-SARMIENTO-02-300x200.jpg 300w, https:\/\/vocesparalelas.com.ar\/sitio\/wp-content\/uploads\/2022\/09\/FAUD-SARMIENTO-02-768x512.jpg 768w\" sizes=\"auto, (max-width: 800px) 100vw, 800px\" \/><\/p>\n<p>La casa de Sarmiento se colm\u00f3 de grupos de alumnos de distintas escuelas de San Juan que visitan la historia.<\/p>\n<p><img loading=\"lazy\" decoding=\"async\" class=\"alignnone size-full wp-image-52095\" src=\"https:\/\/vocesparalelas.com.ar\/sitio\/wp-content\/uploads\/2022\/09\/FAUD-SARMIENTO-04.jpg\" alt=\"\" width=\"800\" height=\"533\" srcset=\"https:\/\/vocesparalelas.com.ar\/sitio\/wp-content\/uploads\/2022\/09\/FAUD-SARMIENTO-04.jpg 800w, https:\/\/vocesparalelas.com.ar\/sitio\/wp-content\/uploads\/2022\/09\/FAUD-SARMIENTO-04-300x200.jpg 300w, https:\/\/vocesparalelas.com.ar\/sitio\/wp-content\/uploads\/2022\/09\/FAUD-SARMIENTO-04-768x512.jpg 768w\" sizes=\"auto, (max-width: 800px) 100vw, 800px\" \/><\/p>\n<p>Publicado el Mi\u00e9rcoles, 31 de Agosto de 2022<\/p>\n","protected":false},"excerpt":{"rendered":"<p>El Mi\u00e9rcoles, 31 de Agosto, el Museo y Biblioteca de la Casa Natal de Sarmiento recibi\u00f3 la visita del Dr.<\/p>\n","protected":false},"author":3,"featured_media":52092,"comment_status":"closed","ping_status":"closed","sticky":false,"template":"","format":"video","meta":{"_acf_changed":false,"_seopress_robots_primary_cat":"none","_seopress_titles_title":"","_seopress_titles_desc":"","_seopress_robots_index":"","colormag_page_container_layout":"default_layout","colormag_page_sidebar_layout":"default_layout","footnotes":""},"categories":[10,7],"tags":[],"class_list":["post-52090","post","type-post","status-publish","format-video","has-post-thumbnail","hentry","category-opiniones","category-videos","post_format-post-format-video"],"acf":[],"_links":{"self":[{"href":"https:\/\/vocesparalelas.com.ar\/sitio\/wp-json\/wp\/v2\/posts\/52090","targetHints":{"allow":["GET"]}}],"collection":[{"href":"https:\/\/vocesparalelas.com.ar\/sitio\/wp-json\/wp\/v2\/posts"}],"about":[{"href":"https:\/\/vocesparalelas.com.ar\/sitio\/wp-json\/wp\/v2\/types\/post"}],"author":[{"embeddable":true,"href":"https:\/\/vocesparalelas.com.ar\/sitio\/wp-json\/wp\/v2\/users\/3"}],"replies":[{"embeddable":true,"href":"https:\/\/vocesparalelas.com.ar\/sitio\/wp-json\/wp\/v2\/comments?post=52090"}],"version-history":[{"count":2,"href":"https:\/\/vocesparalelas.com.ar\/sitio\/wp-json\/wp\/v2\/posts\/52090\/revisions"}],"predecessor-version":[{"id":52104,"href":"https:\/\/vocesparalelas.com.ar\/sitio\/wp-json\/wp\/v2\/posts\/52090\/revisions\/52104"}],"wp:featuredmedia":[{"embeddable":true,"href":"https:\/\/vocesparalelas.com.ar\/sitio\/wp-json\/wp\/v2\/media\/52092"}],"wp:attachment":[{"href":"https:\/\/vocesparalelas.com.ar\/sitio\/wp-json\/wp\/v2\/media?parent=52090"}],"wp:term":[{"taxonomy":"category","embeddable":true,"href":"https:\/\/vocesparalelas.com.ar\/sitio\/wp-json\/wp\/v2\/categories?post=52090"},{"taxonomy":"post_tag","embeddable":true,"href":"https:\/\/vocesparalelas.com.ar\/sitio\/wp-json\/wp\/v2\/tags?post=52090"}],"curies":[{"name":"wp","href":"https:\/\/api.w.org\/{rel}","templated":true}]}}