{"id":52086,"date":"2022-08-31T21:35:57","date_gmt":"2022-09-01T00:35:57","guid":{"rendered":"https:\/\/vocesparalelas.com.ar\/sitio\/?p=52086"},"modified":"2022-09-01T00:36:16","modified_gmt":"2022-09-01T03:36:16","slug":"se-otorgo-la-mencion-de-honor-maestro-mario-perez-al-artista-plastico-arturo-sierra","status":"publish","type":"post","link":"https:\/\/vocesparalelas.com.ar\/sitio\/se-otorgo-la-mencion-de-honor-maestro-mario-perez-al-artista-plastico-arturo-sierra\/","title":{"rendered":"Se otorg\u00f3 la \u201cMenci\u00f3n de Honor Maestro Mario P\u00e9rez\u201d al artista pl\u00e1stico Arturo Sierra"},"content":{"rendered":"<div class=\"itemFullText jbintrotext\">\n<p>En el marco del cumplimiento de la\u00a0Ley N\u00ba 1984-P, la C\u00e1mara de Diputados de San Juan otorg\u00f3 la \u201cMenci\u00f3n de Honor Maestro Mario P\u00e9rez\u201d al artista pl\u00e1stico, Arturo Sierra. El acto, llevado a cabo en el recinto de sesiones, estuvo encabezado por el vicegobernador Roberto Gattoni, quien estuvo acompa\u00f1ado por los secretarios Legislativo, Nicol\u00e1s Alvo y Administrativo, Roberto Iglesias.<\/p>\n<\/div>\n<div class=\"itemFullText\">\n<p>Tambi\u00e9n participaron los diputados Federico Hensel, Horacio Quiroga, Rub\u00e9n Carri\u00f3n, Carlos Platero, Rodolfo Jalife, Mario Romero, Jorge Barifusa, Gustavo Rodr\u00edguez, Jos\u00e9 Luis Esteve, Gast\u00f3n Berenguer, Miguel N\u00fa\u00f1ez y las legisladoras Florencia Pe\u00f1aloza, Marcela Monti, Fernanda Paredes. Adem\u00e1s, asistieron familiares del distinguido, artistas postulados, invitados especiales y los miembros del jurado integrado por Mariela Limerutti, Humberto Costa, Eduardo Tejada, Fabiana Zito y Leonardo Siere.<\/p>\n<p>En primer lugar, fue realizada la entrega de los diplomas de honor al jurado que tuvo la tarea de emitir el dictamen de elecci\u00f3n entre las postulaciones efectuadas por las instituciones acad\u00e9micas, legisladores y agrupaciones art\u00edsticas.<\/p>\n<p>Despu\u00e9s, lleg\u00f3 el gran momento del reconocimiento al m\u00e9rito, trayectoria y compromiso en su labor art\u00edstica de Arturo Sierra. La distinci\u00f3n, de acuerdo con lo establecido en el art\u00edculo tercero de la Ley antes mencionada, consisti\u00f3 en un Diploma de Honor y la exposici\u00f3n al p\u00fablico de sus trabajos en el Museo de Bellas Artes Franklin Rawson.<\/p>\n<p>En la oportunidad, el artista expres\u00f3 su agradecimiento al titular del Poder Legislativo, a los diputados, miembros del jurado, instituciones art\u00edsticas por esta menci\u00f3n. Seguidamente agreg\u00f3 \u201cquiero felicitar y agradecer al gobierno y la C\u00e1mara de Diputados por haber dado curso a este premio y reconocimiento a los artistas, necesitamos de estos mimos para el alma, de este afecto y valoraci\u00f3n que esto refleja. Muchos artistas excelentes nunca alcanzan el reconocimiento de sus propios pueblos\u201d.<\/p>\n<p>\u201cEste premio hace honor a un gran artista como fue Mario P\u00e9rez y que dej\u00f3 a la provincia muy bien posicionada en el \u00e1mbito internacional. Con Mario y Eduardo Esquivel fuimos compa\u00f1eros los cinco a\u00f1os de facultad, nos hicimos muy compinches y compartimos muchas horas de pintura, de mates, reflexiones, filosofando y estudiando tanto a los artistas cl\u00e1sicos como los de vanguardia. Tambi\u00e9n mand\u00e1bamos obras a concursos de arte de todo el pa\u00eds, compartiendo el gasto de los fletes obtuvimos innumerables premios y menciones. Los tres fuimos contratados por Galer\u00eda Praxis de Buenos Aires y obtuvimos excelentes cr\u00edticas de los m\u00e1s destacados cr\u00edticos a nivel nacional e internacional. Espero que este premio se siga otorgando cada a\u00f1o, porque hay muchos artistas que al d\u00eda de hoy son merecedores de esta distinci\u00f3n\u201d, sostuvo Arturo Sierra.<\/p>\n<p>A su turno, el vicegobernador felicit\u00f3 a Arturo Sierra. Luego, hizo un breve repaso de las diferentes actividades de vinculaci\u00f3n cultural que lleva a cabo la C\u00e1mara de Diputados en extensi\u00f3n hacia la comunidad. Entre ellos destac\u00f3 las entrevistas grabadas que realizan a los artistas visuales, quienes explican c\u00f3mo es el universo creativo de cada uno de ellos para que la sociedad los conozca m\u00e1s. Cabe se\u00f1alar que sus obras est\u00e1n expuestas en todos los pisos del edificio anexo de la Legislatura.<\/p>\n<p>\u201cEs nuestra intenci\u00f3n, desde la C\u00e1mara de Diputados, acompa\u00f1ar al Poder Ejecutivo en esta fuerte pol\u00edtica que es la de poner en valor el trabajo de los artistas locales, promoviendo, difundiendo cada una de sus obras. Nos sentimos muy satisfechos de estar al lado del gobernador U\u00f1ac y el equipo que tiene en Cultura, contribuyendo a que nuestra identidad y nuestra cultura sea conocida por todos, no solo en la provincia, sino en todos los lugares del mundo\u201d, manifest\u00f3 el titular del Poder Legislativo.<\/p>\n<p><span style=\"color: #800080;\"><strong>S\u00edntesis sobre el compromiso de Arturo Sierra en su labor art\u00edstica<\/strong><\/span><\/p>\n<p>En 1983 comenz\u00f3 a desarrollar en forma intuitiva el Dientropismo. En 2006 lo prosigui\u00f3 en forma consciente. El dientropismo es un nuevo lenguaje pl\u00e1stico que desarrolla nuevas posibilidades en el discurso pict\u00f3rico, generando el quiebre f\u00edsico en la unidad de la obra, en dos, tres o m\u00e1s partes y desarticulando su sintaxis interna mediante los recursos de desfasaje, superposiciones, desplazamientos, duplicaciones, ausencia de partes, curvaturas y torsiones espaciales, intromisiones intertextuales, polisemia, citas m\u00faltiples de obras de arte ic\u00f3nicas. Estos quiebres f\u00edsicos permiten un rearmado interactivo por parte del espectador en relaciones aleatorias de lateralidad de las partes, generando discursos m\u00faltiples de infinitas posibilidades combinatorias, desencadenando estructuras espaciales ins\u00f3litas y de imposible previsibilidad, rompiendo en el espectador su idea del mundo emp\u00edrico y desactivando sus posibilidades a priori de decodificaci\u00f3n del mundo conocido, lanz\u00e1ndolo a una nueva experiencia perceptual ins\u00f3lita, ampliando de esta manera su idea del mundo posible a niveles insospechados. Adem\u00e1s, a esta obra se le puede agregar nuevas partes constitutivas pintadas o posteriori (quiz\u00e1s pintadas a\u00f1os despu\u00e9s) desencadenando nuevas estructuras en un mundo imprevisible, fuera de todo c\u00e1lculo. Este nuevo lenguaje tiene un fundamento te\u00f3rico extenso pronto a ser publicado y presentado en sociedad y se sostiene, entre otros, en la dial\u00e9ctica de Hegel, en las ense\u00f1anzas cham\u00e1nicas precolombinas, en la teor\u00eda del caos, en una nueva semiolog\u00eda transgresora experimental y en las actuales b\u00fasquedas de ruptura de las matrix culturales, transgrediendo sus pautas comunicacionales.<\/p>\n<p>Esta ser\u00eda la primera vez que un movimiento art\u00edstico con posibilidades de quedar en la historia del arte mundial, nace en San Juan &#8211; Argentina.<\/p>\n<p><span style=\"color: #800080;\"><strong>Instituciones acad\u00e9micas, legisladores y agrupaciones art\u00edsticas que realizaron postulaciones de artistas<\/strong><\/span><\/p>\n<ol>\n<li>18 Mundos Colectivo Art\u00edstico<\/li>\n<li>Centro Polivalente de Artes San Juan<\/li>\n<li>La G\u00e1rgola, Talleres Art\u00edsticos<\/li>\n<li>Asociaci\u00f3n Benefactora del MPBA\u00a0Franklin Rawson<\/li>\n<li>Latitud 31<\/li>\n<li>Colegio Central Universitario \u00abMariano Moreno\u00bb<\/li>\n<li>Alianza Francesa<\/li>\n<li>Club de Adultos Mayores &#8211;\u00a0Turismo\u00a0y Cultura Albard\u00f3n<\/li>\n<li>Instituto de Expresi\u00f3n Visual\u00a0FACSO &#8211; UNSJ<\/li>\n<li>Diputado Silvio Marcelo Atencio<\/li>\n<li>Diputado Rodolfo Jalife<\/li>\n<li>Diputada Celina Ramella<\/li>\n<li>Diputado Juan Carlos Gioja<\/li>\n<li>Diputado Carlos Antonio Platero<\/li>\n<li>Diputado Jorge Barifusa<\/li>\n<li>Diputado Eduardo Cabello<\/li>\n<\/ol>\n<p><span style=\"color: #800080;\"><strong>Artistas pl\u00e1sticos sanjuaninos postulados<\/strong><\/span><\/p>\n<ol>\n<li>Marisa Sandra Alaniz<\/li>\n<li>Roc\u00edo del Carmen \u00c1lvarez Mallea<\/li>\n<li>Mar\u00eda Jos\u00e9 Andrade<\/li>\n<li>Jamile Ampara<\/li>\n<li>Federico Arancibia Balmaceda<\/li>\n<li>H\u00e9ctor Daniel Balderramo<\/li>\n<li>Irene Leonor Benavidez<\/li>\n<li>Mariana Bernal<\/li>\n<li>Elina Mar\u00eda Borcosqui<\/li>\n<li>Daniela Brizuela<\/li>\n<li>Esteban Javier Caba\u00f1ez<\/li>\n<li>Valeria Gisselle Covarrubias<\/li>\n<li>Mauricio D\u00e1vila<\/li>\n<li>Juan Alejandro Failla<\/li>\n<li>Cecilia Victoria Flores Santos<\/li>\n<li>Berta Beatriz Garc\u00eda<\/li>\n<li>Jorge Alberto Giudici<\/li>\n<li>Iv\u00e1n Manrique<\/li>\n<li>Silvana Mart\u00ednez<\/li>\n<li>Lorena Alejandra Mena Mu\u00f1oz<\/li>\n<li>Estela Mil\u00e1n Monserrat<\/li>\n<li>Marcelo Walter Orme\u00f1o<\/li>\n<li>Gustavo Jes\u00fas P\u00e9rez Espinoza<\/li>\n<li>Daniel Quintero<\/li>\n<li>Paul Robledo Gavis<\/li>\n<li>Mirta Romero<\/li>\n<li>Rufino Severo Palomas<\/li>\n<li>Anal\u00eda Russo<\/li>\n<li>Arturo Rom\u00e1n Sierra<\/li>\n<li>Orlando Su\u00e1rez<\/li>\n<li>Eduardo Rodolfo Tejada<\/li>\n<li>Tania Ayel\u00e9n Villegas<\/li>\n<li>Teresita Zito<\/li>\n<\/ol>\n<p>Publicado el Mi\u00e9rcoles, 31 de Agosto de 2022<\/p>\n<\/div>\n","protected":false},"excerpt":{"rendered":"<p>En el marco del cumplimiento de la\u00a0Ley N\u00ba 1984-P, la C\u00e1mara de Diputados de San Juan otorg\u00f3 la \u201cMenci\u00f3n de<\/p>\n","protected":false},"author":3,"featured_media":52088,"comment_status":"closed","ping_status":"closed","sticky":false,"template":"","format":"standard","meta":{"_acf_changed":false,"_seopress_robots_primary_cat":"none","_seopress_titles_title":"","_seopress_titles_desc":"","_seopress_robots_index":"","colormag_page_container_layout":"default_layout","colormag_page_sidebar_layout":"default_layout","footnotes":""},"categories":[1],"tags":[],"class_list":["post-52086","post","type-post","status-publish","format-standard","has-post-thumbnail","hentry","category-destacadas"],"acf":[],"_links":{"self":[{"href":"https:\/\/vocesparalelas.com.ar\/sitio\/wp-json\/wp\/v2\/posts\/52086","targetHints":{"allow":["GET"]}}],"collection":[{"href":"https:\/\/vocesparalelas.com.ar\/sitio\/wp-json\/wp\/v2\/posts"}],"about":[{"href":"https:\/\/vocesparalelas.com.ar\/sitio\/wp-json\/wp\/v2\/types\/post"}],"author":[{"embeddable":true,"href":"https:\/\/vocesparalelas.com.ar\/sitio\/wp-json\/wp\/v2\/users\/3"}],"replies":[{"embeddable":true,"href":"https:\/\/vocesparalelas.com.ar\/sitio\/wp-json\/wp\/v2\/comments?post=52086"}],"version-history":[{"count":1,"href":"https:\/\/vocesparalelas.com.ar\/sitio\/wp-json\/wp\/v2\/posts\/52086\/revisions"}],"predecessor-version":[{"id":52089,"href":"https:\/\/vocesparalelas.com.ar\/sitio\/wp-json\/wp\/v2\/posts\/52086\/revisions\/52089"}],"wp:featuredmedia":[{"embeddable":true,"href":"https:\/\/vocesparalelas.com.ar\/sitio\/wp-json\/wp\/v2\/media\/52088"}],"wp:attachment":[{"href":"https:\/\/vocesparalelas.com.ar\/sitio\/wp-json\/wp\/v2\/media?parent=52086"}],"wp:term":[{"taxonomy":"category","embeddable":true,"href":"https:\/\/vocesparalelas.com.ar\/sitio\/wp-json\/wp\/v2\/categories?post=52086"},{"taxonomy":"post_tag","embeddable":true,"href":"https:\/\/vocesparalelas.com.ar\/sitio\/wp-json\/wp\/v2\/tags?post=52086"}],"curies":[{"name":"wp","href":"https:\/\/api.w.org\/{rel}","templated":true}]}}