{"id":52082,"date":"2022-08-31T20:30:53","date_gmt":"2022-08-31T23:30:53","guid":{"rendered":"https:\/\/vocesparalelas.com.ar\/sitio\/?p=52082"},"modified":"2022-09-01T00:31:10","modified_gmt":"2022-09-01T03:31:10","slug":"reunion-de-comision-ampliada-y-con-presidentes-de-bloques-legislativos-de-san-juan","status":"publish","type":"post","link":"https:\/\/vocesparalelas.com.ar\/sitio\/reunion-de-comision-ampliada-y-con-presidentes-de-bloques-legislativos-de-san-juan\/","title":{"rendered":"Reuni\u00f3n de comisi\u00f3n ampliada y con presidentes de bloques legislativos de San Juan"},"content":{"rendered":"<div class=\"itemFullText jbintrotext\">\n<p>En el marco de una reuni\u00f3n de comisi\u00f3n ampliada de Legislaci\u00f3n y Asuntos Constitucionales (LAC) y Justicia y Seguridad, llevada a cabo esta ma\u00f1ana, \u00a0los diputados y diputadas de distintos bloques legislativos, comenzaron el an\u00e1lisis de tres proyectos de Ley, que tienen como finalidad conciliar opiniones sobre el sistema electoral y el an\u00e1lisis de los proyectos de ley N\u00b0 1944,1945 y 1946.<\/p>\n<\/div>\n<div class=\"itemFullText\">\n<p>El encuentro fue cumplido en la sala de situaci\u00f3n del bloque PJ del edificio, emplazada en el segundo piso del edificio hist\u00f3rico de avenida Libertador General San Mart\u00edn y calle Las Heras y la encabezaron las titulares de las comisiones de Justicia y Seguridad, diputada Celina Ramella y de LAC, Marcela Monti, integrantes de ambas comisiones y los presidentes de distintos bloques invitados especialmente para el encuentro por solicitud del vicegobernador Roberto Gattoni.<\/p>\n<p>En tal sentido, por el bloque Justicialista asisti\u00f3 su presidente, Juan Carlos Abarca; la presidente del bloque CONFE- Somos San Juan, Florencia Pe\u00f1aloza; el titular del bloque Frente Grande- Unidad Ciudadana, Horacio Quiroga; el presidente del bloque Bloquista, Andr\u00e9s Chanampa y el titular del bloque Del Este, Marcelo Mallea.<\/p>\n<p>Adem\u00e1s, por el bloque Justicialista asistieron los diputados Marcela Monti, Fernanda Paredes, Eduardo Cabello, Juan Carlos Abarca, Jorge Barifusa, Jos\u00e9 Luis Esteve, Federico Hensel; en representaci\u00f3n del bloque Producci\u00f3n y Trabajo lo hicieron las legisladoras Nancy Pic\u00f3n y Marcela Quiroga; por el bloque Lealtad, los legisladores Graciela Seva y Leonardo Gioja y por el bloque Bloquista, el diputado Edgardo Sancassani.<\/p>\n<p>Es oportuno consignar que est\u00e1 previsto que el desarrollo de estas reuniones contin\u00fae durante la ma\u00f1ana y tarde de este jueves 1 de septiembre y el pr\u00f3ximo viernes 2 de septiembre para continuar con el estudio y an\u00e1lisis de estos temas.<\/p>\n<p>Publicado el Mi\u00e9rcoles, 31 de Agosto de 2022<\/p>\n<\/div>\n","protected":false},"excerpt":{"rendered":"<p>En el marco de una reuni\u00f3n de comisi\u00f3n ampliada de Legislaci\u00f3n y Asuntos Constitucionales (LAC) y Justicia y Seguridad, llevada<\/p>\n","protected":false},"author":3,"featured_media":52084,"comment_status":"closed","ping_status":"closed","sticky":false,"template":"","format":"standard","meta":{"_acf_changed":false,"_seopress_robots_primary_cat":"none","_seopress_titles_title":"","_seopress_titles_desc":"","_seopress_robots_index":"","colormag_page_container_layout":"default_layout","colormag_page_sidebar_layout":"default_layout","footnotes":""},"categories":[1],"tags":[],"class_list":["post-52082","post","type-post","status-publish","format-standard","has-post-thumbnail","hentry","category-destacadas"],"acf":[],"_links":{"self":[{"href":"https:\/\/vocesparalelas.com.ar\/sitio\/wp-json\/wp\/v2\/posts\/52082","targetHints":{"allow":["GET"]}}],"collection":[{"href":"https:\/\/vocesparalelas.com.ar\/sitio\/wp-json\/wp\/v2\/posts"}],"about":[{"href":"https:\/\/vocesparalelas.com.ar\/sitio\/wp-json\/wp\/v2\/types\/post"}],"author":[{"embeddable":true,"href":"https:\/\/vocesparalelas.com.ar\/sitio\/wp-json\/wp\/v2\/users\/3"}],"replies":[{"embeddable":true,"href":"https:\/\/vocesparalelas.com.ar\/sitio\/wp-json\/wp\/v2\/comments?post=52082"}],"version-history":[{"count":1,"href":"https:\/\/vocesparalelas.com.ar\/sitio\/wp-json\/wp\/v2\/posts\/52082\/revisions"}],"predecessor-version":[{"id":52085,"href":"https:\/\/vocesparalelas.com.ar\/sitio\/wp-json\/wp\/v2\/posts\/52082\/revisions\/52085"}],"wp:featuredmedia":[{"embeddable":true,"href":"https:\/\/vocesparalelas.com.ar\/sitio\/wp-json\/wp\/v2\/media\/52084"}],"wp:attachment":[{"href":"https:\/\/vocesparalelas.com.ar\/sitio\/wp-json\/wp\/v2\/media?parent=52082"}],"wp:term":[{"taxonomy":"category","embeddable":true,"href":"https:\/\/vocesparalelas.com.ar\/sitio\/wp-json\/wp\/v2\/categories?post=52082"},{"taxonomy":"post_tag","embeddable":true,"href":"https:\/\/vocesparalelas.com.ar\/sitio\/wp-json\/wp\/v2\/tags?post=52082"}],"curies":[{"name":"wp","href":"https:\/\/api.w.org\/{rel}","templated":true}]}}