{"id":52068,"date":"2022-08-30T22:10:24","date_gmt":"2022-08-31T01:10:24","guid":{"rendered":"https:\/\/vocesparalelas.com.ar\/sitio\/?p=52068"},"modified":"2022-08-31T01:10:37","modified_gmt":"2022-08-31T04:10:37","slug":"disfruta-el-xii-encuentro-internacional-argoliva-en-san-juan","status":"publish","type":"post","link":"https:\/\/vocesparalelas.com.ar\/sitio\/disfruta-el-xii-encuentro-internacional-argoliva-en-san-juan\/","title":{"rendered":"Disfruta el XII Encuentro Internacional ArgOliva en San Juan"},"content":{"rendered":"<div class=\"itemBody\">\n<div class=\"itemFullText\">\n<p>Una nueva edici\u00f3n de ArgOliva se desarrolla el Viernes, 2 al Jueves, 8 de Septiembre. Este evento internacional busca a trav\u00e9s de sus distintas actividades, fortalecer y promover el desarrollo del sector, permitiendo la participaci\u00f3n activa de los distintos actores p\u00fablicos y privados en un espacio \u00fanico de profesionalismo e intercambio de experiencias.<\/p>\n<p>Entre las actividades se destacan charlas, capacitaciones, rondas de negocios y la cena de gala y premiaci\u00f3n. En detalle, as\u00ed qued\u00f3 configurado el cronograma de ArgOliva 2022:<\/p>\n<p><span style=\"color: #99cc00;\"><strong>Viernes, 2 de Septiembre<\/strong><\/span><\/p>\n<ul>\n<li>10 horas: Acto de apertura con la participaci\u00f3n de las autoridades del comit\u00e9 organizador de ArgOliva, Sala Cerdera, Casa de Gobierno.<\/li>\n<\/ul>\n<p><span style=\"color: #99cc00;\"><strong>S\u00e1bado, 3 de Septiembre<\/strong><\/span><\/p>\n<ul>\n<li>19 horas: Expo ArgOliva. Este es un espacio de exposici\u00f3n, degustaci\u00f3n y venta de productos de empresas locales; no solo los ya destacados aceites de olivas y aceitunas, sino tambi\u00e9n vinos, dulces, conservas, frutos secos, entre muchos m\u00e1s.<\/li>\n<\/ul>\n<p>La Expo cuenta adem\u00e1s con un patio cervecero, food trucks, shows de cocina y shows de artistas locales. El Parque General Belgrano ser\u00e1 el punto de encuentro para disfrutar de esta fiesta.<\/p>\n<p><span style=\"color: #99cc00;\"><strong>Domingo, 4 de Septiembre<\/strong><\/span><\/p>\n<ul>\n<li>19 horas: Expo ArgOliva. Este es un espacio de exposici\u00f3n, degustaci\u00f3n y venta de productos de empresas locales; no solo los ya destacados aceites de olivas y aceitunas, sino tambi\u00e9n vinos, dulces, conservas, frutos secos, entre muchos m\u00e1s.<\/li>\n<\/ul>\n<p>La Expo cuenta adem\u00e1s con un patio cervecero, food trucks, shows de cocina y shows de artistas locales. El Parque General Belgrano ser\u00e1 el punto de encuentro para disfrutar de esta fiesta.<\/p>\n<p><span style=\"color: #99cc00;\"><strong>Lunes, 5 de Septiembre<\/strong><\/span><\/p>\n<p>9:30 horas: Capacitaciones, Sala Emar Acosta, Anexo de la Legislatura<\/p>\n<ul>\n<li>\u201cEfectos de la temperatura elevada durante el crecimiento del fruto sobre el uso del agua, la producci\u00f3n de biomasa, el rendimiento y la calidad del aceite en olivo\u201d. Dra. ing. Mar\u00eda Cecilia Rousseaux.<\/li>\n<li>\u201cEconom\u00eda y sustentabilidad de los sistemas agr\u00edcolas de producci\u00f3n, en base a la utilizaci\u00f3n de biofertilizante s\u00f3lidos y l\u00edquidos obtenidos mediante el biocompostaje de residuos agroindustriales\u201d. Ing. Horacio Fern\u00e1ndez M\u00e9ndez.<\/li>\n<li>\u201cHacia la sustentabilidad del olivar. agua, insumos y tecnolog\u00edas disponibles\u201d. Ing. msc. Mauro Enrico Uberto.<\/li>\n<li>\u201cimpacto en la econom\u00eda regional de la producci\u00f3n oliv\u00edcola en el departamento arauco ocasionado por el complejo de las enfermedades que la afectan\u201d. Lic. Bittar Salim Issam.<\/li>\n<\/ul>\n<p><span style=\"color: #99cc00;\"><strong>Martes 6 de septiembre<\/strong><\/span><\/p>\n<p>9:30 horas: Capacitaciones, Estaci\u00f3n Experimental INTA San Juan \u2013 Calle 11 y Vidart.<\/p>\n<ul>\n<li>\u201cAlternativas para el aprovechamiento de alperujo. enmienda de suelo, combustible s\u00f3lido, compostaje y recuperaci\u00f3n de compuestos bioactivos\u201d. Dr. Pablo Monetta.<\/li>\n<li>\u201cAlternativas de diversificaci\u00f3n productiva con la incorporaci\u00f3n de ganader\u00eda ovina, integrada a sistemas oliv\u00edcolas en la provincia de San Juan\u201d. Mgtr. Ing. Agr. Edgar \u00c1vila.<\/li>\n<li>\u201cEstrategias de riego deficitario en olivo c\u00f3mo herramienta para enfrentar la megasequ\u00cda en San Juan\u201d. Dr. Ing Agr. Pierluigi Pierantozzi.<\/li>\n<li>\u201cLos recursos gen\u00e9ticos del olivo son claves para enfrentar los nuevos desaf\u00edos de la olivicultura\u201d. Dra. Mariela Torres.<\/li>\n<\/ul>\n<p>Visita a campo:<\/p>\n<ul>\n<li>Recursos gen\u00e9ticos y mejoramiento en olivo<\/li>\n<li>Extensi\u00f3n oliv\u00edcola \u2013 cambio rural<\/li>\n<li>Cambio clim\u00e1tico en olivo<\/li>\n<li>Zonificaci\u00f3n oliv\u00edcola<\/li>\n<li>Mecanizaci\u00f3n de la cosecha en aceitunas de mesa<\/li>\n<li>Riego deficitario en olivo<\/li>\n<li>Agroindustria oliv\u00edcola<\/li>\n<li>Subproductos del olivar<\/li>\n<\/ul>\n<p><span style=\"color: #99cc00;\"><strong>Mi\u00e9rcoles, 7 de Septiembre<\/strong><\/span><\/p>\n<ul>\n<li>10 horas: Ronda de Negocios, Sal\u00f3n Cruce de los Andes, Centro C\u00edvico.<\/li>\n<\/ul>\n<p><span style=\"color: #99cc00;\"><strong>Jueves, 8 de Septiembre<\/strong><\/span><\/p>\n<ul>\n<li>9 horas: Ronda de Negocios, Sal\u00f3n Cruce de los Andes, Centro C\u00edvico<\/li>\n<li>20 horas: Gala de clausura y entrega de premios, Sal\u00f3n Los Morrillos.<\/li>\n<\/ul>\n<p>Cabe recordar que ArgOliva es organizado por el Ministerio de Producci\u00f3n y Desarrollo Econ\u00f3mico, a trav\u00e9s de la Secretar\u00eda de Pol\u00edtica Econ\u00f3mica y la Direcci\u00f3n de Comercio Exterior, en conjunto con el Consejo Federal de Inversiones, la Universidad Cat\u00f3lica de Cuyo, la C\u00e1mara Oliv\u00edcola de San Juan y el Instituto Nacional de Tecnolog\u00eda Agropecuaria.<\/p>\n<\/div>\n<div class=\"itemContentFooter\">\n<p><span class=\"itemDateModified\">Publicado el Martes, 30 de Agosto de 2022\u00a0<\/span><\/p>\n<div class=\"clr\"><\/div>\n<\/div>\n<div class=\"clr\"><\/div>\n<\/div>\n<div class=\"itemSocialSharing\"><\/div>\n<div class=\"itemLinks\">\n<div class=\"itemTagsBlock\">\n<p>&nbsp;<\/p>\n<\/div>\n<\/div>\n","protected":false},"excerpt":{"rendered":"<p>Una nueva edici\u00f3n de ArgOliva se desarrolla el Viernes, 2 al Jueves, 8 de Septiembre. Este evento internacional busca a<\/p>\n","protected":false},"author":3,"featured_media":41273,"comment_status":"closed","ping_status":"closed","sticky":false,"template":"","format":"standard","meta":{"_acf_changed":false,"_seopress_robots_primary_cat":"none","_seopress_titles_title":"","_seopress_titles_desc":"","_seopress_robots_index":"","colormag_page_container_layout":"default_layout","colormag_page_sidebar_layout":"default_layout","footnotes":""},"categories":[1],"tags":[],"class_list":["post-52068","post","type-post","status-publish","format-standard","has-post-thumbnail","hentry","category-destacadas"],"acf":[],"_links":{"self":[{"href":"https:\/\/vocesparalelas.com.ar\/sitio\/wp-json\/wp\/v2\/posts\/52068","targetHints":{"allow":["GET"]}}],"collection":[{"href":"https:\/\/vocesparalelas.com.ar\/sitio\/wp-json\/wp\/v2\/posts"}],"about":[{"href":"https:\/\/vocesparalelas.com.ar\/sitio\/wp-json\/wp\/v2\/types\/post"}],"author":[{"embeddable":true,"href":"https:\/\/vocesparalelas.com.ar\/sitio\/wp-json\/wp\/v2\/users\/3"}],"replies":[{"embeddable":true,"href":"https:\/\/vocesparalelas.com.ar\/sitio\/wp-json\/wp\/v2\/comments?post=52068"}],"version-history":[{"count":2,"href":"https:\/\/vocesparalelas.com.ar\/sitio\/wp-json\/wp\/v2\/posts\/52068\/revisions"}],"predecessor-version":[{"id":52071,"href":"https:\/\/vocesparalelas.com.ar\/sitio\/wp-json\/wp\/v2\/posts\/52068\/revisions\/52071"}],"wp:featuredmedia":[{"embeddable":true,"href":"https:\/\/vocesparalelas.com.ar\/sitio\/wp-json\/wp\/v2\/media\/41273"}],"wp:attachment":[{"href":"https:\/\/vocesparalelas.com.ar\/sitio\/wp-json\/wp\/v2\/media?parent=52068"}],"wp:term":[{"taxonomy":"category","embeddable":true,"href":"https:\/\/vocesparalelas.com.ar\/sitio\/wp-json\/wp\/v2\/categories?post=52068"},{"taxonomy":"post_tag","embeddable":true,"href":"https:\/\/vocesparalelas.com.ar\/sitio\/wp-json\/wp\/v2\/tags?post=52068"}],"curies":[{"name":"wp","href":"https:\/\/api.w.org\/{rel}","templated":true}]}}