{"id":52050,"date":"2022-08-30T21:31:35","date_gmt":"2022-08-31T00:31:35","guid":{"rendered":"https:\/\/vocesparalelas.com.ar\/sitio\/?p=52050"},"modified":"2022-08-30T21:32:25","modified_gmt":"2022-08-31T00:32:25","slug":"se-entregaron-certificados-de-buenas-practicas-archivisticas-en-san-juan","status":"publish","type":"post","link":"https:\/\/vocesparalelas.com.ar\/sitio\/se-entregaron-certificados-de-buenas-practicas-archivisticas-en-san-juan\/","title":{"rendered":"Se entregaron certificados de buenas pr\u00e1cticas archiv\u00edsticas en San Juan"},"content":{"rendered":"<div class=\"itemFullText\">\n<p>El Ministerio de Gobierno de San Juan, a trav\u00e9s del Archivo General de la Provincia, certific\u00f3 en buenas pr\u00e1cticas archiv\u00edsticas, en un acto del que particip\u00f3 el ministro de Gobierno, Dr. Alberto Hensel, al personal del Ministerio de Obras y Servicios P\u00fablicos y del Ministerio de Desarrollo Humano.<\/p>\n<p>El jefe de la cartera de Gobierno, Dr. Alberto Hensel, felicit\u00f3 a las personas que accedieron a capacitarse por el \u00abcompromiso puesto de manifiesto\u00bb.<\/p>\n<p>\u00abEsta es una forma de ayudarnos a cumplir con este objetivo que nos hemos fijado todos los sanjuaninos y es que San Juan sea una provincia que ya hoy es un ejemplo en el marco de la reconstrucci\u00f3n de los hechos hist\u00f3ricos de los procesos institucionales y de la aplicaci\u00f3n de las pol\u00edticas p\u00fablicas que se transforman en pol\u00edticas de Estado a medida que somos capaces de mantenerlas en el tiempo\u00bb, dijo el funcionario.<\/p>\n<p>Las jornadas de capacitaci\u00f3n apuntaron a planificar las actividades archiv\u00edsticas a nivel Municipal, proponer y desarrollar pol\u00edticas archiv\u00edsticas institucionales para alcanzar una Gesti\u00f3n Documental eficiente y optimizar la Gesti\u00f3n Documental y la Organizaci\u00f3n de Archivos dando un salto de innovaci\u00f3n y calidad en los procesos administrativos municipales.<\/p>\n<p>En este sentido, se entregaron 90 certificaciones al personal, formado por la Secretar\u00eda T\u00e9cnica del SIPAR y Archivo General de la Provincia, a cargo de la Prof. Susana Silvia Tello<\/p>\n<p><span style=\"color: #339966;\"><strong>Acerca de la capacitaci\u00f3n<\/strong><\/span><\/p>\n<p>En el marco del 2020 los archivos y los procesos de Gesti\u00f3n documental en las diferentes administraciones municipales, se enfrentaron a una situaci\u00f3n de pandemia sin mayores previsiones tecnol\u00f3gicas y de conectividad, y sin normativas precisas sobre c\u00f3mo gestionar en t\u00e9rminos archiv\u00edsticos los soportes documentales, que no dejaron de crecer en un marco de muchas situaciones nuevas.<\/p>\n<p>A dos a\u00f1os del inicio de un nuevo paradigma es imperioso dar un salto de calidad e innovaci\u00f3n. En este sentido, y considerando la Declaraci\u00f3n de la Organizaci\u00f3n de Naciones Unidas para la Educaci\u00f3n, la Ciencia y la Cultura &#8211; UNESCO &#8211; sobre la necesidad de que los sectores p\u00fablicos y privados reconozcan el valor de la Gesti\u00f3n documental y de los archivos, se reconocen tres acciones prioritarias:<\/p>\n<p>Las decisiones deben estar documentadas: Es esencial que la base de las decisiones, y las decisiones en s\u00ed mismas se encuentren completamente documentadas.<\/p>\n<p>Los registros documentales deber\u00e1n ser asegurados y preservados en todos los sectores: la existencia de pr\u00e1cticas archiv\u00edsticas adecuadas se reflejara en t\u00e9rminos de calidad, esto implica la necesidad de aplicar conceptos nuevos, dejando atr\u00e1s modelos administrativos obsoletos e inadecuados.<\/p>\n<p>La seguridad, la preservaci\u00f3n y el acceso a los documentos deben facilitarse: La incorporaci\u00f3n de pr\u00e1cticas y procesos archiv\u00edsticos garantizar\u00e1n la preservaci\u00f3n de los fondos documentales y facilitar\u00e1n su acceso.<\/p>\n<p><span style=\"color: #339966;\"><strong>Objetivos espec\u00edficos<\/strong><\/span><\/p>\n<ul>\n<li>Gestionar adecuadamente la informaci\u00f3n, garantizando un acceso a la informaci\u00f3n de calidad, para combatir las fake news en tiempos de tanta incertidumbre<\/li>\n<li>Conocer, y aplicar normas legales y procedimientos t\u00e9cnicos adecuados a la organizaci\u00f3n de los Archivos.<\/li>\n<li>Vincular la Gesti\u00f3n documental a los Archivos, superando la antigua concepci\u00f3n de \u201carchivos encerrados\u201d, \u201cespacios de castigo\u201d, o \u201carchivos dep\u00f3sito\u201d.<\/li>\n<li>Proponer una nueva Norma Legal. La tabla de Retenci\u00f3n documental aplicando la ley 279 \u201cA\u201d y el Decreto Reglamentario N\u00ba 1417.<\/li>\n<\/ul>\n<\/div>\n<div class=\"itemContentFooter\"><span class=\"itemDateModified\">Publicado el Martes, 30 de Agosto de 2022<\/span><\/div>\n","protected":false},"excerpt":{"rendered":"<p>El Ministerio de Gobierno de San Juan, a trav\u00e9s del Archivo General de la Provincia, certific\u00f3 en buenas pr\u00e1cticas archiv\u00edsticas,<\/p>\n","protected":false},"author":3,"featured_media":52052,"comment_status":"closed","ping_status":"closed","sticky":false,"template":"","format":"standard","meta":{"_acf_changed":false,"_seopress_robots_primary_cat":"none","_seopress_titles_title":"","_seopress_titles_desc":"","_seopress_robots_index":"","colormag_page_container_layout":"default_layout","colormag_page_sidebar_layout":"default_layout","footnotes":""},"categories":[1],"tags":[],"class_list":["post-52050","post","type-post","status-publish","format-standard","has-post-thumbnail","hentry","category-destacadas"],"acf":[],"_links":{"self":[{"href":"https:\/\/vocesparalelas.com.ar\/sitio\/wp-json\/wp\/v2\/posts\/52050","targetHints":{"allow":["GET"]}}],"collection":[{"href":"https:\/\/vocesparalelas.com.ar\/sitio\/wp-json\/wp\/v2\/posts"}],"about":[{"href":"https:\/\/vocesparalelas.com.ar\/sitio\/wp-json\/wp\/v2\/types\/post"}],"author":[{"embeddable":true,"href":"https:\/\/vocesparalelas.com.ar\/sitio\/wp-json\/wp\/v2\/users\/3"}],"replies":[{"embeddable":true,"href":"https:\/\/vocesparalelas.com.ar\/sitio\/wp-json\/wp\/v2\/comments?post=52050"}],"version-history":[{"count":1,"href":"https:\/\/vocesparalelas.com.ar\/sitio\/wp-json\/wp\/v2\/posts\/52050\/revisions"}],"predecessor-version":[{"id":52053,"href":"https:\/\/vocesparalelas.com.ar\/sitio\/wp-json\/wp\/v2\/posts\/52050\/revisions\/52053"}],"wp:featuredmedia":[{"embeddable":true,"href":"https:\/\/vocesparalelas.com.ar\/sitio\/wp-json\/wp\/v2\/media\/52052"}],"wp:attachment":[{"href":"https:\/\/vocesparalelas.com.ar\/sitio\/wp-json\/wp\/v2\/media?parent=52050"}],"wp:term":[{"taxonomy":"category","embeddable":true,"href":"https:\/\/vocesparalelas.com.ar\/sitio\/wp-json\/wp\/v2\/categories?post=52050"},{"taxonomy":"post_tag","embeddable":true,"href":"https:\/\/vocesparalelas.com.ar\/sitio\/wp-json\/wp\/v2\/tags?post=52050"}],"curies":[{"name":"wp","href":"https:\/\/api.w.org\/{rel}","templated":true}]}}