{"id":51943,"date":"2022-08-25T21:20:59","date_gmt":"2022-08-26T00:20:59","guid":{"rendered":"https:\/\/vocesparalelas.com.ar\/sitio\/?p=51943"},"modified":"2022-08-27T20:58:59","modified_gmt":"2022-08-27T23:58:59","slug":"el-hombre-que-perdio-su-sombra-en-el-teatro-del-bicentenario-de-san-juan","status":"publish","type":"post","link":"https:\/\/vocesparalelas.com.ar\/sitio\/el-hombre-que-perdio-su-sombra-en-el-teatro-del-bicentenario-de-san-juan\/","title":{"rendered":"\u00abEl hombre que perdi\u00f3 su sombra\u201d en el Teatro del Bicentenario de San Juan"},"content":{"rendered":"<div class=\"cuerpo-principal\">\n<div class=\"itemBody\">\n<div class=\"itemFullText\">\n<p>El\u00a0Ministerio de Turismo y Cultura, a trav\u00e9s del\u00a0Teatro del Bicentenario, estrena este s\u00e1bado 27 de agosto\u00a0\u00abEl hombre que perdi\u00f3 su sombra\u201d, una obra que el\u00a0<strong>T<\/strong>eatro Nacional Cervantes\u00a0present\u00f3 en 2018, dirigida por Eleonora Comelli y Johanna Wilhelm.<\/p>\n<p>Esta versi\u00f3n libre de la novela \u00abLa Maravillosa Historia De Peter Schlemihl\u00bb de Adelbert von Chamisso, es un espect\u00e1culo para disfrutar en familia. Diferentes lenguajes art\u00edsticos se entrecruzan, al servicio de la escena, y ofrecer as\u00ed al p\u00fablico una historia que reflexiona con magia y humor sobre la vida de un hombre que se debate entre la luz y la oscuridad.<\/p>\n<p>Pablo Seijo, Pablo Fusco, Mart\u00edn L\u00f3pez Cazolio, Gast\u00f3n S\u00e1nchez y Griselda Montanaro, contar\u00e1n la historia de Peter, un aventurero que, desesperado, acepta la extra\u00f1a propuesta del \u2018Hombre gris\u2019, de cambiar su sombra por un cofre de dinero inagotable.<\/p>\n<p>Junto con las interpretaciones en vivo de Sara Ryan y Axel Krygier en viol\u00edn y piano, tienen un papel fundamental las retroproyecciones a cargo de Johanna Wilhelm y Gisela Cukier, que ayudar\u00e1n a sumergir al p\u00fablico en un mundo de cuentos. Usando una antigua t\u00e9cnica originada en China y Jap\u00f3n, el trabajo de retroproyecci\u00f3n de esos calados de papel y siluetas es una mezcla de teatro de sombras y el silueteado franc\u00e9s del siglo XVIII.<\/p>\n<p>\u201cTodo est\u00e1 hecho calado en papel y los colores que aparecen, vienen de estas gelatinas que se usan para iluminaci\u00f3n; nosotras no vemos nada, entonces nos vamos guiando por los sonidos, por la m\u00fasica y por algunas palabras de texto y gui\u00f3n que nos dan el pie para poner nuestras ilustraciones\u201d cont\u00f3 Wilhelm sobre el trabajo que realiza en vivo junto a Cukier.<\/p>\n<p><span style=\"color: #99cc00;\">Teatro accesible<\/span><\/p>\n<p>El Hombre que perdi\u00f3 su sombra\u00a0es la primera obra accesible que presenta el Teatro del Bicentenario. Habr\u00e1 programas de mano disponibles en audio y en video con int\u00e9rprete de se\u00f1as, que se podr\u00e1n descargar usando un C\u00f3digo QR que se instalar\u00e1 en el foyer de la Sala Principal o desde la p\u00e1gina web:\u00a0<a href=\"http:\/\/www.teatrodelbicentenario.com.ar\/\" data-saferedirecturl=\"https:\/\/www.google.com\/url?q=http:\/\/www.teatrodelbicentenario.com.ar&amp;source=gmail&amp;ust=1661522459797000&amp;usg=AOvVaw1TxeLuT6pVeun9qjJ5oSII\">www.teatrodelbicentenario.com.ar<\/a>.<\/p>\n<p>La obra cuenta con audiodescriptores, sobretitulado y aro magn\u00e9tico. Adem\u00e1s, el teatro cuenta con un Plano H\u00e1ptico, o maqueta t\u00e1ctil, que permite a las personas con discapacidad visual conocer la distribuci\u00f3n del espacio en el TB. En las funciones del lunes 29, se sumar\u00e1n int\u00e9rpretes de lengua de se\u00f1as argentina en el escenario.<\/p>\n<p>Esta propuesta por el Teatro del Bicentenario tiene que ver con el inicio de un camino de inclusi\u00f3n social, de acercar el hecho art\u00edstico verdaderamente a todos los sanjuaninos.<span style=\"color: #99cc00;\">Funciones generales<\/span><\/p>\n<p>S\u00e1bado 27 y Domingo 28, a las 18 y 21 hs<\/p>\n<p>-Entradas de $600, $800, $1000, $1200.<\/p>\n<p><span style=\"color: #99cc00;\"><strong>Disponibles con los planes de descuentos exclusivos del TB:<\/strong><\/span><\/p>\n<p>&#8211; Presentando Carnet de discapacidad, el acompa\u00f1ante tiene 50% de descuento.<\/p>\n<p>-Ticket Joven (para menores de 24 a\u00f1os (ticket al 50% de su valor).<\/p>\n<p>-Plan Familia (ticket al 50% para menores de 4 a 17 a\u00f1os, comprando entrada Adulto).<\/p>\n<p>-Descuento a jubilados (20% de descuento).<\/p>\n<p>-Abono Flexible (disponible toda la temporada con grandes beneficios); tambi\u00e9n vigentes acuerdos especiales con instituciones y facilidades de pago con tarjetas.<\/p>\n<p>En Boleter\u00eda del TB de lunes a viernes, de 9:30 a 14hs, de 16 a 20hs, y los s\u00e1bados de 10 a 13:30hs. Tambi\u00e9n a trav\u00e9s de TuEntrada.com<\/p>\n<p><strong><span style=\"color: #99cc00;\">El proyecto<\/span><\/strong><\/p>\n<p>Este proyecto se enmarca en los Programas TNC Accesible y TNC Educaci\u00f3n del \u00c1rea de Gesti\u00f3n de p\u00fablicos del Teatro Nacional Cervantes, con el acompa\u00f1amiento, asesoramiento y capacitaci\u00f3n del Programa de Accesibilidad Cultural, dependiente de la Direcci\u00f3n Nacional de Innovaci\u00f3n Cultural de la Secretar\u00eda de Desarrollo Cultural de la Naci\u00f3n.<\/p>\n<p>Adem\u00e1s, cuenta con la colaboraci\u00f3n de los ministerios de Turismo y Cultura y Desarrollo Humano y Promoci\u00f3n Social de San Juan, en un trabajo en conjunto con las diferentes \u00e1reas y organismos provinciales y nacionales, reforzando as\u00ed su misi\u00f3n de ser un teatro de toda la comunidad.<\/p>\n<\/div>\n<div class=\"clr\"><\/div>\n<div class=\"itemContentFooter\">\n<p><span class=\"itemDateModified\">Publicado el Jueves, 25 de Agosto de 2022<\/span><\/p>\n<div class=\"clr\"><\/div>\n<\/div>\n<\/div>\n<div class=\"itemBackToTop\"><\/div>\n<div class=\"clr\"><\/div>\n<\/div>\n","protected":false},"excerpt":{"rendered":"<p>El\u00a0Ministerio de Turismo y Cultura, a trav\u00e9s del\u00a0Teatro del Bicentenario, estrena este s\u00e1bado 27 de agosto\u00a0\u00abEl hombre que perdi\u00f3 su<\/p>\n","protected":false},"author":3,"featured_media":51945,"comment_status":"closed","ping_status":"closed","sticky":false,"template":"","format":"standard","meta":{"_acf_changed":false,"_seopress_robots_primary_cat":"none","_seopress_titles_title":"","_seopress_titles_desc":"","_seopress_robots_index":"","colormag_page_container_layout":"default_layout","colormag_page_sidebar_layout":"default_layout","footnotes":""},"categories":[20],"tags":[],"class_list":["post-51943","post","type-post","status-publish","format-standard","has-post-thumbnail","hentry","category-cartelera"],"acf":[],"_links":{"self":[{"href":"https:\/\/vocesparalelas.com.ar\/sitio\/wp-json\/wp\/v2\/posts\/51943","targetHints":{"allow":["GET"]}}],"collection":[{"href":"https:\/\/vocesparalelas.com.ar\/sitio\/wp-json\/wp\/v2\/posts"}],"about":[{"href":"https:\/\/vocesparalelas.com.ar\/sitio\/wp-json\/wp\/v2\/types\/post"}],"author":[{"embeddable":true,"href":"https:\/\/vocesparalelas.com.ar\/sitio\/wp-json\/wp\/v2\/users\/3"}],"replies":[{"embeddable":true,"href":"https:\/\/vocesparalelas.com.ar\/sitio\/wp-json\/wp\/v2\/comments?post=51943"}],"version-history":[{"count":2,"href":"https:\/\/vocesparalelas.com.ar\/sitio\/wp-json\/wp\/v2\/posts\/51943\/revisions"}],"predecessor-version":[{"id":51947,"href":"https:\/\/vocesparalelas.com.ar\/sitio\/wp-json\/wp\/v2\/posts\/51943\/revisions\/51947"}],"wp:featuredmedia":[{"embeddable":true,"href":"https:\/\/vocesparalelas.com.ar\/sitio\/wp-json\/wp\/v2\/media\/51945"}],"wp:attachment":[{"href":"https:\/\/vocesparalelas.com.ar\/sitio\/wp-json\/wp\/v2\/media?parent=51943"}],"wp:term":[{"taxonomy":"category","embeddable":true,"href":"https:\/\/vocesparalelas.com.ar\/sitio\/wp-json\/wp\/v2\/categories?post=51943"},{"taxonomy":"post_tag","embeddable":true,"href":"https:\/\/vocesparalelas.com.ar\/sitio\/wp-json\/wp\/v2\/tags?post=51943"}],"curies":[{"name":"wp","href":"https:\/\/api.w.org\/{rel}","templated":true}]}}