{"id":51939,"date":"2022-08-25T22:14:04","date_gmt":"2022-08-26T01:14:04","guid":{"rendered":"https:\/\/vocesparalelas.com.ar\/sitio\/?p=51939"},"modified":"2022-08-27T22:45:49","modified_gmt":"2022-08-28T01:45:49","slug":"la-orquesta-sinfonica-de-san-juan-y-el-musico-eduardo-isaac-en-el-auditorio-juan-victoria","status":"publish","type":"post","link":"https:\/\/vocesparalelas.com.ar\/sitio\/la-orquesta-sinfonica-de-san-juan-y-el-musico-eduardo-isaac-en-el-auditorio-juan-victoria\/","title":{"rendered":"La Orquesta Sinf\u00f3nica de San Juan y el m\u00fasico Eduardo Isaac en el Auditorio Juan Victoria"},"content":{"rendered":"<div class=\"itemFullText\">\n<p>El Centro de Creaci\u00f3n Art\u00edstica Orquestal dependiente de la Facultad de Filosof\u00eda, Humanidades y Artes de la UNSJ junto al Ministerio de Turismo y Cultura del Gobierno de San Juan presenta un nuevo encuentro musical de lujo con la Orquesta Sinf\u00f3nica de San Juan.<\/p>\n<p>Con la direcci\u00f3n a cargo del Maestro Alfons Revert\u00e9 Casas, se interpreta la obra \u201cOld Wine in New Bottles\u201d para doble quinteto de viento del autor Gordon Jacob.<\/p>\n<p>Adem\u00e1s, la Orquesta ejecutar\u00e1 concierto de Aranjuez de Joaqu\u00edn Rodrigo, con la actuaci\u00f3n especial del solista Eduardo Isaac, un reconocido m\u00fasico y guitarrista de nivel internacional<\/p>\n<p>\u201cLa oraci\u00f3n del torero\u201d compuesto por Joaqu\u00edn Turina y el \u201cSombrero de tres picos\u201d por Manuel de Falla son otras de las piezas musicales<\/p>\n<p>La cita para disfrutar del show de la Orquesta Sinf\u00f3nica de San Juan en su temporada n\u00famero 47, el Viernes, 26 de Agosto, a las 21.30 hs.; en el Auditorio Juan Victoria, con entrada libre y gratuita.<\/p>\n<p><span style=\"color: #339966;\"><strong>Sobre Eduardo Isaac<\/strong><\/span><\/p>\n<p>Recibi\u00f3 en 1999 el premio Konex como una de las figuras destacadas en la m\u00fasica cl\u00e1sica argentina. Reconocimiento coronado con la obtenci\u00f3n del Konex de Platino 2019 al ser uno de los veinte notables de la m\u00fasica cl\u00e1sica argentina de la \u00faltima d\u00e9cada.<\/p>\n<p>Obtuvo el primer premio en concursos internacionales de importancia mundial: \u201cInfanta Cristina\u201d de Madrid; \u201cAndr\u00e9s Segovia\u201d de Palma de Mallorca; \u201cReina Fabiola\u201d de B\u00e9lgica.<\/p>\n<p>24 discos y dos videos comerciales de larga duraci\u00f3n dan cuenta de su trayecto art\u00edstico nacional e internacional. De esta enorme producci\u00f3n cabe destacar los ocho CDs a solo grabados en Bruselas para GHA Records.<\/p>\n<p>Docente en diferentes universidades argentinas, ha dado clases maestras del instrumento en 20 pa\u00edses. Su actividad concert\u00edstica lo ha llevado a la concreci\u00f3n de m\u00e1s de una centena de viajes a Europa, mientras su actividad en las tres Am\u00e9ricas y el continente asi\u00e1tico es constante.<\/p>\n<p>Como solista invitado ha tocado con un gran n\u00famero de orquestas y ha sido dirigido por afamados directores. Ha grabado para distintos sellos discogr\u00e1ficos con Charles Dutoit y la Orquesta Sinf\u00f3nica de Montreal (Canad\u00e1), Georges Octors y la Orquesta Sinf\u00f3nica Nacional de B\u00e9lgica, Leo Brouwer y la Orquesta Sinf\u00f3nica de C\u00f3rdoba (Espa\u00f1a), Pedro I. Calder\u00f3n y la Orquesta Sinf\u00f3nica Nacional de Argentina. Registr\u00f3 la Suite Argentina de Eduardo Fal\u00fa con el Maestro Luis Gorelik y la Orquesta Sinf\u00f3nica de Salta para Sony Classical.<\/p>\n<\/div>\n<div class=\"clr\"><\/div>\n<div class=\"itemContentFooter\"><span class=\"itemDateModified\">Publicado el Jueves, 25 de Agosto de 2022\u00a0<\/span><\/div>\n","protected":false},"excerpt":{"rendered":"<p>El Centro de Creaci\u00f3n Art\u00edstica Orquestal dependiente de la Facultad de Filosof\u00eda, Humanidades y Artes de la UNSJ junto al<\/p>\n","protected":false},"author":3,"featured_media":51941,"comment_status":"closed","ping_status":"closed","sticky":false,"template":"","format":"standard","meta":{"_acf_changed":false,"_seopress_robots_primary_cat":"none","_seopress_titles_title":"","_seopress_titles_desc":"","_seopress_robots_index":"","colormag_page_container_layout":"default_layout","colormag_page_sidebar_layout":"default_layout","footnotes":""},"categories":[20],"tags":[],"class_list":["post-51939","post","type-post","status-publish","format-standard","has-post-thumbnail","hentry","category-cartelera"],"acf":[],"_links":{"self":[{"href":"https:\/\/vocesparalelas.com.ar\/sitio\/wp-json\/wp\/v2\/posts\/51939","targetHints":{"allow":["GET"]}}],"collection":[{"href":"https:\/\/vocesparalelas.com.ar\/sitio\/wp-json\/wp\/v2\/posts"}],"about":[{"href":"https:\/\/vocesparalelas.com.ar\/sitio\/wp-json\/wp\/v2\/types\/post"}],"author":[{"embeddable":true,"href":"https:\/\/vocesparalelas.com.ar\/sitio\/wp-json\/wp\/v2\/users\/3"}],"replies":[{"embeddable":true,"href":"https:\/\/vocesparalelas.com.ar\/sitio\/wp-json\/wp\/v2\/comments?post=51939"}],"version-history":[{"count":1,"href":"https:\/\/vocesparalelas.com.ar\/sitio\/wp-json\/wp\/v2\/posts\/51939\/revisions"}],"predecessor-version":[{"id":51942,"href":"https:\/\/vocesparalelas.com.ar\/sitio\/wp-json\/wp\/v2\/posts\/51939\/revisions\/51942"}],"wp:featuredmedia":[{"embeddable":true,"href":"https:\/\/vocesparalelas.com.ar\/sitio\/wp-json\/wp\/v2\/media\/51941"}],"wp:attachment":[{"href":"https:\/\/vocesparalelas.com.ar\/sitio\/wp-json\/wp\/v2\/media?parent=51939"}],"wp:term":[{"taxonomy":"category","embeddable":true,"href":"https:\/\/vocesparalelas.com.ar\/sitio\/wp-json\/wp\/v2\/categories?post=51939"},{"taxonomy":"post_tag","embeddable":true,"href":"https:\/\/vocesparalelas.com.ar\/sitio\/wp-json\/wp\/v2\/tags?post=51939"}],"curies":[{"name":"wp","href":"https:\/\/api.w.org\/{rel}","templated":true}]}}