{"id":51924,"date":"2022-08-25T23:39:34","date_gmt":"2022-08-26T02:39:34","guid":{"rendered":"https:\/\/vocesparalelas.com.ar\/sitio\/?p=51924"},"modified":"2022-08-26T00:39:52","modified_gmt":"2022-08-26T03:39:52","slug":"la-ampliacion-del-hospital-dr-marcial-quiroga-se-perfila-en-el-mejor-de-argentina","status":"publish","type":"post","link":"https:\/\/vocesparalelas.com.ar\/sitio\/la-ampliacion-del-hospital-dr-marcial-quiroga-se-perfila-en-el-mejor-de-argentina\/","title":{"rendered":"La ampliaci\u00f3n del Hospital Dr. Marcial Quiroga se perfila en el mejor de Argentina"},"content":{"rendered":"<p>El gobernador de San Juan, Dr. Sergio U\u00f1ac recorri\u00f3 la obra en construcci\u00f3n de la ampliaci\u00f3n del Hospital Dr. Marcial Quiroga, en el Departamento Rivadavia, junto al jefe de Gabinete de la Naci\u00f3n, Dr. Juan Manzur.<\/p>\n<p>Lo acompa\u00f1aron, adem\u00e1s, el ministro de Obras y Servicios P\u00fablicos, Ing. Ing. Julio Ortiz Andino; secretario de Obras y Servicios P\u00fablicos, Ing. Carlos Roll\u00e1n Oro; subsecretario de Arquitectura, Arq. Oscar Montero; director de Gesti\u00f3n de Obras, Ing. Miguel Toro y personal del nosocomio.<\/p>\n<p>El Hospital Dr. Marcial Quiroga es uno de los centros de salud m\u00e1s representativos y punto neur\u00e1lgico para los ciudadanos de la provincia y cuenta con multiplicidad de servicios brindados a gran cantidad de poblaci\u00f3n.<\/p>\n<p>En este contexto, el Ministerio de Salud P\u00fablica del Gobierno de San Juan plante\u00f3 diversos objetivos para ampliar y continuar con un mejor acceso a la salud.<\/p>\n<p><img loading=\"lazy\" decoding=\"async\" class=\"alignnone size-full wp-image-51929\" src=\"https:\/\/vocesparalelas.com.ar\/sitio\/wp-content\/uploads\/2022\/08\/HMQ-04.jpg\" alt=\"\" width=\"800\" height=\"533\" srcset=\"https:\/\/vocesparalelas.com.ar\/sitio\/wp-content\/uploads\/2022\/08\/HMQ-04.jpg 800w, https:\/\/vocesparalelas.com.ar\/sitio\/wp-content\/uploads\/2022\/08\/HMQ-04-300x200.jpg 300w, https:\/\/vocesparalelas.com.ar\/sitio\/wp-content\/uploads\/2022\/08\/HMQ-04-768x512.jpg 768w\" sizes=\"auto, (max-width: 800px) 100vw, 800px\" \/><\/p>\n<p>En este sentido, el Ministerio de Obras y Servicios P\u00fablicos proyect\u00f3 la construcci\u00f3n de un nuevo edificio para el mencionado hospital, de aproximadamente de 7855,33 metros cuadrados de superficie.<\/p>\n<p>Durante el proceso de construcci\u00f3n, el edificio alcanz\u00f3 un pico m\u00e1ximo de 130 trabajadores y un promedio estimado de 71 operarios.<\/p>\n<p>Actualmente la obra posee un 98 por ciento de avance y se encuentra pr\u00f3xima a su finalizaci\u00f3n.<\/p>\n<p><img loading=\"lazy\" decoding=\"async\" class=\"alignnone size-full wp-image-51927\" src=\"https:\/\/vocesparalelas.com.ar\/sitio\/wp-content\/uploads\/2022\/08\/HMQ-02.jpg\" alt=\"\" width=\"800\" height=\"533\" srcset=\"https:\/\/vocesparalelas.com.ar\/sitio\/wp-content\/uploads\/2022\/08\/HMQ-02.jpg 800w, https:\/\/vocesparalelas.com.ar\/sitio\/wp-content\/uploads\/2022\/08\/HMQ-02-300x200.jpg 300w, https:\/\/vocesparalelas.com.ar\/sitio\/wp-content\/uploads\/2022\/08\/HMQ-02-768x512.jpg 768w\" sizes=\"auto, (max-width: 800px) 100vw, 800px\" \/><\/p>\n<div class=\"itemFullText\">\n<p><span style=\"color: #ff0000;\"><strong>Ampliaci\u00f3n del Hospital Dr. Marcial Quiroga<\/strong><\/span><\/p>\n<p>El nuevo edificio se estructura en torno a un eje norte sur, desarroll\u00e1ndose en tres niveles: subsuelo, planta baja y primer piso. En el subsuelo se ubican salas de m\u00e1quinas, farmacia, archivos de historias cl\u00ednicas y \u00e1rea de inform\u00e1tica.<\/p>\n<p>En la planta baja se encuentran los servicios de urgencias, sala de tomograf\u00eda computada, con sus \u00e1reas complementarias y de apoyatura. Por \u00faltimo, en el primer piso se sit\u00faan las atenciones de terapia intensiva y unidad coronaria.<\/p>\n<p>La nueva ampliaci\u00f3n se vincula al edificio existente a trav\u00e9s de cuatro conectores: en planta baja con la circulaci\u00f3n del ala norte, en planta alta con la circulaci\u00f3n de internaci\u00f3n de las alas norte y sur y, tambi\u00e9n en planta alta, el ala central con el \u00e1rea quir\u00fargica.<\/p>\n<p>Sumado a esto, el proyecto contempla dos tipos de acceso al hospital: ingresos peatonales y vehiculares. Los primeros implican el acceso a trav\u00e9s de amplias escalinatas y rampas con pisos antideslizantes, barandas, y se\u00f1al\u00e9tica.<\/p>\n<p>En cuanto a los accesos vehiculares, el predio cuenta con entradas para personal y servicios de abastecimiento y suministros, diferenciados totalmente del de ambulancias al Servicio de Urgencia.<\/p>\n<p>En el aspecto constructivo cabe destacar que la calidad de los materiales contempla una larga vida \u00fatil del edificio y busca minimizar los costos de operaci\u00f3n y mantenimiento. Adem\u00e1s, la red de instalaciones asegurar\u00e1 la provisi\u00f3n de los servicios a cualquier punto del establecimiento.<\/p>\n<p><img loading=\"lazy\" decoding=\"async\" class=\"alignnone size-full wp-image-51926\" src=\"https:\/\/vocesparalelas.com.ar\/sitio\/wp-content\/uploads\/2022\/08\/HMQ-01.jpg\" alt=\"\" width=\"800\" height=\"533\" srcset=\"https:\/\/vocesparalelas.com.ar\/sitio\/wp-content\/uploads\/2022\/08\/HMQ-01.jpg 800w, https:\/\/vocesparalelas.com.ar\/sitio\/wp-content\/uploads\/2022\/08\/HMQ-01-300x200.jpg 300w, https:\/\/vocesparalelas.com.ar\/sitio\/wp-content\/uploads\/2022\/08\/HMQ-01-768x512.jpg 768w\" sizes=\"auto, (max-width: 800px) 100vw, 800px\" \/><\/p>\n<p>Al finalizar el recorrido el Gobernador de San Juan, Dr. Sergio U\u00f1ac y el jefe de Gabinete de la Naci\u00f3n, Dr. Juan Manzur, hicieron declaraciones a los Periodistas San Juan.<\/p>\n<p><iframe loading=\"lazy\" title=\"DR SERGIO U\u00d1AC DR JUAN MANZUR\" width=\"800\" height=\"450\" src=\"https:\/\/www.youtube.com\/embed\/R25OxxSOnW0?feature=oembed\" frameborder=\"0\" allow=\"accelerometer; autoplay; clipboard-write; encrypted-media; gyroscope; picture-in-picture\" allowfullscreen><\/iframe><\/p>\n<p>&nbsp;<\/p>\n<\/div>\n<div class=\"itemContentFooter\"><span class=\"itemDateModified\">Publicado el Jueves, 25 de Agosto de 2022<\/span><\/div>\n","protected":false},"excerpt":{"rendered":"<p>El gobernador de San Juan, Dr. Sergio U\u00f1ac recorri\u00f3 la obra en construcci\u00f3n de la ampliaci\u00f3n del Hospital Dr. Marcial<\/p>\n","protected":false},"author":3,"featured_media":51928,"comment_status":"closed","ping_status":"closed","sticky":false,"template":"","format":"video","meta":{"_acf_changed":false,"_seopress_robots_primary_cat":"none","_seopress_titles_title":"","_seopress_titles_desc":"","_seopress_robots_index":"","colormag_page_container_layout":"default_layout","colormag_page_sidebar_layout":"default_layout","footnotes":""},"categories":[1,7],"tags":[],"class_list":["post-51924","post","type-post","status-publish","format-video","has-post-thumbnail","hentry","category-destacadas","category-videos","post_format-post-format-video"],"acf":[],"_links":{"self":[{"href":"https:\/\/vocesparalelas.com.ar\/sitio\/wp-json\/wp\/v2\/posts\/51924","targetHints":{"allow":["GET"]}}],"collection":[{"href":"https:\/\/vocesparalelas.com.ar\/sitio\/wp-json\/wp\/v2\/posts"}],"about":[{"href":"https:\/\/vocesparalelas.com.ar\/sitio\/wp-json\/wp\/v2\/types\/post"}],"author":[{"embeddable":true,"href":"https:\/\/vocesparalelas.com.ar\/sitio\/wp-json\/wp\/v2\/users\/3"}],"replies":[{"embeddable":true,"href":"https:\/\/vocesparalelas.com.ar\/sitio\/wp-json\/wp\/v2\/comments?post=51924"}],"version-history":[{"count":1,"href":"https:\/\/vocesparalelas.com.ar\/sitio\/wp-json\/wp\/v2\/posts\/51924\/revisions"}],"predecessor-version":[{"id":51930,"href":"https:\/\/vocesparalelas.com.ar\/sitio\/wp-json\/wp\/v2\/posts\/51924\/revisions\/51930"}],"wp:featuredmedia":[{"embeddable":true,"href":"https:\/\/vocesparalelas.com.ar\/sitio\/wp-json\/wp\/v2\/media\/51928"}],"wp:attachment":[{"href":"https:\/\/vocesparalelas.com.ar\/sitio\/wp-json\/wp\/v2\/media?parent=51924"}],"wp:term":[{"taxonomy":"category","embeddable":true,"href":"https:\/\/vocesparalelas.com.ar\/sitio\/wp-json\/wp\/v2\/categories?post=51924"},{"taxonomy":"post_tag","embeddable":true,"href":"https:\/\/vocesparalelas.com.ar\/sitio\/wp-json\/wp\/v2\/tags?post=51924"}],"curies":[{"name":"wp","href":"https:\/\/api.w.org\/{rel}","templated":true}]}}