{"id":51911,"date":"2022-08-25T22:12:11","date_gmt":"2022-08-26T01:12:11","guid":{"rendered":"https:\/\/vocesparalelas.com.ar\/sitio\/?p=51911"},"modified":"2022-08-30T01:06:08","modified_gmt":"2022-08-30T04:06:08","slug":"vi-congreso-bienal-argencon-ieee-2022-en-san-juan","status":"publish","type":"post","link":"https:\/\/vocesparalelas.com.ar\/sitio\/vi-congreso-bienal-argencon-ieee-2022-en-san-juan\/","title":{"rendered":"VI Congreso Bienal ARGENCON IEEE 2022 en San Juan"},"content":{"rendered":"<p>El 5 y 6 de Septiembre se desarrolla el Pre Congreso y el 7; 8 y 9 de Septiembre de 2022, se desarrolla en San Juan el VI Congreso Bienal ARGENCON IEEE 2022 en San Juan, coordinado por el Instituto de Energ\u00eda El\u00e9ctrica de la Facultad de Ingenier\u00eda de la Universidad Nacional de San Juan y CONICET.<\/p>\n<p>Por ello, Voces Paralelas entrevist\u00f3 a uno de los coordinadores, Mg. Ing. Alejandro Maturano, quien describi\u00f3 la importancia del evento en San Juan y que se desarrolla cada dos a\u00f1os reuniendo cient\u00edficos, empresas e interesados en el tema.<\/p>\n<p><iframe loading=\"lazy\" title=\"FI UNSJ ING ALEJANDRO MATURANO\" width=\"800\" height=\"450\" src=\"https:\/\/www.youtube.com\/embed\/xkHgfXn1PV8?start=15&#038;feature=oembed\" frameborder=\"0\" allow=\"accelerometer; autoplay; clipboard-write; encrypted-media; gyroscope; picture-in-picture\" allowfullscreen><\/iframe><\/p>\n<p>&nbsp;<\/p>\n<p><img loading=\"lazy\" decoding=\"async\" class=\"size-large wp-image-51914 aligncenter\" src=\"https:\/\/vocesparalelas.com.ar\/sitio\/wp-content\/uploads\/2022\/08\/ARGENCON-2022-2-566x800.jpg\" alt=\"\" width=\"566\" height=\"800\" srcset=\"https:\/\/vocesparalelas.com.ar\/sitio\/wp-content\/uploads\/2022\/08\/ARGENCON-2022-2-566x800.jpg 566w, https:\/\/vocesparalelas.com.ar\/sitio\/wp-content\/uploads\/2022\/08\/ARGENCON-2022-2-212x300.jpg 212w, https:\/\/vocesparalelas.com.ar\/sitio\/wp-content\/uploads\/2022\/08\/ARGENCON-2022-2.jpg 724w\" sizes=\"auto, (max-width: 566px) 100vw, 566px\" \/><\/p>\n<p><img loading=\"lazy\" decoding=\"async\" class=\"size-large wp-image-51913 aligncenter\" src=\"https:\/\/vocesparalelas.com.ar\/sitio\/wp-content\/uploads\/2022\/08\/ARGENCON-2022-1-566x800.jpg\" alt=\"\" width=\"566\" height=\"800\" srcset=\"https:\/\/vocesparalelas.com.ar\/sitio\/wp-content\/uploads\/2022\/08\/ARGENCON-2022-1-566x800.jpg 566w, https:\/\/vocesparalelas.com.ar\/sitio\/wp-content\/uploads\/2022\/08\/ARGENCON-2022-1-212x300.jpg 212w, https:\/\/vocesparalelas.com.ar\/sitio\/wp-content\/uploads\/2022\/08\/ARGENCON-2022-1.jpg 724w\" sizes=\"auto, (max-width: 566px) 100vw, 566px\" \/><\/p>\n<p><img loading=\"lazy\" decoding=\"async\" class=\"alignnone size-large wp-image-25439\" src=\"https:\/\/vocesparalelas.com.ar\/sitio\/wp-content\/uploads\/2019\/11\/FI-ESTACION-SOLAR-02-800x533.jpg\" alt=\"\" width=\"800\" height=\"533\" srcset=\"https:\/\/vocesparalelas.com.ar\/sitio\/wp-content\/uploads\/2019\/11\/FI-ESTACION-SOLAR-02.jpg 800w, https:\/\/vocesparalelas.com.ar\/sitio\/wp-content\/uploads\/2019\/11\/FI-ESTACION-SOLAR-02-300x200.jpg 300w, https:\/\/vocesparalelas.com.ar\/sitio\/wp-content\/uploads\/2019\/11\/FI-ESTACION-SOLAR-02-768x512.jpg 768w\" sizes=\"auto, (max-width: 800px) 100vw, 800px\" \/><\/p>\n<p><img loading=\"lazy\" decoding=\"async\" class=\"alignnone size-large wp-image-7801\" src=\"https:\/\/vocesparalelas.com.ar\/sitio\/wp-content\/uploads\/2017\/11\/CONICET-UNSJ-FI-LOGO-800x534.jpg\" alt=\"\" width=\"800\" height=\"534\" srcset=\"https:\/\/vocesparalelas.com.ar\/sitio\/wp-content\/uploads\/2017\/11\/CONICET-UNSJ-FI-LOGO-800x534.jpg 800w, https:\/\/vocesparalelas.com.ar\/sitio\/wp-content\/uploads\/2017\/11\/CONICET-UNSJ-FI-LOGO-300x200.jpg 300w, https:\/\/vocesparalelas.com.ar\/sitio\/wp-content\/uploads\/2017\/11\/CONICET-UNSJ-FI-LOGO-768x512.jpg 768w, https:\/\/vocesparalelas.com.ar\/sitio\/wp-content\/uploads\/2017\/11\/CONICET-UNSJ-FI-LOGO.jpg 1000w\" sizes=\"auto, (max-width: 800px) 100vw, 800px\" \/><\/p>\n<p>&nbsp;<\/p>\n<p><img loading=\"lazy\" decoding=\"async\" class=\"alignnone size-large wp-image-23028\" src=\"https:\/\/vocesparalelas.com.ar\/sitio\/wp-content\/uploads\/2019\/08\/FI-UNSJ-EDIFICIO-800x600.jpg\" alt=\"\" width=\"800\" height=\"600\" srcset=\"https:\/\/vocesparalelas.com.ar\/sitio\/wp-content\/uploads\/2019\/08\/FI-UNSJ-EDIFICIO-800x600.jpg 800w, https:\/\/vocesparalelas.com.ar\/sitio\/wp-content\/uploads\/2019\/08\/FI-UNSJ-EDIFICIO-300x225.jpg 300w, https:\/\/vocesparalelas.com.ar\/sitio\/wp-content\/uploads\/2019\/08\/FI-UNSJ-EDIFICIO-768x576.jpg 768w, https:\/\/vocesparalelas.com.ar\/sitio\/wp-content\/uploads\/2019\/08\/FI-UNSJ-EDIFICIO.jpg 888w\" sizes=\"auto, (max-width: 800px) 100vw, 800px\" \/><\/p>\n<p>Publicado el Jueves, 25 de Agosto de 2022<\/p>\n","protected":false},"excerpt":{"rendered":"<p>El 5 y 6 de Septiembre se desarrolla el Pre Congreso y el 7; 8 y 9 de Septiembre de<\/p>\n","protected":false},"author":3,"featured_media":51915,"comment_status":"closed","ping_status":"closed","sticky":false,"template":"","format":"video","meta":{"_acf_changed":false,"_seopress_robots_primary_cat":"none","_seopress_titles_title":"","_seopress_titles_desc":"","_seopress_robots_index":"","colormag_page_container_layout":"default_layout","colormag_page_sidebar_layout":"default_layout","footnotes":""},"categories":[15,7],"tags":[],"class_list":["post-51911","post","type-post","status-publish","format-video","has-post-thumbnail","hentry","category-posgrados","category-videos","post_format-post-format-video"],"acf":[],"_links":{"self":[{"href":"https:\/\/vocesparalelas.com.ar\/sitio\/wp-json\/wp\/v2\/posts\/51911","targetHints":{"allow":["GET"]}}],"collection":[{"href":"https:\/\/vocesparalelas.com.ar\/sitio\/wp-json\/wp\/v2\/posts"}],"about":[{"href":"https:\/\/vocesparalelas.com.ar\/sitio\/wp-json\/wp\/v2\/types\/post"}],"author":[{"embeddable":true,"href":"https:\/\/vocesparalelas.com.ar\/sitio\/wp-json\/wp\/v2\/users\/3"}],"replies":[{"embeddable":true,"href":"https:\/\/vocesparalelas.com.ar\/sitio\/wp-json\/wp\/v2\/comments?post=51911"}],"version-history":[{"count":2,"href":"https:\/\/vocesparalelas.com.ar\/sitio\/wp-json\/wp\/v2\/posts\/51911\/revisions"}],"predecessor-version":[{"id":51960,"href":"https:\/\/vocesparalelas.com.ar\/sitio\/wp-json\/wp\/v2\/posts\/51911\/revisions\/51960"}],"wp:featuredmedia":[{"embeddable":true,"href":"https:\/\/vocesparalelas.com.ar\/sitio\/wp-json\/wp\/v2\/media\/51915"}],"wp:attachment":[{"href":"https:\/\/vocesparalelas.com.ar\/sitio\/wp-json\/wp\/v2\/media?parent=51911"}],"wp:term":[{"taxonomy":"category","embeddable":true,"href":"https:\/\/vocesparalelas.com.ar\/sitio\/wp-json\/wp\/v2\/categories?post=51911"},{"taxonomy":"post_tag","embeddable":true,"href":"https:\/\/vocesparalelas.com.ar\/sitio\/wp-json\/wp\/v2\/tags?post=51911"}],"curies":[{"name":"wp","href":"https:\/\/api.w.org\/{rel}","templated":true}]}}