{"id":51904,"date":"2022-08-25T13:43:47","date_gmt":"2022-08-25T16:43:47","guid":{"rendered":"https:\/\/vocesparalelas.com.ar\/sitio\/?p=51904"},"modified":"2022-08-25T13:44:43","modified_gmt":"2022-08-25T16:44:43","slug":"no-esta-funcionando-la-recepcion-de-cartas-medicas-emitidas-via-online-de-san-juan","status":"publish","type":"post","link":"https:\/\/vocesparalelas.com.ar\/sitio\/no-esta-funcionando-la-recepcion-de-cartas-medicas-emitidas-via-online-de-san-juan\/","title":{"rendered":"No est\u00e1 funcionando la recepci\u00f3n de cartas m\u00e9dicas emitidas v\u00eda online de San Juan"},"content":{"rendered":"<p>La Direcci\u00f3n de Reconocimientos M\u00e9dicos del Ministerio de Salud P\u00fablica del Gobierno de San Juan informa a la comunidad que no est\u00e1 funcionando la recepci\u00f3n de cartas m\u00e9dicas emitidas v\u00eda online, por un problema ajeno a la instituci\u00f3n.<\/p>\n<p>Por lo tanto, se articulan las medidas necesarias para solucionar r\u00e1pidamente el problema. Moment\u00e1neamente, se habilitan otros sistemas alternativos para responder de manera urgente y gradual a alta demanda de licencias m\u00e9dicas.<\/p>\n<p><img loading=\"lazy\" decoding=\"async\" class=\"alignnone size-full wp-image-27237\" src=\"https:\/\/vocesparalelas.com.ar\/sitio\/wp-content\/uploads\/2020\/03\/DIRECCION-CONTRO-RECONOCIMIENTO.jpg\" alt=\"\" width=\"800\" height=\"450\" srcset=\"https:\/\/vocesparalelas.com.ar\/sitio\/wp-content\/uploads\/2020\/03\/DIRECCION-CONTRO-RECONOCIMIENTO.jpg 800w, https:\/\/vocesparalelas.com.ar\/sitio\/wp-content\/uploads\/2020\/03\/DIRECCION-CONTRO-RECONOCIMIENTO-300x169.jpg 300w, https:\/\/vocesparalelas.com.ar\/sitio\/wp-content\/uploads\/2020\/03\/DIRECCION-CONTRO-RECONOCIMIENTO-768x432.jpg 768w\" sizes=\"auto, (max-width: 800px) 100vw, 800px\" \/><\/p>\n<p>Publicado el Jueves, 25 de Agosto de 2022<\/p>\n","protected":false},"excerpt":{"rendered":"<p>La Direcci\u00f3n de Reconocimientos M\u00e9dicos del Ministerio de Salud P\u00fablica del Gobierno de San Juan informa a la comunidad que<\/p>\n","protected":false},"author":3,"featured_media":32913,"comment_status":"closed","ping_status":"closed","sticky":false,"template":"","format":"standard","meta":{"_acf_changed":false,"_seopress_robots_primary_cat":"none","_seopress_titles_title":"","_seopress_titles_desc":"","_seopress_robots_index":"","colormag_page_container_layout":"default_layout","colormag_page_sidebar_layout":"default_layout","footnotes":""},"categories":[1],"tags":[],"class_list":["post-51904","post","type-post","status-publish","format-standard","has-post-thumbnail","hentry","category-destacadas"],"acf":[],"_links":{"self":[{"href":"https:\/\/vocesparalelas.com.ar\/sitio\/wp-json\/wp\/v2\/posts\/51904","targetHints":{"allow":["GET"]}}],"collection":[{"href":"https:\/\/vocesparalelas.com.ar\/sitio\/wp-json\/wp\/v2\/posts"}],"about":[{"href":"https:\/\/vocesparalelas.com.ar\/sitio\/wp-json\/wp\/v2\/types\/post"}],"author":[{"embeddable":true,"href":"https:\/\/vocesparalelas.com.ar\/sitio\/wp-json\/wp\/v2\/users\/3"}],"replies":[{"embeddable":true,"href":"https:\/\/vocesparalelas.com.ar\/sitio\/wp-json\/wp\/v2\/comments?post=51904"}],"version-history":[{"count":2,"href":"https:\/\/vocesparalelas.com.ar\/sitio\/wp-json\/wp\/v2\/posts\/51904\/revisions"}],"predecessor-version":[{"id":51907,"href":"https:\/\/vocesparalelas.com.ar\/sitio\/wp-json\/wp\/v2\/posts\/51904\/revisions\/51907"}],"wp:featuredmedia":[{"embeddable":true,"href":"https:\/\/vocesparalelas.com.ar\/sitio\/wp-json\/wp\/v2\/media\/32913"}],"wp:attachment":[{"href":"https:\/\/vocesparalelas.com.ar\/sitio\/wp-json\/wp\/v2\/media?parent=51904"}],"wp:term":[{"taxonomy":"category","embeddable":true,"href":"https:\/\/vocesparalelas.com.ar\/sitio\/wp-json\/wp\/v2\/categories?post=51904"},{"taxonomy":"post_tag","embeddable":true,"href":"https:\/\/vocesparalelas.com.ar\/sitio\/wp-json\/wp\/v2\/tags?post=51904"}],"curies":[{"name":"wp","href":"https:\/\/api.w.org\/{rel}","templated":true}]}}