{"id":51898,"date":"2022-08-24T19:31:47","date_gmt":"2022-08-24T22:31:47","guid":{"rendered":"https:\/\/vocesparalelas.com.ar\/sitio\/?p=51898"},"modified":"2022-08-27T21:10:28","modified_gmt":"2022-08-28T00:10:28","slug":"se-desarrollo-el-ateneo-inclusivo-para-personas-ciegas-y-de-baja-vision-para-que-logren-un-emprendimiento-con-pantas-aromaticas-en-san-juan","status":"publish","type":"post","link":"https:\/\/vocesparalelas.com.ar\/sitio\/se-desarrollo-el-ateneo-inclusivo-para-personas-ciegas-y-de-baja-vision-para-que-logren-un-emprendimiento-con-pantas-aromaticas-en-san-juan\/","title":{"rendered":"Se desarroll\u00f3 el ateneo inclusivo para personas ciegas y de baja visi\u00f3n para que logren un emprendimiento con pantas arom\u00e1ticas en San Juan"},"content":{"rendered":"<p>En el Auditorio Emar Acosta del Edificio Anexo de la C\u00e1mara de Diputados de San Juan se desarroll\u00f3 el ateneo inclusivo para personas ciegas y de baja visi\u00f3n.<\/p>\n<p>En el marco de las actividades que concreta anualmente la Campa\u00f1a Alimentando voluntades del Programa Nutrici\u00f3n en Vivo, se realiza el lanzamiento del Programa Cosechando Buenos H\u00e1bitos: capacitaci\u00f3n y pr\u00e1cticas inclusivas saludables.<\/p>\n<p>En este marco, tiene lugar\u00a0 un Ateneo Inclusivo Motivacional que incluye varias tareas interrelacionadas de modo transversal, con el fin de brindar herramientas para la elaboraci\u00f3n y ejecuci\u00f3n de un innovador emprendimiento para los destinatarios.<\/p>\n<p>Los disertantes que participan en la reuni\u00f3n son Mar\u00eda Quiroga, Guillermo Guirado, Maximiliano D\u00edaz, Mar\u00eda Natalia Garbelloti y F\u00e1tima Garro. Adem\u00e1s, se cuenta con la disertaci\u00f3n de Lucas Malaisi, Manolo Rodriguez y Adriana Luluaga.<\/p>\n<p>Por ello, Voces Paralelas entrevist\u00f3 a la Directora y Autora del programa Nutrici\u00f3n en vivo y Campa\u00f1a Alimentando Voluntades, Lic. Olga \u00c1lvarez de Manzano, quien describi\u00f3 las actividades que se llevan a cabo y lo que se pretende hacer para que la interacci\u00f3n de los alumnos de las Escuelas T\u00e9cnicas gu\u00eden a las personas con capacidades especiales a lograr un emprendimiento.<\/p>\n<p><iframe loading=\"lazy\" title=\"LIC. OLGA MANZANO\" width=\"800\" height=\"450\" src=\"https:\/\/www.youtube.com\/embed\/DI-K1cPt7Pw?feature=oembed\" frameborder=\"0\" allow=\"accelerometer; autoplay; clipboard-write; encrypted-media; gyroscope; picture-in-picture\" allowfullscreen><\/iframe><\/p>\n<p><strong><span style=\"color: #ff9900;\">Detalle del desarrollo de los talleres<\/span><\/strong><\/p>\n<p>Finalizado el ateneo se inicia la segunda etapa de la actividad, que cuenta varios talleres que brindan las herramientas necesarias para lograr el objetivo final: comercializar t\u00e9s artesanales de arom\u00e1ticas.<\/p>\n<p>Son dictados por los estudiantes de las escuelas Agrot\u00e9cnica de Zonda y de Fruticultura y Enolog\u00eda, de los que forman parte las personas ciegas y de baja visi\u00f3n de la Escuela de Educaci\u00f3n Especial Luis Braille, de la Asociaci\u00f3n Baja Visi\u00f3n, de la Asociaci\u00f3n de Ciegos, de Albinos y Club Puertas Abiertas.<\/p>\n<p>Son cinco talleres, para j\u00f3venes y adultos, que van desde \u201cProducci\u00f3n de cultivo y cuidado de plantines\u201d, hasta la elaboraci\u00f3n de un plan de marketing para la comercializaci\u00f3n. Estos grupos de trabajo comienzan en septiembre y finalizan en octubre del 2022.<\/p>\n<p>La tercera etapa es la participaci\u00f3n en la puesta en com\u00fan que lleva a cabo el Programa Nutrici\u00f3n en Vivo en el recinto de la C\u00e1mara de Diputados de San Juan: Foro Saludable, donde representantes del Programa Cosechando Buenos H\u00e1bitos comentan las experiencias vividas durante la segunda etapa del a\u00f1o, adem\u00e1s de adelantar lo que ser\u00e1 el \u00faltimo paso de \u00e9sta experiencia: el Work Shop.<\/p>\n<p>En este marco, durante una jornada en la Casa Natal de Sarmiento se realizar\u00e1 la citada presentaci\u00f3n, el Work Shop, del Programa Cosechando Buenos H\u00e1bitos, para la exposici\u00f3n y comercializaci\u00f3n de\u00a0 los mencionados t\u00e9s artesanales de arom\u00e1ticas, denominada: \u201c4 Sentidos. Actitud Positiva\u201d, una experiencia para lograr un producto final para que ciegos y baja visi\u00f3n tengan un emprendimiento propio, que les permita un ingreso econ\u00f3mico de apoyo y que los estudiantes adquieran experiencia y conocimiento inclusivos, poni\u00e9ndose en el lugar del otro.<\/p>\n<p>Lo enriquecedor de la innovadora acci\u00f3n, desde el Ateneo hasta el Work Shop, es posibilitar a las comunidades educativas el intercambio de vivencias, ideas, sugerencias que enriquecen la incorporaci\u00f3n de conocimiento por medio de pr\u00e1cticas pedag\u00f3gicas din\u00e1micas e inclusivas.<\/p>\n<p>Desde el Programa Nutrici\u00f3n en Vivo, los contenidos se enfocan en el crecimiento de una sociedad saludable, desde la alimentaci\u00f3n hasta la reivindicaci\u00f3n de valores para construir un mundo mejor, fomentando la solidaridad.<\/p>\n<p>Los interesados en obtener informaci\u00f3n pueden contactarse con la Lic. Olga Alvarez de Manzano, Directora y Autora del programa Nutrici\u00f3n en vivo y Campa\u00f1a Alimentando Voluntades.<\/p>\n<ul>\n<li>Cel. 264-504-3258<\/li>\n<\/ul>\n<p><a href=\"mailto:nutricionenvivo1@gmai.com\">nutricionenvivo1@gmai.com<\/a><\/p>\n<p>&nbsp;<\/p>\n<figure id=\"attachment_51900\" aria-describedby=\"caption-attachment-51900\" style=\"width: 800px\" class=\"wp-caption alignnone\"><img loading=\"lazy\" decoding=\"async\" class=\"wp-image-51900 size-full\" src=\"https:\/\/vocesparalelas.com.ar\/sitio\/wp-content\/uploads\/2022\/08\/LIC.-OLGA-MANZANO-02.jpg\" alt=\"\" width=\"800\" height=\"533\" srcset=\"https:\/\/vocesparalelas.com.ar\/sitio\/wp-content\/uploads\/2022\/08\/LIC.-OLGA-MANZANO-02.jpg 800w, https:\/\/vocesparalelas.com.ar\/sitio\/wp-content\/uploads\/2022\/08\/LIC.-OLGA-MANZANO-02-300x200.jpg 300w, https:\/\/vocesparalelas.com.ar\/sitio\/wp-content\/uploads\/2022\/08\/LIC.-OLGA-MANZANO-02-768x512.jpg 768w\" sizes=\"auto, (max-width: 800px) 100vw, 800px\" \/><figcaption id=\"caption-attachment-51900\" class=\"wp-caption-text\">Alumnos de 4\u00b0 A\u00f1o \u00abB\u00bb de la Escuela Nueva Juan Fanzolato, Departamento Rawson acompa\u00f1ados por las Profesoras Laura Gimenez y Andrea Riveros<\/figcaption><\/figure>\n<p>Publicado el Mi\u00e9rcoles, 24 de Agosto de 2022<\/p>\n","protected":false},"excerpt":{"rendered":"<p>En el Auditorio Emar Acosta del Edificio Anexo de la C\u00e1mara de Diputados de San Juan se desarroll\u00f3 el ateneo<\/p>\n","protected":false},"author":3,"featured_media":51901,"comment_status":"closed","ping_status":"closed","sticky":false,"template":"","format":"video","meta":{"_acf_changed":false,"_seopress_robots_primary_cat":"none","_seopress_titles_title":"","_seopress_titles_desc":"","_seopress_robots_index":"","colormag_page_container_layout":"default_layout","colormag_page_sidebar_layout":"default_layout","footnotes":""},"categories":[9,7],"tags":[],"class_list":["post-51898","post","type-post","status-publish","format-video","has-post-thumbnail","hentry","category-cursos","category-videos","post_format-post-format-video"],"acf":[],"_links":{"self":[{"href":"https:\/\/vocesparalelas.com.ar\/sitio\/wp-json\/wp\/v2\/posts\/51898","targetHints":{"allow":["GET"]}}],"collection":[{"href":"https:\/\/vocesparalelas.com.ar\/sitio\/wp-json\/wp\/v2\/posts"}],"about":[{"href":"https:\/\/vocesparalelas.com.ar\/sitio\/wp-json\/wp\/v2\/types\/post"}],"author":[{"embeddable":true,"href":"https:\/\/vocesparalelas.com.ar\/sitio\/wp-json\/wp\/v2\/users\/3"}],"replies":[{"embeddable":true,"href":"https:\/\/vocesparalelas.com.ar\/sitio\/wp-json\/wp\/v2\/comments?post=51898"}],"version-history":[{"count":4,"href":"https:\/\/vocesparalelas.com.ar\/sitio\/wp-json\/wp\/v2\/posts\/51898\/revisions"}],"predecessor-version":[{"id":51970,"href":"https:\/\/vocesparalelas.com.ar\/sitio\/wp-json\/wp\/v2\/posts\/51898\/revisions\/51970"}],"wp:featuredmedia":[{"embeddable":true,"href":"https:\/\/vocesparalelas.com.ar\/sitio\/wp-json\/wp\/v2\/media\/51901"}],"wp:attachment":[{"href":"https:\/\/vocesparalelas.com.ar\/sitio\/wp-json\/wp\/v2\/media?parent=51898"}],"wp:term":[{"taxonomy":"category","embeddable":true,"href":"https:\/\/vocesparalelas.com.ar\/sitio\/wp-json\/wp\/v2\/categories?post=51898"},{"taxonomy":"post_tag","embeddable":true,"href":"https:\/\/vocesparalelas.com.ar\/sitio\/wp-json\/wp\/v2\/tags?post=51898"}],"curies":[{"name":"wp","href":"https:\/\/api.w.org\/{rel}","templated":true}]}}