{"id":51875,"date":"2022-08-24T21:07:27","date_gmt":"2022-08-25T00:07:27","guid":{"rendered":"https:\/\/vocesparalelas.com.ar\/sitio\/?p=51875"},"modified":"2022-08-25T00:22:06","modified_gmt":"2022-08-25T03:22:06","slug":"diputados-tratan-el-nuevo-codigo-procesal-laboral-de-san-juan","status":"publish","type":"post","link":"https:\/\/vocesparalelas.com.ar\/sitio\/diputados-tratan-el-nuevo-codigo-procesal-laboral-de-san-juan\/","title":{"rendered":"Diputados tratan el nuevo C\u00f3digo Procesal Laboral de San Juan"},"content":{"rendered":"<div class=\"itemFullText jbintrotext\">\n<p>En el marco de la D\u00e9cima Sesi\u00f3n, la C\u00e1mara de Diputados de San Juan somete a votaci\u00f3n el despacho favorable emitido por las comisiones de Legislaci\u00f3n y Asuntos Constitucionales y Justicia y Seguridad sobre la sustituci\u00f3n del C\u00f3digo Procesal Laboral. Cabe recordar que este proyecto de Ley fue presentado por la Corte de Justicia y tom\u00f3 estado parlamentario en la Decimoquinta Sesi\u00f3n del per\u00edodo ordinario 2021.<\/p>\n<\/div>\n<div class=\"itemFullText\">\n<p>Asimismo, el cuerpo Legislativo aborda cuatro proyectos de Ley del Poder Ejecutivo que proponen ratificar convenios de colaboraci\u00f3n. Uno firmado con el Consejo Regional de Coquimbo; otro con la Universidad de San Isidro; un tercero con la Administraci\u00f3n Federal de Ingresos P\u00fablicos y por \u00faltimo, con la Secretar\u00eda de Energ\u00eda de la Naci\u00f3n.<\/p>\n<p>Por otro lado, los diputados pondr\u00e1n a consideraci\u00f3n un proyecto de Ley de autor\u00eda del legislador Rodolfo Jalife que propone la imposici\u00f3n del nombre \u201cMaestro Juan Reyes Luna\u201d a la Unidad Educativa para Adultos N\u00b014, ubicada en el departamento 25 de Mayo. Tambi\u00e9n tratar\u00e1n un proyecto de Ley presentado por el diputado Silvio Atencio para reemplazar el nombre de la escuela EGB 3 y Polimodal Astica por el de \u201cSecundario Astica\u201d.<\/p>\n<p>Por \u00faltimo, debatir\u00e1n si otorgan acuerdo al dictamen emitido en base a las investigaciones realizadas a la Cuenta General 2021 del Tribunal de Cuentas.<\/p>\n<p><span style=\"color: #800080;\"><strong>Modificaci\u00f3n del C\u00f3digo Procesal Laboral<\/strong><\/span><\/p>\n<p>Tras la emisi\u00f3n de un despacho favorable de las respectivas comisiones, el cuerpo Legislativo abordar\u00e1 este jueves en el recinto un proyecto de Ley remitido por la Corte de Justicia que propone sustituir el C\u00f3digo Procesal Laboral, en atenci\u00f3n a la necesidad de readecuar las normas al nuevo C\u00f3digo Civil y Comercial de la Naci\u00f3n.<\/p>\n<p>Cabe se\u00f1alar que este proyecto de Ley en materia de competencia, se incluyen nuevos supuestos, tales como las acciones de amparos, las originadas en hechos de violencia laboral en el \u00e1mbito privado, la revisi\u00f3n de resoluciones de la Comisi\u00f3n M\u00e9dica Jurisdiccional y Comisi\u00f3n M\u00e9dica Central, que no estaban comprendidos en la anterior ley y fueron receptadas jurisprudencialmente. Unifican los plazos procesales evitando la confusi\u00f3n que la multiplicidad de ellos acarreaba en el justiciable. Se explicita que la carta poder, solo puede ser otorgada por los trabajadores y que, el beneficio de justicia gratuita, alcanza a quienes invoquen el car\u00e1cter de trabajador, aun cuando en la sentencia definitiva no se logre acreditar la relaci\u00f3n laboral.<\/p>\n<p>A fin de producir toda o la mayor parte de la prueba establecida por el Juez o Jueza en la audiencia inicial, se implementan distintos mecanismos, entre ellos: en la prueba informativa, se incorporan medidas compulsivas contra entidades p\u00fablicas o privadas, con el objeto de asegurar la contestaci\u00f3n del informe requerido; en la prueba testimonial, se faculta al Juez o Jueza a disponer una audiencia complementaria, lo cual redundar\u00e1 en una disminuci\u00f3n de la tasa de inasistencia injustificada de quienes deban testificar. Se regula un procedimiento monitorio para supuestos donde surja evidente y sin discusi\u00f3n alguna, el pago inmediato de determinados rubros e indemnizaciones legales, difiri\u00e9ndose al proceso ordinario todo aquello que pudiera suscitar controversia. En materia de costas, se prev\u00e9 una distribuci\u00f3n m\u00e1s ecu\u00e1nime en vista a salvaguardar la naturaleza alimentaria del cr\u00e9dito del trabajador y su integralidad, atendiendo a los principios tuitivos del Derecho Laboral. Se incorporan normas que permiten la implementaci\u00f3n de tecnolog\u00eda digital. En tal sentido, se autoriza la realizaci\u00f3n de audiencias por medios electr\u00f3nicos, lo que facilita y agiliza la recepci\u00f3n de testimoniales fuera de la Provincia.<\/p>\n<p><span style=\"color: #800080;\"><strong>Convenio con el Consejo Regional de Coquimbo<\/strong><\/span><\/p>\n<p>Luego, los legisladores y legisladoras deber\u00e1n tratar un proyecto de Ley del Poder Ejecutivo, mediante Mensaje N\u00ba 35, que propone aprobar un convenio de Cooperaci\u00f3n y Asistencia Mutua, suscriptos el 13 de mayo de 2022, entre el Consejo Regional de Coquimbo y el Ministerio de Obras y Servicios P\u00fablicos de la Provincia de San Juan.<\/p>\n<p>El objeto de este acuerdo consiste en delinear los pasos necesarios para establecer lazos permanentes que permitan avanzar en diversas materias de inter\u00e9s com\u00fan para ambas partes, priorizando todo lo referente al Proyecto de construcci\u00f3n del T\u00fanel de Agua Negra. En este sentido,\u00a0 el Ministerio de Obras y Servicios P\u00fablicos de la Provincia de San Juan conjuntamente con el Consejo Regional de Coquimbo se comprometen a aportar todos sus recursos disponibles, tanto humano como materiales, tecnol\u00f3gicos, de conocimiento y de cualquier otro tipo que sean necesario para generar diversas instancias de dialogo que deriven en acciones inmediatas, concretas y palpables, para impulsar fuertemente dicho Proyecto, trabajar de manera mancomunada en la generaci\u00f3n de nuevos planes y oportunidades de orden, social, cultural, comercial, econ\u00f3mico, tur\u00edstico, y toda \u00edndole, derivados de los potenciales beneficios que sin duda alguna traer\u00e1 aparejados esta mega obra.<\/p>\n<p><span style=\"color: #800080;\"><strong>Convenio con la Universidad de San Isidro<\/strong><\/span><\/p>\n<p>A continuaci\u00f3n, la Legislatura pondr\u00e1 a consideraci\u00f3n un proyecto de Ley remitido por el Poder Ejecutivo, mediante Mensaje N\u00ba 34, que propone ratificar un convenio marco de Colaboraci\u00f3n Institucional, entre la Secretar\u00eda de Estado de Seguridad y Orden P\u00fablico y la Universidad de San Isidro \u00abDr. Placido Mar\u00edn\u00bb.<\/p>\n<p>En el referido convenio, las partes acuerdan que se comprometen a implementar un sistema que permita a los miembros de la secretar\u00eda e integrantes, tener acceso a todos los cursos, programas y\/o diplomaturas organizados por la direcci\u00f3n acad\u00e9mica de diplomaturas y cursos que sean de su inter\u00e9s e incumbencia.<\/p>\n<p>En este sentido, la secretar\u00eda se compromete, como contraprestaci\u00f3n al beneficio concedido por la universidad, a difundir entre sus miembros todas las actividades de la universidad que puedan ser de su inter\u00e9s.<\/p>\n<p>Por otra parte, la universidad se compromete a realizar las tareas de coordinaci\u00f3n general, la gesti\u00f3n educativa e instrumentar las pol\u00edticas tendientes al mejor logro de los objetivos propuestos.<\/p>\n<p><span style=\"color: #800080;\"><strong>Convenio con la Administraci\u00f3n Federal de Ingresos P\u00fablicos<\/strong><\/span><\/p>\n<p>Seguidamente, la C\u00e1mara considerar\u00e1 un proyecto de Ley del Poder Ejecutivo, mediante Mensaje N\u00ba 43, que propone aprobar un convenio marco de Cooperaci\u00f3n entre la Provincia de San Juan y la Administraci\u00f3n Federal de Ingresos P\u00fabicos.<\/p>\n<p>El objeto de este acuerdo consiste en coordinar esfuerzos de cooperaci\u00f3n, as\u00ed como explorar la posibilidad de encarar en conjunto acciones de colaboraci\u00f3n, intercambio de conocimientos y buenas pr\u00e1cticas, en funci\u00f3n de los objetivos propuestos, pudiendo acordar por Convenios Espec\u00edficos la realizaci\u00f3n de obras bajo los t\u00e9rminos del Convenio.<\/p>\n<p><span style=\"color: #800080;\"><strong>Convenio con la Secretar\u00eda de Energ\u00eda de la Naci\u00f3n<\/strong><\/span><\/p>\n<p>Asimismo, los diputados y diputadas tratar\u00e1n un proyecto de Ley remitido por el Poder Ejecutivo, mediante Mensaje N\u00ba 47, que propone aprobar un convenio marco de Colaboraci\u00f3n \u00abAprovechamiento Hidroenerg\u00e9tico Multiprop\u00f3sito El Tambolar y F\u00e1brica de Paneles Solares Fotovoltaicos\u00bb firmado entre la Secretaria de Energ\u00eda de la Naci\u00f3n, y la Provincia de San Juan.<\/p>\n<p>El objeto de este acuerdo consiste en:<\/p>\n<ul>\n<li>posibilitar el mayor grado de regulaci\u00f3n de su caudal, disminuyendo los crecientes riesgos de sequ\u00edas e inundaciones producto de la variabilidad clim\u00e1tica;<\/li>\n<li>contribuir a la utilizaci\u00f3n m\u00e1s eficiente del uso del agua para actividades productivas, con el objeto de mantener la superficie cultivada de manera racional y sostenible;<\/li>\n<li>contribuir a la generaci\u00f3n de energ\u00eda el\u00e9ctrica sustentable y de fuente renovable, decidiendo dar inicio a la segunda etapa del aprovechamiento hidroenerg\u00e9tico multiprop\u00f3sito El Tambolar, y adem\u00e1s<\/li>\n<li>propone aprobar la Adenda al Convenio Marco de Colaboraci\u00f3n a los efectos de sustituir la CLAUSULA OCTAVA &#8216;del \u00abConvenio Marco de Colaboraci\u00f3n \u00abAprovechamiento Hidroenerg\u00e9tico Multiprop\u00f3sito El Tambolar y F\u00e1brica de Paneles Solares Fotovoltaicos\u00bb por la siguiente:<\/li>\n<\/ul>\n<p>\u201cLa Secretar\u00eda instruir\u00e1 a CAMMESA la afectaci\u00f3n adicional de los flujos de los CONTRATOS MEM, mencionados en la CLAUSULA SEXTA a la ejecuci\u00f3n del Camino de Perilago de conformidad a los acuerdos y contratos suscriptos y normativa vigente\u201d.<\/p>\n<p><span style=\"color: #800080;\"><strong>Imposici\u00f3n de nombre a un establecimiento educativo para adultos<\/strong><\/span><\/p>\n<p>Despu\u00e9s, pondr\u00e1n a consideraci\u00f3n un proyecto de Ley presentado por el diputado Rodolfo Jalife que propone establecer el nombre de \u201cMaestro Juan Reyes Luna\u201d a la Unidad Educativa para Adultos N\u00b014, ubicada en la localidad de Santa Rosa, departamento 25 de Mayo, dependiente de la Direcci\u00f3n de Educaci\u00f3n de Adultos del Ministerio de Educaci\u00f3n de la provincia de San Juan.<\/p>\n<p><span style=\"color: #800080;\"><strong>Cambio de nombre a una escuela de Valle F\u00e9rtil<\/strong><\/span><\/p>\n<p>Con el objetivo de reemplazar el nombre de la escuela EGB 3 y Polimodal Astica dependiente de la Direcci\u00f3n de Educaci\u00f3n Secundaria del Ministerio de Educaci\u00f3n de la Provincia de San Juan, por el de \u201cSecundario Astica\u201d, la C\u00e1mara de Diputados someter\u00e1 a votaci\u00f3n esta iniciativa presentada por el diputado Silvio Atencio.<\/p>\n<p><span style=\"color: #800080;\"><strong>Dictamen del Tribunal de Cuentas<\/strong><\/span><\/p>\n<p>Por otra parte, el Poder Legislativo pondr\u00e1 a consideraci\u00f3n el dictamen de Admisi\u00f3n Formal, el que se ha elaborado en base al informe de Auditor\u00eda emitido por la contadora p\u00fablica nacional Salinas Mut, Ana Laura, designada por la C\u00e1mara de Diputados por Resoluci\u00f3n N\u00ba 19\/22 y a investigaciones propias realizadas a la Cuenta General 2021 del Tribunal de Cuentas.<\/p>\n<p>El presente Dictamen tiene como finalidad comunicar a la C\u00e1mara de Diputados el resultado del an\u00e1lisis formal realizado a la Cuenta General Ejercicio 2021.<\/p>\n<p><span style=\"color: #800080;\"><strong>Proyectos de Resoluci\u00f3n<\/strong><\/span><\/p>\n<p>Adem\u00e1s, el cuerpo parlamentario tratar\u00e1 los siguientes proyectos de Resoluci\u00f3n que proponen declara de inter\u00e9s:<\/p>\n<ul>\n<li>Cient\u00edfico, social y cultural, el VI Congreso Bienal de la Secci\u00f3n Argentina del IEEE; \u00abIEEE ARGENCON 2022\u00bb, que se realizar\u00e1 en la Provincia de San juan, desde el d\u00eda 5 hasta el d\u00eda 9 de septiembre de 2022. (Diputada Celina Ramella)<\/li>\n<li>Hist\u00f3rico, tur\u00edstico, cultural y deportivo el \u00ab63\u00b0 Rally Nacional de Motos Antiguas\u00bb, a desarrollarse en la provincia de San Juan los d\u00edas 18, 19 y 20 de noviembre del presente a\u00f1o y que recorrer\u00e1 el Circuito Interlagos, Aut\u00f3dromo el Zonda \u00abEduardo Copello\u00bb y Circuito Villicum. (Diputada Graciela Seva)<\/li>\n<li>Social, cultural y educativo las actividades a desarrollarse en el marco del Programa \u00abPasa la Posta &#8211; Multiplicadores Territoriales en Derechos Humanos\u00bb, destinadas a j\u00f3venes sanjuaninos. (Diputado Gast\u00f3n Berenguer)<\/li>\n<li>El Concurso de Ensayos: \u00abMalvinas: 189 a\u00f1os de reclamo permanente y a 40 a\u00f1os del conflicto b\u00e9lico\u00bb realizado por el Foro de Abogados de San Juan a trav\u00e9s del Instituto de la Cuesti\u00f3n Malvinas con fecha para la presentaci\u00f3n de las ponencias desde el 28 de junio hasta el 31 de agosto de 2022. (Diputada Nancy Pic\u00f3n y diputado Sergio Miodowsky)<\/li>\n<li>Deportivo, social y cultural I los aniversarios del Club Social y Cultural Angaqueros del Sud. (Diputado Miguel S\u00e1nchez)<\/li>\n<li>Legislativo, social, cultural y educativo las actividades que el Movimiento Scout llevar\u00e1 a cabo durante los d\u00edas 27 y 28 de agosto del a\u00f1o 2022 en la provincia de San Juan con motivo de conmemorar un nuevo aniversario de su creaci\u00f3n. Tambi\u00e9n decl\u00e1rese de inter\u00e9s cultural y religioso, las actividades a celebrarse el d\u00eda 10 de septiembre del corriente a\u00f1o en la provincia de San Juan, en conmemoraci\u00f3n a la Virgen Nuestra Se\u00f1ora de los Scout. (Diputado Enzo Cornejo)<\/li>\n<li>Legislativo, educativo y cient\u00edfico la Celebraci\u00f3n de la Semana Mundial de la Lactancia Materna comprendida entre los d\u00edas 1 y 7 de agosto de cada a\u00f1o. (Diputado Enzo Cornejo)<\/li>\n<li>Social, educativo y cient\u00edfico la Conferencia sobre \u00abREALISMO Y TEORIA DEL DELITO\u00bb cuyo disertante es el Dr. Ra\u00fal Eugenio Zaffaroni, y que se llevar\u00e1 a cabo el d\u00eda 1 de septiembre de 2022, a las 10:30 horas en el Sal\u00f3n Sarmiento del foro de Abogados de San Juan. (Diputada Celina Ramella)<\/li>\n<li>Social, Cultural e Inclusiva la obra de teatro \u201cEl hombre que perdi\u00f3 su sombra\u201d. (Bloque Justicialista)<\/li>\n<li>Social, Cultural y Educativo la XX Jornada Provincial de J\u00f3venes Profesionales en Ciencias Econ\u00f3micas. (Bloque Justicialista)<\/li>\n<li>Las actividades a llevarse a cabo por el 114\u00aa aniversario del Departamento Rivadavia. (Bloque Producci\u00f3n y Trabajo).<\/li>\n<\/ul>\n<p><span style=\"color: #800080;\"><strong>Proyectos que ingresan a comisiones<\/strong><\/span><\/p>\n<p>En la D\u00e9cima Sesi\u00f3n del periodo ordinario tomar\u00e1n estado parlamentario las siguientes comunicaciones oficiales que proponen:<\/p>\n<ul>\n<li>Rendici\u00f3n de cuentas integral sobre el Estado y la evoluci\u00f3n de Fondos de Reserva Antic\u00edclico. (Poder Ejecutivo. Comisi\u00f3n de Hacienda)<\/li>\n<li>Nota N\u00b0 12446 con la que adjunta ejemplar del informe institucional EPRE SAN JUAN-ANUARIO 2021 HASTA JUNIO 2022. (Ente Provincial Regulador de la Electricidad (E.P.R.E.)-\u00a0 A conocimiento)<\/li>\n<li>Nota N\u00b0 12445 con la que adjunta ejemplar del informe institucional EPRE SAN JUAN-ANUARIO 2021 HASTA JUNIO 2022. (Ente Provincial Regulador de la Electricidad (E.P.R.E.)-\u00a0 A conocimiento)<\/li>\n<li>nota N\u00b0 12452 en el marco de las actividades del \u00abEspacio de Participaci\u00f3n para la Adopci\u00f3n de Acciones Regulatorias Locales, Eficaces para la Mejora de la Actividad de Generaci\u00f3n Distribuida. (Ente Provincial Regulador de la Electricidad (E.P.R.E.)-\u00a0 A conocimiento)<\/li>\n<\/ul>\n<p>Por otro lado, ingresaron las siguientes comunicaciones particulares que proponen:<\/p>\n<ul>\n<li>Declarar de inter\u00e9s acad\u00e9mico, cultural y provincial al XXV Congreso Nacional de Estudiantes de Ingenier\u00eda Qu\u00edmica y carreras afines (CONEIQ) y III Binacional de Estudiantes de Ingenier\u00eda Qu\u00edmica (Argentina-Chile). (Estudiantes miembros de la Asociaci\u00f3n Civil Sanjuanina de Estudiantes de Ingenier\u00eda en Alimentos y Qu\u00edmica (ASEIAQ) \u2013 Comisi\u00f3n Peticiones y Poderes)<\/li>\n<li>Declarar de inter\u00e9s legislativo la realizaci\u00f3n del Encuentro Deportivo Nacional de Profesionales en Ciencias Econ\u00f3micas. (Consejo Profesional de Ciencias Econ\u00f3micas de San Juan- A conocimiento).<\/li>\n<li>Declarar de inter\u00e9s legislativo las \u00ab2\u00aa Jornadas Regionales del sector p\u00fablico 2022, bajo el lema: \u00abLiderar el cambio hacia la digitalizaci\u00f3n del Estado, un desaf\u00edo en pos de la mejora continua\u00bb. (Consejo Profesional de Ciencias Econ\u00f3micas de San Juan- A conocimiento)<\/li>\n<li>Elaborar un proyecto de ley para la donaci\u00f3n de un terreno. (Asociaci\u00f3n Civil Excombatientes Sanjuaninos Operativo Independencia, clases 53 a 59 \u2013 A conocimiento).<\/li>\n<\/ul>\n<p>Asimismo, fue presentado a sus respectivas comisiones un proyecto de Ley de autor\u00eda de la diputada Marcela Monti que propone crear el \u00d3rgano de Revisi\u00f3n de Salud Mental y la Comisi\u00f3n de Salud Mental.<\/p>\n<p>Adem\u00e1s, ingresaron para sus tratamientos en comisiones, los siguientes proyectos de Resoluci\u00f3n que proponen declarar de inter\u00e9s:<\/p>\n<ul>\n<li>Cultural el 10\u00b0certamen de folclore a desarrollarse en el departamento San Martin. (Diputado Miguel S\u00e1nchez- Comisi\u00f3n Peticiones y Poderes)<\/li>\n<li>Cultural el \u00abFestival de Malambo Femenino y Danzas Folcl\u00f3ricas\u00bb. (Diputada Celina Ramella- Comisi\u00f3n Educaci\u00f3n)<\/li>\n<li>Legislativo \u00abla Jornada de Derecho Laboral, dirigida por el Dr. Grisolia.\u00bb (Diputado Enzo Cornejo- Comisi\u00f3n Educaci\u00f3n)<\/li>\n<\/ul>\n<p>Por \u00faltimo, fueron presentados los siguientes proyectos de Comunicaci\u00f3n que solicitan al Poder Ejecutivo:<\/p>\n<ul>\n<li>La construcci\u00f3n del puente en la Ruta N\u00b0 60 a la altura del R\u00edo Traves\u00eda (Rio Seco) en el departamento de Ullum. (Diputado Sim\u00f3n Ortiz- Comisiones Obras y Servicios P\u00fablicos; Peticiones y Poderes)<\/li>\n<li>Realizar las gestiones necesarias para la instalaci\u00f3n de cajeros autom\u00e1ticos en el departamento Iglesia. (Diputado Mauro Marinero- Comisi\u00f3n Peticiones y Poderes)<\/li>\n<li>Trabajar en la b\u00fasqueda de alternativas factibles tendientes a atenuar el impacto tarifario que recae en los consumos de energ\u00eda el\u00e9ctrica. (Diputado Jorge Barifusa- Comisi\u00f3n Obras y Servicios P\u00fablicos)<\/li>\n<li>Implementar cr\u00e9ditos. (Diputado Sergio Miodowsky Nancy Pic\u00f3n. Comisi\u00f3n Hacienda y Presupuesto).<\/li>\n<li>Concretar las obras de urbanizaci\u00f3n de la traza de calle Manuel Lemos, Departamento Rawson. (Diputados Juan Carlos Gioja y Leonardo Gioja y la diputada Graciela Seva. Comisi\u00f3n Obras y Servicios P\u00fablicos)<\/li>\n<li>Colocar Ciclovias sobre calles Hip\u00f3lito Yrigoyen, Avenida Rawson, Ignacio de la Roza, Aberastain, Urquiza, Rastreador Calivar, Salta, Avenida Benavidez, Mendoza, La Heras y Conector Sur\u00bb. (Diputado Gustavo Us\u00edn- Comisi\u00f3n Obras y Servicios P\u00fablicos).<\/li>\n<\/ul>\n<p><img loading=\"lazy\" decoding=\"async\" class=\"alignnone size-full wp-image-37951\" src=\"https:\/\/vocesparalelas.com.ar\/sitio\/wp-content\/uploads\/2021\/05\/CAMARA-EDIFICIO.jpg\" alt=\"\" width=\"800\" height=\"515\" srcset=\"https:\/\/vocesparalelas.com.ar\/sitio\/wp-content\/uploads\/2021\/05\/CAMARA-EDIFICIO.jpg 800w, https:\/\/vocesparalelas.com.ar\/sitio\/wp-content\/uploads\/2021\/05\/CAMARA-EDIFICIO-300x193.jpg 300w, https:\/\/vocesparalelas.com.ar\/sitio\/wp-content\/uploads\/2021\/05\/CAMARA-EDIFICIO-768x494.jpg 768w\" sizes=\"auto, (max-width: 800px) 100vw, 800px\" \/><\/p>\n<\/div>\n<p>Publicado el Mi\u00e9rcoles, 22 de Agosto de 2022<\/p>\n","protected":false},"excerpt":{"rendered":"<p>En el marco de la D\u00e9cima Sesi\u00f3n, la C\u00e1mara de Diputados de San Juan somete a votaci\u00f3n el despacho favorable<\/p>\n","protected":false},"author":3,"featured_media":8062,"comment_status":"closed","ping_status":"closed","sticky":false,"template":"","format":"standard","meta":{"_acf_changed":false,"_seopress_robots_primary_cat":"none","_seopress_titles_title":"","_seopress_titles_desc":"","_seopress_robots_index":"","colormag_page_container_layout":"default_layout","colormag_page_sidebar_layout":"default_layout","footnotes":""},"categories":[1],"tags":[],"class_list":["post-51875","post","type-post","status-publish","format-standard","has-post-thumbnail","hentry","category-destacadas"],"acf":[],"_links":{"self":[{"href":"https:\/\/vocesparalelas.com.ar\/sitio\/wp-json\/wp\/v2\/posts\/51875","targetHints":{"allow":["GET"]}}],"collection":[{"href":"https:\/\/vocesparalelas.com.ar\/sitio\/wp-json\/wp\/v2\/posts"}],"about":[{"href":"https:\/\/vocesparalelas.com.ar\/sitio\/wp-json\/wp\/v2\/types\/post"}],"author":[{"embeddable":true,"href":"https:\/\/vocesparalelas.com.ar\/sitio\/wp-json\/wp\/v2\/users\/3"}],"replies":[{"embeddable":true,"href":"https:\/\/vocesparalelas.com.ar\/sitio\/wp-json\/wp\/v2\/comments?post=51875"}],"version-history":[{"count":1,"href":"https:\/\/vocesparalelas.com.ar\/sitio\/wp-json\/wp\/v2\/posts\/51875\/revisions"}],"predecessor-version":[{"id":51877,"href":"https:\/\/vocesparalelas.com.ar\/sitio\/wp-json\/wp\/v2\/posts\/51875\/revisions\/51877"}],"wp:featuredmedia":[{"embeddable":true,"href":"https:\/\/vocesparalelas.com.ar\/sitio\/wp-json\/wp\/v2\/media\/8062"}],"wp:attachment":[{"href":"https:\/\/vocesparalelas.com.ar\/sitio\/wp-json\/wp\/v2\/media?parent=51875"}],"wp:term":[{"taxonomy":"category","embeddable":true,"href":"https:\/\/vocesparalelas.com.ar\/sitio\/wp-json\/wp\/v2\/categories?post=51875"},{"taxonomy":"post_tag","embeddable":true,"href":"https:\/\/vocesparalelas.com.ar\/sitio\/wp-json\/wp\/v2\/tags?post=51875"}],"curies":[{"name":"wp","href":"https:\/\/api.w.org\/{rel}","templated":true}]}}