{"id":51868,"date":"2022-08-24T22:12:08","date_gmt":"2022-08-25T01:12:08","guid":{"rendered":"https:\/\/vocesparalelas.com.ar\/sitio\/?p=51868"},"modified":"2022-08-25T00:24:24","modified_gmt":"2022-08-25T03:24:24","slug":"firma-de-convenio-para-la-extension-horaria-en-las-escuelas-de-zonas-alejadas-de-san-juan","status":"publish","type":"post","link":"https:\/\/vocesparalelas.com.ar\/sitio\/firma-de-convenio-para-la-extension-horaria-en-las-escuelas-de-zonas-alejadas-de-san-juan\/","title":{"rendered":"Firma de Convenio para la extensi\u00f3n horaria en las Escuelas de Zonas Alejadas de San Juan"},"content":{"rendered":"<p>La Ministro de Educaci\u00f3n del Gobierno de San Juan, Prof. Cecilia Trincado y el ministro de Educaci\u00f3n de la Naci\u00f3n, Lic. Jaime Perczyk, rubricaron en Buenos Aires, el convenio que extiende una hora la jornada escolar dando cumplimiento a la Ley de Educaci\u00f3n Nacional N\u00b0 26206, refrendada por el Consejo Federal de Educaci\u00f3n y que constituye una pol\u00edtica orientada a mejorar, progresivamente, la calidad de los procesos de ense\u00f1anza y de aprendizaje en Lengua y en Matem\u00e1tica. Tambi\u00e9n estuvo presente la secretaria de Educaci\u00f3n de la Naci\u00f3n, Dra. Silvina Gvirtz.<\/p>\n<p><span style=\"color: #339966;\"><strong>Proceso para la aplicaci\u00f3n<\/strong><\/span><\/p>\n<p>En San Juan, desde el 1 de Agosto de 2022, en una primera etapa se implement\u00f3 en 23 instituciones educativas; cada una defini\u00f3 en funci\u00f3n de sus posibilidades su organizaci\u00f3n administrativa y pedag\u00f3gico-did\u00e1ctica.<\/p>\n<p>Desde el Ministerio de Educaci\u00f3n del Gobierno de San Juan se instrument\u00f3 un dispositivo para la propuesta pedag\u00f3gica, acompa\u00f1ando a las comunidades educativas en la implementaci\u00f3n.<\/p>\n<p>Para su aplicaci\u00f3n se realiz\u00f3 un trabajo previo manteniendo reuniones territoriales con cada una de las instituciones educativas, consensuando orientaciones para el dise\u00f1o de la ense\u00f1anza. En funci\u00f3n de sus posibilidades, cada una defini\u00f3 aspectos relativos a la organizaci\u00f3n administrativa y pedag\u00f3gico-did\u00e1ctica.<\/p>\n<p>Estos encuentros posibilitaron que directivos y docentes, acompa\u00f1ados por las supervisoras de estas zonas, compartieran inquietudes, preguntas y temores. Adem\u00e1s, repensaron sus pr\u00e1cticas docentes encontrando en esta pol\u00edtica, que supone otros tiempos, una oportunidad para profundizar el trabajo que realizan mediante nuevas estrategias. Fue una invitaci\u00f3n a pensarse como protagonistas de un hacer diferente, recreando propuestas did\u00e1cticas en funci\u00f3n de las posibilidades de aprendizaje de sus estudiantes y del contexto.<\/p>\n<p><span style=\"color: #339966;\"><strong>Instituciones educativas que extendieron su horario<\/strong><\/span><\/p>\n<ul>\n<li>Escuela Maestro Argentino, Departamento Pocito<\/li>\n<li>Escuela Mar\u00eda Curie, Departamento 25 de Mayo<\/li>\n<li>Escuela 12 de Octubre, Departamento Calingasta<\/li>\n<li>Escuela Estanislao del Campo, Departamento Caucete<\/li>\n<li>Escuela Rep\u00fablica Argentina, Departamento Caucete<\/li>\n<li>Escuela Leticia de Sormani, Departamento Caucete,<\/li>\n<li>Escuela de la Patria, Departamento Valle F\u00e9rtil<\/li>\n<li>Escuela Fragata Presidente Sarmiento, Departamento Valle F\u00e9rtil<\/li>\n<li>Escuela Bethsab\u00e9 Pelliza De Espinosa, Departamento Valle F\u00e9rtil<\/li>\n<li>Escuela Armada Argentina, Departamento Valle F\u00e9rtil<\/li>\n<li>Escuela Albergue Hernando De Magallanes, Departamento Valle F\u00e9rtil<\/li>\n<li>Escuela Albergue Marcos J. G\u00f3mez Narv\u00e1ez, Departamento Valle F\u00e9rtil,<\/li>\n<li>Escuela Yapey\u00fa, Departamento Iglesia<\/li>\n<li>Escuela Juan Jos\u00e9 V\u00e9rtiz, Departamento Iglesia<\/li>\n<li>Escuela Presidente Mitre y su Anexo Cacique Angaco, Departamento Iglesia<\/li>\n<li>Escuela Antenor Flores Vidal, Departamento J\u00e1chal<\/li>\n<li>Escuela Agust\u00edn G\u00f3mez, Departamento J\u00e1chal<\/li>\n<li>Escuela Jos\u00e9 M\u00e1rmol, Departamento J\u00e1chal<\/li>\n<li>Escuela Juan Mart\u00edn de Pueyrred\u00f3n, Departamento J\u00e1chal<\/li>\n<li>Escuela Monse\u00f1or Tom\u00e1s Cruz, Departamento J\u00e1chal<\/li>\n<li>Escuela Presb\u00edtero Patricio L\u00f3pez del Campo, J\u00e1chal<\/li>\n<li>Escuela Capit\u00e1n de Fragata Hip\u00f3lito Buchardo, Departamento J\u00e1chal<\/li>\n<li>Escuela Lorenzo Luzuriaga, Departamento J\u00e1chal<\/li>\n<\/ul>\n<div class=\"itemFullText\">\n<p>Cabe destacar que el Ministerio de Educaci\u00f3n del Gobierno de San Juan trabaja en forma permanente con las Ministerios de Gobierno y Desarrollo Humano y Promoci\u00f3n Social garantizando todas las condiciones necesarias para la accesibilidad y traslado de docentes y estudiantes con la adecuaci\u00f3n y optimizaci\u00f3n de horarios de las unidades de transporte p\u00fablico y las escuelas que cuentan con comedor escolar retornen con el servicio, tras haber sido suspendido por la pandemia.<\/p>\n<\/div>\n<div class=\"clr\"><\/div>\n<div class=\"itemContentFooter\"><span class=\"itemDateModified\">Publicado el Mi\u00e9rcoles, 24 de Agosto de 2022<\/span><\/div>\n","protected":false},"excerpt":{"rendered":"<p>La Ministro de Educaci\u00f3n del Gobierno de San Juan, Prof. Cecilia Trincado y el ministro de Educaci\u00f3n de la Naci\u00f3n,<\/p>\n","protected":false},"author":3,"featured_media":51870,"comment_status":"closed","ping_status":"closed","sticky":false,"template":"","format":"standard","meta":{"_acf_changed":false,"_seopress_robots_primary_cat":"none","_seopress_titles_title":"","_seopress_titles_desc":"","_seopress_robots_index":"","colormag_page_container_layout":"default_layout","colormag_page_sidebar_layout":"default_layout","footnotes":""},"categories":[1],"tags":[],"class_list":["post-51868","post","type-post","status-publish","format-standard","has-post-thumbnail","hentry","category-destacadas"],"acf":[],"_links":{"self":[{"href":"https:\/\/vocesparalelas.com.ar\/sitio\/wp-json\/wp\/v2\/posts\/51868","targetHints":{"allow":["GET"]}}],"collection":[{"href":"https:\/\/vocesparalelas.com.ar\/sitio\/wp-json\/wp\/v2\/posts"}],"about":[{"href":"https:\/\/vocesparalelas.com.ar\/sitio\/wp-json\/wp\/v2\/types\/post"}],"author":[{"embeddable":true,"href":"https:\/\/vocesparalelas.com.ar\/sitio\/wp-json\/wp\/v2\/users\/3"}],"replies":[{"embeddable":true,"href":"https:\/\/vocesparalelas.com.ar\/sitio\/wp-json\/wp\/v2\/comments?post=51868"}],"version-history":[{"count":2,"href":"https:\/\/vocesparalelas.com.ar\/sitio\/wp-json\/wp\/v2\/posts\/51868\/revisions"}],"predecessor-version":[{"id":51874,"href":"https:\/\/vocesparalelas.com.ar\/sitio\/wp-json\/wp\/v2\/posts\/51868\/revisions\/51874"}],"wp:featuredmedia":[{"embeddable":true,"href":"https:\/\/vocesparalelas.com.ar\/sitio\/wp-json\/wp\/v2\/media\/51870"}],"wp:attachment":[{"href":"https:\/\/vocesparalelas.com.ar\/sitio\/wp-json\/wp\/v2\/media?parent=51868"}],"wp:term":[{"taxonomy":"category","embeddable":true,"href":"https:\/\/vocesparalelas.com.ar\/sitio\/wp-json\/wp\/v2\/categories?post=51868"},{"taxonomy":"post_tag","embeddable":true,"href":"https:\/\/vocesparalelas.com.ar\/sitio\/wp-json\/wp\/v2\/tags?post=51868"}],"curies":[{"name":"wp","href":"https:\/\/api.w.org\/{rel}","templated":true}]}}