{"id":51854,"date":"2022-08-24T20:13:57","date_gmt":"2022-08-24T23:13:57","guid":{"rendered":"https:\/\/vocesparalelas.com.ar\/sitio\/?p=51854"},"modified":"2022-08-27T20:59:41","modified_gmt":"2022-08-27T23:59:41","slug":"reubican-a-contratados-que-ingresaron-al-sistema-de-salud-de-san-juan-durante-la-pandemia-de-covid-19","status":"publish","type":"post","link":"https:\/\/vocesparalelas.com.ar\/sitio\/reubican-a-contratados-que-ingresaron-al-sistema-de-salud-de-san-juan-durante-la-pandemia-de-covid-19\/","title":{"rendered":"Reubican a contratados que ingresaron al sistema de salud de San Juan durante la pandemia de COVID-19"},"content":{"rendered":"<p>El Ministerio de Salud P\u00fablica del Gobierno de San Juan informa que, por decisi\u00f3n del gobernador Dr. Sergio U\u00f1ac y tras la asignaci\u00f3n de fondos, el Gobierno de la Provincia financiar\u00e1 a los contratados que ingresaron al sistema de salud durante la pandemia de COVID-19, los cuales ser\u00e1n reubicados en los nuevos hospitales y centros de salud.<\/p>\n<p>La decisi\u00f3n del Ejecutivo provincial constituye un reconocimiento al compromiso, vocaci\u00f3n de servicio y profesionalismo ejercidos por el personal contratado de salud en los diferentes centros sanitarios y hospitales en defensa de la salud de la poblaci\u00f3n de San Juan.<\/p>\n<p>El traspaso se produjo de manera autom\u00e1tica, debiendo los contratados presentar las facturas correspondientes para el pago durante la semana pr\u00f3xima.<\/p>\n<p><img loading=\"lazy\" decoding=\"async\" class=\"alignnone size-large wp-image-1245\" src=\"https:\/\/vocesparalelas.com.ar\/sitio\/wp-content\/uploads\/2017\/05\/CASA-DE-GOBIERNO-01-800x534.jpg\" alt=\"\" width=\"800\" height=\"534\" srcset=\"https:\/\/vocesparalelas.com.ar\/sitio\/wp-content\/uploads\/2017\/05\/CASA-DE-GOBIERNO-01.jpg 800w, https:\/\/vocesparalelas.com.ar\/sitio\/wp-content\/uploads\/2017\/05\/CASA-DE-GOBIERNO-01-300x200.jpg 300w, https:\/\/vocesparalelas.com.ar\/sitio\/wp-content\/uploads\/2017\/05\/CASA-DE-GOBIERNO-01-768x513.jpg 768w\" sizes=\"auto, (max-width: 800px) 100vw, 800px\" \/><\/p>\n<p>Publicado el Mi\u00e9rcoles, 24 de Agosto de 2022<\/p>\n","protected":false},"excerpt":{"rendered":"<p>El Ministerio de Salud P\u00fablica del Gobierno de San Juan informa que, por decisi\u00f3n del gobernador Dr. Sergio U\u00f1ac y<\/p>\n","protected":false},"author":3,"featured_media":41392,"comment_status":"closed","ping_status":"closed","sticky":false,"template":"","format":"standard","meta":{"_acf_changed":false,"_seopress_robots_primary_cat":"none","_seopress_titles_title":"","_seopress_titles_desc":"","_seopress_robots_index":"","colormag_page_container_layout":"default_layout","colormag_page_sidebar_layout":"default_layout","footnotes":""},"categories":[5],"tags":[],"class_list":["post-51854","post","type-post","status-publish","format-standard","has-post-thumbnail","hentry","category-ofrecimientos"],"acf":[],"_links":{"self":[{"href":"https:\/\/vocesparalelas.com.ar\/sitio\/wp-json\/wp\/v2\/posts\/51854","targetHints":{"allow":["GET"]}}],"collection":[{"href":"https:\/\/vocesparalelas.com.ar\/sitio\/wp-json\/wp\/v2\/posts"}],"about":[{"href":"https:\/\/vocesparalelas.com.ar\/sitio\/wp-json\/wp\/v2\/types\/post"}],"author":[{"embeddable":true,"href":"https:\/\/vocesparalelas.com.ar\/sitio\/wp-json\/wp\/v2\/users\/3"}],"replies":[{"embeddable":true,"href":"https:\/\/vocesparalelas.com.ar\/sitio\/wp-json\/wp\/v2\/comments?post=51854"}],"version-history":[{"count":3,"href":"https:\/\/vocesparalelas.com.ar\/sitio\/wp-json\/wp\/v2\/posts\/51854\/revisions"}],"predecessor-version":[{"id":51858,"href":"https:\/\/vocesparalelas.com.ar\/sitio\/wp-json\/wp\/v2\/posts\/51854\/revisions\/51858"}],"wp:featuredmedia":[{"embeddable":true,"href":"https:\/\/vocesparalelas.com.ar\/sitio\/wp-json\/wp\/v2\/media\/41392"}],"wp:attachment":[{"href":"https:\/\/vocesparalelas.com.ar\/sitio\/wp-json\/wp\/v2\/media?parent=51854"}],"wp:term":[{"taxonomy":"category","embeddable":true,"href":"https:\/\/vocesparalelas.com.ar\/sitio\/wp-json\/wp\/v2\/categories?post=51854"},{"taxonomy":"post_tag","embeddable":true,"href":"https:\/\/vocesparalelas.com.ar\/sitio\/wp-json\/wp\/v2\/tags?post=51854"}],"curies":[{"name":"wp","href":"https:\/\/api.w.org\/{rel}","templated":true}]}}