{"id":51844,"date":"2022-08-23T22:34:30","date_gmt":"2022-08-24T01:34:30","guid":{"rendered":"https:\/\/vocesparalelas.com.ar\/sitio\/?p=51844"},"modified":"2022-08-23T22:34:30","modified_gmt":"2022-08-24T01:34:30","slug":"encuentro-con-el-directorio-de-la-empresa-lundin-mining-que-gestiona-el-proyecto-josemaria-de-san-juan","status":"publish","type":"post","link":"https:\/\/vocesparalelas.com.ar\/sitio\/encuentro-con-el-directorio-de-la-empresa-lundin-mining-que-gestiona-el-proyecto-josemaria-de-san-juan\/","title":{"rendered":"Encuentro con el Directorio de la Empresa Lundin Mining que gestiona el Proyecto Josemar\u00eda de San Juan"},"content":{"rendered":"<div class=\"itemFullText\">\n<p>El gobernador de San Juan, Dr. Sergio U\u00f1ac, el vicegobernador CPN Roberto Gattoni y el ministro de Miner\u00eda, Ing. Carlos Astudillo, recibieron en Casa de Gobierno a dirigentes de la empresa Lundin Mining, que lleva adelante el proyecto Josemar\u00eda.<\/p>\n<p>Representando a la entidad privada estuvieron presentes el presidente del Directorio de Lundin Mining, Adam Lundin; el asesor legal, Pablo Mir; el CEO, Peter Rockandel; el CEO de Bluestone Resources, Jack Lundin y el vicepresidente de Asuntos Corporativos de Josemar\u00eda, Alfredo Vitaller.<\/p>\n<p><iframe loading=\"lazy\" title=\"U\u00f1ac se reuni\u00f3 con Directivos del Proyecto Josemar\u00eda\" width=\"800\" height=\"450\" src=\"https:\/\/www.youtube.com\/embed\/KVFEjz1vc98?feature=oembed\" frameborder=\"0\" allow=\"accelerometer; autoplay; clipboard-write; encrypted-media; gyroscope; picture-in-picture\" allowfullscreen><\/iframe><\/p>\n<p>Tras el encuentro el ministro de Miner\u00eda, Ing. Carlos Astudillo asegur\u00f3 que la reuni\u00f3n tuvo como eje el an\u00e1lisis de los avances del proyecto Josemar\u00eda. En ese sentido cont\u00f3 que \u00abtrabajamos d\u00eda a d\u00eda junto a otras \u00e1reas del Estado para la puesta en valor y desarrollo del yacimiento para que la sociedad sanjuanina pueda tener otra mina en producci\u00f3n con un estricto cuidado del ambiente\u00bb.<\/p>\n<p>\u201cSiempre es bueno mantener un di\u00e1logo fluido con las empresas que desarrollan la actividad minera en San Juan. Ya sea en producci\u00f3n, en exploraci\u00f3n, metal\u00edferas y no metal\u00edferas, el di\u00e1logo es fundamental con todos los sectores, porque la miner\u00eda en la provincia la hacemos entre todos\u201d, enfatiz\u00f3 el ministro Astudillo.<\/p>\n<p>Finalmente remarc\u00f3 que todas las \u00e1reas del Estado que intervienen para el desarrollo del proyecto Josemar\u00eda para que \u00abla sociedad tenga la certeza y la garant\u00eda de que estamos abocados a la tarea de que la miner\u00eda en la provincia se hace manera correcta. Y lo hacemos con el cuidado ambiental, una miner\u00eda participativa, una equitativa distribuci\u00f3n de la renta y transparencia hacia la sociedad. Eso es lo que esperamos de Josemar\u00eda y de la miner\u00eda en San Juan\u201d.<\/p>\n<\/div>\n<div class=\"clr\"><\/div>\n<div class=\"itemContentFooter\"><span class=\"itemDateModified\">Publicado el Martes, 23 de Agosto de 2022<\/span><\/div>\n","protected":false},"excerpt":{"rendered":"<p>El gobernador de San Juan, Dr. Sergio U\u00f1ac, el vicegobernador CPN Roberto Gattoni y el ministro de Miner\u00eda, Ing. Carlos<\/p>\n","protected":false},"author":3,"featured_media":51846,"comment_status":"closed","ping_status":"closed","sticky":false,"template":"","format":"video","meta":{"_acf_changed":false,"_seopress_robots_primary_cat":"none","_seopress_titles_title":"","_seopress_titles_desc":"","_seopress_robots_index":"","colormag_page_container_layout":"default_layout","colormag_page_sidebar_layout":"default_layout","footnotes":""},"categories":[1,7],"tags":[],"class_list":["post-51844","post","type-post","status-publish","format-video","has-post-thumbnail","hentry","category-destacadas","category-videos","post_format-post-format-video"],"acf":[],"_links":{"self":[{"href":"https:\/\/vocesparalelas.com.ar\/sitio\/wp-json\/wp\/v2\/posts\/51844","targetHints":{"allow":["GET"]}}],"collection":[{"href":"https:\/\/vocesparalelas.com.ar\/sitio\/wp-json\/wp\/v2\/posts"}],"about":[{"href":"https:\/\/vocesparalelas.com.ar\/sitio\/wp-json\/wp\/v2\/types\/post"}],"author":[{"embeddable":true,"href":"https:\/\/vocesparalelas.com.ar\/sitio\/wp-json\/wp\/v2\/users\/3"}],"replies":[{"embeddable":true,"href":"https:\/\/vocesparalelas.com.ar\/sitio\/wp-json\/wp\/v2\/comments?post=51844"}],"version-history":[{"count":1,"href":"https:\/\/vocesparalelas.com.ar\/sitio\/wp-json\/wp\/v2\/posts\/51844\/revisions"}],"predecessor-version":[{"id":51847,"href":"https:\/\/vocesparalelas.com.ar\/sitio\/wp-json\/wp\/v2\/posts\/51844\/revisions\/51847"}],"wp:featuredmedia":[{"embeddable":true,"href":"https:\/\/vocesparalelas.com.ar\/sitio\/wp-json\/wp\/v2\/media\/51846"}],"wp:attachment":[{"href":"https:\/\/vocesparalelas.com.ar\/sitio\/wp-json\/wp\/v2\/media?parent=51844"}],"wp:term":[{"taxonomy":"category","embeddable":true,"href":"https:\/\/vocesparalelas.com.ar\/sitio\/wp-json\/wp\/v2\/categories?post=51844"},{"taxonomy":"post_tag","embeddable":true,"href":"https:\/\/vocesparalelas.com.ar\/sitio\/wp-json\/wp\/v2\/tags?post=51844"}],"curies":[{"name":"wp","href":"https:\/\/api.w.org\/{rel}","templated":true}]}}