{"id":51841,"date":"2022-08-23T22:26:35","date_gmt":"2022-08-24T01:26:35","guid":{"rendered":"https:\/\/vocesparalelas.com.ar\/sitio\/?p=51841"},"modified":"2022-08-23T22:26:35","modified_gmt":"2022-08-24T01:26:35","slug":"definieron-los-temas-de-la-decima-sesion-en-la-labor-parlamentaria-de-san-juan","status":"publish","type":"post","link":"https:\/\/vocesparalelas.com.ar\/sitio\/definieron-los-temas-de-la-decima-sesion-en-la-labor-parlamentaria-de-san-juan\/","title":{"rendered":"Definieron los temas de la D\u00e9cima Sesi\u00f3n en la Labor Parlamentaria de San Juan"},"content":{"rendered":"<div class=\"itemFullText jbintrotext\">\n<p>Los legisladores titulares de los diferentes bloques que forman parte de la C\u00e1mara de Diputados de San Juan definieron en la reuni\u00f3n de Labor Parlamentaria, el temario del orden del d\u00eda de la D\u00e9cima Sesi\u00f3n del per\u00edodo ordinario a realizarse el Jueves, 25 de Agosto de 2022, a las 9.30 horas.<\/p>\n<\/div>\n<div class=\"itemFullText\">\n<p>El encuentro estuvo presidido por el vicepresidente primero, diputado Eduardo Cabello. Acompa\u00f1\u00f3 el secretario Legislativo, Dr. Nicol\u00e1s Alvo; el vicepresidente segundo, diputado Carlos Platero y el vicepresidente alterno, diputado Dr. Edgardo Sancassani. Tambi\u00e9n estuvieron presentes los presidentes de los bloques Justicialista, Juan Carlos Abarca; Producci\u00f3n y Trabajo, Sergio Miodoswky; Bloquista, Andr\u00e9s Chanampa; San Juan Primero, Enrique Monta\u00f1o; bloque del Este, Marcelo Mallea; bloque Actuar, Gustavo Us\u00edn y bloque Frente Grande, diputado Horacio Quiroga.<\/p>\n<p><span style=\"color: #800080;\"><strong>Modificaci\u00f3n del C\u00f3digo Procesal Laboral<\/strong><\/span><\/p>\n<p>Tras el despacho positivo de las respectivas comisiones, el cuerpo Legislativo abordar\u00e1 este jueves en el recinto un proyecto de Ley remitido por la Corte de Justicia que propone modificar el C\u00f3digo Procesal Laboral, en atenci\u00f3n a la necesidad de readecuar las normas al nuevo C\u00f3digo Civil y Comercial de la Naci\u00f3n.<\/p>\n<p>Cabe se\u00f1alar que este proyecto de Ley en materia de competencia, se incluyen nuevos supuestos, tales como las acciones de amparos, las originadas en hechos de violencia laboral en el \u00e1mbito privado, la revisi\u00f3n de resoluciones de la Comisi\u00f3n M\u00e9dica Jurisdiccional y Comisi\u00f3n M\u00e9dica Central, que no estaban comprendidos en la anterior ley y fueron receptadas jurisprudencialmente. Unifican los plazos procesales evitando la confusi\u00f3n que la multiplicidad de ellos acarreaba en el justiciable. Se explicita que la carta poder, solo puede ser otorgada por los trabajadores y que, el beneficio de justicia gratuita, alcanza a quienes invoquen el car\u00e1cter de trabajador, aun cuando en la sentencia definitiva no se logre acreditar la relaci\u00f3n laboral.<\/p>\n<p>A fin de producir toda o la mayor parte de la prueba establecida por el Juez o Jueza en la audiencia inicial, se implementan distintos mecanismos, entre ellos: en la prueba informativa, se incorporan medidas compulsivas contra entidades p\u00fablicas o privadas, con el objeto de asegurar la contestaci\u00f3n del informe requerido; en la prueba testimonial, se faculta al Juez o Jueza a disponer una audiencia complementaria, lo cual redundar\u00e1 en una disminuci\u00f3n de la tasa de inasistencia injustificada de quienes deban testificar. Se regula un procedimiento monitorio para supuestos donde surja evidente y sin discusi\u00f3n alguna, el pago inmediato de determinados rubros e indemnizaciones legales, difiri\u00e9ndose al proceso ordinario todo aquello que pudiera suscitar controversia. En materia de costas, se prev\u00e9 una distribuci\u00f3n m\u00e1s ecu\u00e1nime en vista a salvaguardar la naturaleza alimentaria del cr\u00e9dito del trabajador y su integralidad, atendiendo a los principios tuitivos del Derecho Laboral. Se incorporan normas que permiten la implementaci\u00f3n de tecnolog\u00eda digital. En tal sentido, se autoriza la realizaci\u00f3n de audiencias por medios electr\u00f3nicos, lo que facilita y agiliza la recepci\u00f3n de testimoniales fuera de la Provincia.<\/p>\n<p><span style=\"color: #800080;\"><strong>Convenio con el Consejo Regional de Coquimbo<\/strong><\/span><\/p>\n<p>Luego, los legisladores y legisladoras deber\u00e1n tratar un proyecto de Ley del Poder Ejecutivo, mediante mensaje n\u00ba 35, que propone aprobar un convenio de Cooperaci\u00f3n y Asistencia Mutua, suscriptos el 13 de mayo de 2022, entre el Consejo Regional de Coquimbo y el Ministerio de Obras y Servicios P\u00fablicos de la Provincia de San Juan.<\/p>\n<p>El objeto de este acuerdo consiste en delinear los pasos necesarios para establecer lazos permanentes que permitan avanzar en diversas materias de inter\u00e9s com\u00fan para ambas partes, priorizando todo lo referente al Proyecto de construcci\u00f3n del T\u00fanel de Agua Negra. En este sentido,\u00a0 el Ministerio de Obras y Servicios P\u00fablicos de la Provincia de San Juan conjuntamente con el Consejo Regional de Coquimbo se comprometen a aportar todos sus recursos disponibles, tanto humano como materiales, tecnol\u00f3gicos, de conocimiento y de cualquier otro tipo que sean necesario para generar diversas instancias de dialogo que deriven en acciones inmediatas, concretas y palpables, para impulsar fuertemente dicho Proyecto, trabajar de manera mancomunada en la generaci\u00f3n de nuevos planes y oportunidades de orden, social, cultural, comercial, econ\u00f3mico, tur\u00edstico, y toda \u00edndole, derivados de los potenciales beneficios que sin duda alguna traer\u00e1 aparejados esta mega obra.<\/p>\n<p><span style=\"color: #800080;\"><strong>Convenio con la Universidad de San Isidro<\/strong><\/span><\/p>\n<p>A continuaci\u00f3n, la Legislatura pondr\u00e1 a consideraci\u00f3n un proyecto de Ley remitido por el Poder Ejecutivo, mediante mensaje N\u00ba 34, que propone ratificar un convenio marco de Colaboraci\u00f3n Institucional, entre la Secretar\u00eda de Estado de Seguridad y Orden P\u00fablico y la Universidad de San Isidro \u00abDr. Placido Mar\u00edn.<\/p>\n<p>En el referido convenio, las partes acuerdan que se comprometen a implementar un sistema que permita a los miembros de la secretar\u00eda e integrantes, tener acceso a todos los cursos, programas y\/o diplomaturas organizados por la direcci\u00f3n acad\u00e9mica de diplomaturas y cursos que sean de su inter\u00e9s e incumbencia.<\/p>\n<p>En este sentido, la secretar\u00eda se compromete, como contraprestaci\u00f3n al beneficio concedido por la universidad, a difundir entre sus miembros todas las actividades de la universidad que puedan ser de su inter\u00e9s.<\/p>\n<p>Por otra parte, la universidad se compromete a realizar las tareas de coordinaci\u00f3n general, la gesti\u00f3n educativa e instrumentar las pol\u00edticas tendientes al mejor logro de los objetivos propuestos.<\/p>\n<p><span style=\"color: #800080;\"><strong>Convenio con la Administraci\u00f3n Federal de Ingresos P\u00fablicos<\/strong><\/span><\/p>\n<p>Seguidamente, la C\u00e1mara considerar\u00e1 un proyecto de Ley del Poder Ejecutivo, mediante mensaje N\u00ba 43, que propone aprobar un convenio marco de Cooperaci\u00f3n entre la Provincia de San Juan y la Administraci\u00f3n Federal de Ingresos P\u00fabicos.<\/p>\n<p>El objeto de este acuerdo consiste en coordinar esfuerzos de cooperaci\u00f3n, as\u00ed como explorar la posibilidad de encarar en conjunto acciones de colaboraci\u00f3n, intercambio de conocimientos y buenas pr\u00e1cticas, en funci\u00f3n de los objetivos propuestos, pudiendo acordar por Convenios Espec\u00edficos la realizaci\u00f3n de obras bajo los t\u00e9rminos del Convenio.<\/p>\n<p><span style=\"color: #800080;\"><strong>Convenio con la Secretar\u00eda de Energ\u00eda de la Naci\u00f3n<\/strong><\/span><\/p>\n<p>Asimismo, los diputados y diputadas tratar\u00e1n un proyecto de Ley remitido por el Poder Ejecutivo, mediante mensaje N\u00ba 47, que propone aprobar un convenio marco de Colaboraci\u00f3n \u00abAprovechamiento Hidroenerg\u00e9tico Multiprop\u00f3sito El Tambolar y F\u00e1brica de Paneles Solares Fotovoltaicos\u00bb firmado entre la Secretaria de Energ\u00eda de la Naci\u00f3n, y la Provincia de San Juan.<\/p>\n<p>El objeto de este acuerdo consiste en:<\/p>\n<ul>\n<li>posibilitar el mayor grado de regulaci\u00f3n de su caudal, disminuyendo los crecientes riesgos de sequ\u00edas e inundaciones producto de la variabilidad clim\u00e1tica;<\/li>\n<li>contribuir a la utilizaci\u00f3n m\u00e1s eficiente del uso del agua para actividades productivas, con el objeto de mantener la superficie cultivada de manera racional y sostenible;<\/li>\n<li>contribuir a la generaci\u00f3n de energ\u00eda el\u00e9ctrica sustentable y de fuente renovable, decidiendo dar inicio a la segunda etapa del aprovechamiento hidroenerg\u00e9tico multiprop\u00f3sito El Tambolar.<\/li>\n<\/ul>\n<p>Adem\u00e1s, propone aprobar la Adenda al Convenio Marco de Colaboraci\u00f3n a los efectos de sustituir la CLAUSULA OCTAVA &#8216;del \u00abConvenio Marco de Colaboraci\u00f3n \u00abAprovechamiento Hidroenerg\u00e9tico Multiprop\u00f3sito El Tambolar y F\u00e1brica de Paneles Solares Fotovoltaicos\u00bb por la siguiente:<\/p>\n<p>\u201cLa Secretar\u00eda instruir\u00e1 a CAMMESA la afectaci\u00f3n adicional de los flujos de los CONTRATOS MEM, mencionados en la CLAUSULA SEXTA a la ejecuci\u00f3n del Camino de Perilago de conformidad a los acuerdos y contratos suscriptos y normativa vigente\u201d.<\/p>\n<p><span style=\"color: #800080;\"><strong>Imposici\u00f3n de nombre a un establecimiento educativo para adultos<\/strong><\/span><\/p>\n<p>Despu\u00e9s, pondr\u00e1n a consideraci\u00f3n un proyecto de Ley presentado por el diputado Rodolfo Jalife que propone establecer el nombre de \u201cMaestro Juan Reyes Luna\u201d a la Unidad Educativa para Adultos N\u00b014, ubicada en la Localidad de Santa Rosa, Departamento 25 de Mayo, dependiente de la Direcci\u00f3n de Educaci\u00f3n de Adultos del Ministerio de Educaci\u00f3n de la Provincia de San Juan.<\/p>\n<p><span style=\"color: #800080;\"><strong>Cambio de nombre a una escuela de Valle F\u00e9rtil<\/strong><\/span><\/p>\n<p>Con el objetivo de reemplazar el nombre de la escuela EGB 3 y Polimodal Astica dependiente de la Direcci\u00f3n de Educaci\u00f3n Secundaria del Ministerio de Educaci\u00f3n de la Provincia de San Juan, por el de \u201cSecundario Astica\u201d, la C\u00e1mara de Diputados someter\u00e1 a votaci\u00f3n esta iniciativa presentada por el diputado Silvio Atencio.<\/p>\n<p><span style=\"color: #800080;\"><strong>Dictamen del Tribunal de Cuentas<\/strong><\/span><\/p>\n<p>Por otra parte, el Poder Legislativo pondr\u00e1 a consideraci\u00f3n el dictamen de Admisi\u00f3n Formal, el que se ha elaborado en base al informe de Auditor\u00eda emitido por la contadora p\u00fablica nacional Salinas Mut, Ana Laura, designada por la C\u00e1mara de Diputados por Resoluci\u00f3n N\u00ba 19\/22 y a investigaciones propias realizadas a la Cuenta General 2021 del Tribunal de Cuentas.<\/p>\n<p>El presente Dictamen tiene como finalidad comunicar a la C\u00e1mara de Diputados el resultado del an\u00e1lisis formal realizado a la Cuenta General Ejercicio 2021.<\/p>\n<p><span style=\"color: #800080;\"><strong>Proyectos de Resoluci\u00f3n<\/strong><\/span><\/p>\n<p>Adem\u00e1s, el cuerpo parlamentario tratar\u00e1 los siguientes proyectos de Resoluci\u00f3n que proponen declara de inter\u00e9s:<\/p>\n<ul>\n<li><strong><span style=\"color: #800080;\">Cient\u00edfico, social y cultural,<\/span><\/strong> el VI Congreso Bienal de la Secci\u00f3n Argentina del IEEE; \u00abIEEE ARGENCON 2022\u00bb, que se realizar\u00e1 en la Provincia de San juan, desde el d\u00eda 5 hasta el d\u00eda 9 de septiembre de 2022. (Diputada Celina Ramella)<\/li>\n<li><strong><span style=\"color: #800080;\">Hist\u00f3rico, tur\u00edstico, cultural y deportivo<\/span><\/strong> el \u00ab63\u00b0 Rally Nacional de Motos Antiguas\u00bb, a desarrollarse en la provincia de San Juan los d\u00edas 18, 19 y 20 de noviembre del presente a\u00f1o y que recorrer\u00e1 el Circuito Interlagos, Aut\u00f3dromo el Zonda \u00abEduardo Copello\u00bb y Circuito Villicum. (Diputada Graciela Seva)<\/li>\n<li><strong><span style=\"color: #800080;\">Social, cultural y educativo<\/span><\/strong> las actividades a desarrollarse en el marco del Programa \u00abPasa la Posta &#8211; Multiplicadores Territoriales en Derechos Humanos\u00bb, destinadas a j\u00f3venes sanjuaninos. (Diputado Gast\u00f3n Berenguer)<\/li>\n<li><span style=\"color: #800080;\"><strong>El Concurso de Ensayos: \u00abMalvinas<\/strong><\/span>: 189 a\u00f1os de reclamo permanente y a 40 a\u00f1os del conflicto b\u00e9lico\u00bb realizado por el Foro de Abogados de San Juan a trav\u00e9s del Instituto de la Cuesti\u00f3n Malvinas con fecha para la presentaci\u00f3n de las ponencias desde el 28 de junio hasta el 31 de agosto de 2022. (Diputada Nancy Pic\u00f3n y diputado Sergio Miodowsky)<\/li>\n<li><span style=\"color: #800080;\"><strong>Deportivo, social y cultural<\/strong><\/span> I los aniversarios del Club Social y Cultural Angaqueros del Sud. (Diputado Miguel S\u00e1nchez)<\/li>\n<li><strong><span style=\"color: #800080;\">Legislativo, social, cultural y educativo<\/span><\/strong> las actividades que el Movimiento Scout llevar\u00e1 a cabo durante los d\u00edas 27 y 28 de agosto del a\u00f1o 2022 en la provincia de San Juan con motivo de conmemorar un nuevo aniversario de su creaci\u00f3n. Tambi\u00e9n decl\u00e1rese de inter\u00e9s cultural y religioso, las actividades a celebrarse el d\u00eda 10 de septiembre del corriente a\u00f1o en la provincia de San Juan, en conmemoraci\u00f3n a la Virgen Nuestra Se\u00f1ora de los Scout. (Diputado Enzo Cornejo)<\/li>\n<li><strong><span style=\"color: #800080;\">Legislativo, educativo y cient\u00edfico<\/span><\/strong> la Celebraci\u00f3n de la Semana Mundial de la Lactancia Materna comprendida entre los d\u00edas 1 y 7 de agosto de cada a\u00f1o. (Diputado Enzo Cornejo)<\/li>\n<li><strong><span style=\"color: #800080;\">Social, educativo y cient\u00edfico<\/span><\/strong> la Conferencia sobre \u00abREALISMO Y TEORIA DEL DELITO\u00bb cuyo disertante es el Dr. Ra\u00fal Eugenio Zaffaroni, y que se llevar\u00e1 a cabo el d\u00eda 1 de septiembre de 2022, a las 10:30 horas en el Sal\u00f3n Sarmiento del foro de Abogados de San Juan. (Diputada Celina Ramella)<\/li>\n<li><strong><span style=\"color: #800080;\">Social, Cultural e Inclusiva<\/span><\/strong> la obra de teatro \u201cEl hombre que perdi\u00f3 su sombra\u201d. (Bloque Justicialista)<\/li>\n<li>Social, Cultural y Educativo la XX Jornada Provincial de J\u00f3venes Profesionales en Ciencias Econ\u00f3micas. (Bloque Justicialista)<\/li>\n<li>Las actividades a llevarse a cabo por el <span style=\"color: #800080;\"><strong>114\u00b0 aniversario del Departamento Rivadavia<\/strong><\/span>. (Bloque Producci\u00f3n y Trabajo).<\/li>\n<\/ul>\n<p>Publicado el Martes, 23 de Agosto de 2022<\/p>\n<\/div>\n","protected":false},"excerpt":{"rendered":"<p>Los legisladores titulares de los diferentes bloques que forman parte de la C\u00e1mara de Diputados de San Juan definieron en<\/p>\n","protected":false},"author":3,"featured_media":37951,"comment_status":"closed","ping_status":"closed","sticky":false,"template":"","format":"standard","meta":{"_acf_changed":false,"_seopress_robots_primary_cat":"none","_seopress_titles_title":"","_seopress_titles_desc":"","_seopress_robots_index":"","colormag_page_container_layout":"default_layout","colormag_page_sidebar_layout":"default_layout","footnotes":""},"categories":[1],"tags":[],"class_list":["post-51841","post","type-post","status-publish","format-standard","has-post-thumbnail","hentry","category-destacadas"],"acf":[],"_links":{"self":[{"href":"https:\/\/vocesparalelas.com.ar\/sitio\/wp-json\/wp\/v2\/posts\/51841","targetHints":{"allow":["GET"]}}],"collection":[{"href":"https:\/\/vocesparalelas.com.ar\/sitio\/wp-json\/wp\/v2\/posts"}],"about":[{"href":"https:\/\/vocesparalelas.com.ar\/sitio\/wp-json\/wp\/v2\/types\/post"}],"author":[{"embeddable":true,"href":"https:\/\/vocesparalelas.com.ar\/sitio\/wp-json\/wp\/v2\/users\/3"}],"replies":[{"embeddable":true,"href":"https:\/\/vocesparalelas.com.ar\/sitio\/wp-json\/wp\/v2\/comments?post=51841"}],"version-history":[{"count":1,"href":"https:\/\/vocesparalelas.com.ar\/sitio\/wp-json\/wp\/v2\/posts\/51841\/revisions"}],"predecessor-version":[{"id":51843,"href":"https:\/\/vocesparalelas.com.ar\/sitio\/wp-json\/wp\/v2\/posts\/51841\/revisions\/51843"}],"wp:featuredmedia":[{"embeddable":true,"href":"https:\/\/vocesparalelas.com.ar\/sitio\/wp-json\/wp\/v2\/media\/37951"}],"wp:attachment":[{"href":"https:\/\/vocesparalelas.com.ar\/sitio\/wp-json\/wp\/v2\/media?parent=51841"}],"wp:term":[{"taxonomy":"category","embeddable":true,"href":"https:\/\/vocesparalelas.com.ar\/sitio\/wp-json\/wp\/v2\/categories?post=51841"},{"taxonomy":"post_tag","embeddable":true,"href":"https:\/\/vocesparalelas.com.ar\/sitio\/wp-json\/wp\/v2\/tags?post=51841"}],"curies":[{"name":"wp","href":"https:\/\/api.w.org\/{rel}","templated":true}]}}