{"id":51834,"date":"2022-08-23T20:36:02","date_gmt":"2022-08-23T23:36:02","guid":{"rendered":"https:\/\/vocesparalelas.com.ar\/sitio\/?p=51834"},"modified":"2022-08-23T20:36:02","modified_gmt":"2022-08-23T23:36:02","slug":"disminucion-de-presion-de-suministro-de-gas-natural-en-la-provincia-de-san-juan","status":"publish","type":"post","link":"https:\/\/vocesparalelas.com.ar\/sitio\/disminucion-de-presion-de-suministro-de-gas-natural-en-la-provincia-de-san-juan\/","title":{"rendered":"Disminuci\u00f3n de presi\u00f3n de suministro de gas natural en la provincia de San Juan"},"content":{"rendered":"<p>Ecogas informa que se ha detectado una importante disminuci\u00f3n en la presi\u00f3n del suministro entre la plata compresora de Mendoza y la planta reductora de ingreso a la ciudad de San Juan, posiblemente por un desperfecto o rotura del ducto.<\/p>\n<p>Los equipos t\u00e9cnicos de la empresa se abocaron inmediatamente al diagn\u00f3stico del problema para establecer qu\u00e9 acciones y reparaciones deber\u00e1n realizarse.<\/p>\n<p>Mientras tanto y para sostener la performance del sistema, se ha procedido a restringir el abastecimiento de gas a industrias de la provincia de San Juan.<\/p>\n<p>Se solicita especialmente a los usuarios residenciales del servicio de gas de la provincia de San Juan, restringir al m\u00e1ximo posible su consumo para garantizar la integridad del sistema.<\/p>\n<p>Mantiene informado a los usuarios a trav\u00e9s de los medios de comunicaci\u00f3n locales y a trav\u00e9s de la cuenta oficial de Twitter de la Empresa @ecogasarg<\/p>\n<p><img loading=\"lazy\" decoding=\"async\" class=\"alignnone size-full wp-image-51836\" src=\"https:\/\/vocesparalelas.com.ar\/sitio\/wp-content\/uploads\/2022\/08\/ECOGAS-LOGO-04.jpg\" alt=\"\" width=\"800\" height=\"456\" srcset=\"https:\/\/vocesparalelas.com.ar\/sitio\/wp-content\/uploads\/2022\/08\/ECOGAS-LOGO-04.jpg 800w, https:\/\/vocesparalelas.com.ar\/sitio\/wp-content\/uploads\/2022\/08\/ECOGAS-LOGO-04-300x171.jpg 300w, https:\/\/vocesparalelas.com.ar\/sitio\/wp-content\/uploads\/2022\/08\/ECOGAS-LOGO-04-768x438.jpg 768w\" sizes=\"auto, (max-width: 800px) 100vw, 800px\" \/><\/p>\n<p>Publicado el Martes, 23 de Agosto de 2022<\/p>\n","protected":false},"excerpt":{"rendered":"<p>Ecogas informa que se ha detectado una importante disminuci\u00f3n en la presi\u00f3n del suministro entre la plata compresora de Mendoza<\/p>\n","protected":false},"author":3,"featured_media":28738,"comment_status":"closed","ping_status":"closed","sticky":false,"template":"","format":"standard","meta":{"_acf_changed":false,"_seopress_robots_primary_cat":"none","_seopress_titles_title":"","_seopress_titles_desc":"","_seopress_robots_index":"","colormag_page_container_layout":"default_layout","colormag_page_sidebar_layout":"default_layout","footnotes":""},"categories":[1],"tags":[],"class_list":["post-51834","post","type-post","status-publish","format-standard","has-post-thumbnail","hentry","category-destacadas"],"acf":[],"_links":{"self":[{"href":"https:\/\/vocesparalelas.com.ar\/sitio\/wp-json\/wp\/v2\/posts\/51834","targetHints":{"allow":["GET"]}}],"collection":[{"href":"https:\/\/vocesparalelas.com.ar\/sitio\/wp-json\/wp\/v2\/posts"}],"about":[{"href":"https:\/\/vocesparalelas.com.ar\/sitio\/wp-json\/wp\/v2\/types\/post"}],"author":[{"embeddable":true,"href":"https:\/\/vocesparalelas.com.ar\/sitio\/wp-json\/wp\/v2\/users\/3"}],"replies":[{"embeddable":true,"href":"https:\/\/vocesparalelas.com.ar\/sitio\/wp-json\/wp\/v2\/comments?post=51834"}],"version-history":[{"count":1,"href":"https:\/\/vocesparalelas.com.ar\/sitio\/wp-json\/wp\/v2\/posts\/51834\/revisions"}],"predecessor-version":[{"id":51837,"href":"https:\/\/vocesparalelas.com.ar\/sitio\/wp-json\/wp\/v2\/posts\/51834\/revisions\/51837"}],"wp:featuredmedia":[{"embeddable":true,"href":"https:\/\/vocesparalelas.com.ar\/sitio\/wp-json\/wp\/v2\/media\/28738"}],"wp:attachment":[{"href":"https:\/\/vocesparalelas.com.ar\/sitio\/wp-json\/wp\/v2\/media?parent=51834"}],"wp:term":[{"taxonomy":"category","embeddable":true,"href":"https:\/\/vocesparalelas.com.ar\/sitio\/wp-json\/wp\/v2\/categories?post=51834"},{"taxonomy":"post_tag","embeddable":true,"href":"https:\/\/vocesparalelas.com.ar\/sitio\/wp-json\/wp\/v2\/tags?post=51834"}],"curies":[{"name":"wp","href":"https:\/\/api.w.org\/{rel}","templated":true}]}}