{"id":51828,"date":"2022-08-23T18:51:31","date_gmt":"2022-08-23T21:51:31","guid":{"rendered":"https:\/\/vocesparalelas.com.ar\/sitio\/?p=51828"},"modified":"2022-08-23T19:19:28","modified_gmt":"2022-08-23T22:19:28","slug":"premio-franklin-rawson-a-las-artes-visuales-2022","status":"publish","type":"post","link":"https:\/\/vocesparalelas.com.ar\/sitio\/premio-franklin-rawson-a-las-artes-visuales-2022\/","title":{"rendered":"Premio Franklin Rawson a las Artes Visuales 2022"},"content":{"rendered":"<div class=\"itemFullText\">\n<p>El Ministerio de Turismo y Cultura del Gobierno de San Juan, el Museo Provincial de Bellas Artes Franklin Rawson y Fundaci\u00f3n Banco San Juan, invitan a los artistas a la tercera convocatoria del Premio Franklin Rawson a las Artes Visuales 2022.<\/p>\n<p>Esta propuesta, que tiene como finalidad promover y difundir la producci\u00f3n art\u00edstica de San Juan, abre las inscripciones para postulaci\u00f3n de obras desde el 5 de Septiembre hasta el 7 de Octubre de 2022.<\/p>\n<p>Los artistas de San Juan o extranjeros residentes en la provincia est\u00e1n invitados a participar del concurso de selecci\u00f3n y premiaci\u00f3n de obras que integran la muestra central del Premio Franklin Rawson a las Artes Visuales 2022 y la adquisici\u00f3n de obra patrimonial a cargo de un prestigioso jurado.<\/p>\n<p><iframe loading=\"lazy\" title=\"PREMIO FRANKLIN RAWSON SAN JUAN\" width=\"800\" height=\"450\" src=\"https:\/\/www.youtube.com\/embed\/uPIY3QILj4A?feature=oembed\" frameborder=\"0\" allow=\"accelerometer; autoplay; clipboard-write; encrypted-media; gyroscope; picture-in-picture\" allowfullscreen><\/iframe><\/p>\n<p>&nbsp;<\/p>\n<p>El primer premio adquisici\u00f3n es de $ 250 mil y el segundo de $ 200 mil. Tambi\u00e9n, hay cuatro menciones especiales, sin adquisici\u00f3n, de $ 30 mil cada una.<\/p>\n<p>De esta manera, con amplia aceptaci\u00f3n en sus ediciones anterior que reconoci\u00f3 la producci\u00f3n de m\u00e1s de 50 artistas, el Premio Franklin Rawson contin\u00faa destacando la diversidad y pluralidad de expresiones art\u00edsticas y sus hacedores, para fomentar la creaci\u00f3n de espacios de di\u00e1logo, reflexi\u00f3n y cr\u00edtica. As\u00ed se contribuye a la proyecci\u00f3n de las producciones visuales, motivando cruces de discursos y la trascendencia de la escena en la provincia y el pa\u00eds.<\/p>\n<p><strong><span style=\"color: #99cc00;\">Bases y condiciones<\/span><\/strong><\/p>\n<p>El Premio Franklin Rawson a las Artes Visuales es una iniciativa del Museo Provincial de Bellas Artes Franklin Rawson y Fundaci\u00f3n Banco San Juan, cuyo objetivo es seleccionar y premiar dos obras adquisici\u00f3n que formar\u00e1n parte de la colecci\u00f3n permanente del MPBAFR, y cuatro menciones especiales como premio est\u00edmulo a las artes visuales de la provincia de San Juan.<\/p>\n<p>De esta manera se pretende reconocer, fomentar y difundir la producci\u00f3n art\u00edstica local, como as\u00ed tambi\u00e9n estimular la puesta en valor y sustento del trabajo de artistas de la provincia.<\/p>\n<p>El primer premio es otorgado por Fundaci\u00f3n Banco San Juan; el segundo premio y menciones por el Museo Provincial de Bellas Artes Franklin Rawson a trav\u00e9s del Ministerio de Turismo y Cultura, la Secretar\u00eda de Cultura de la provincia y Agencia San Juan del Bicentenario del Gobierno de San Juan.<\/p>\n<p>Para postular a la Tercera convocatoria, los interesados deben completar el formulario de inscripci\u00f3n de manera virtual.<\/p>\n<p>Las consultas pueden realizarse a trav\u00e9s del e-mail: <span id=\"cloak0e61d8af0410d67cb9825fef6ce52009\"><a href=\"mailto:premiofranklinrawson@gmail.com\">premiofranklinrawson@gmail.com<\/a><\/span> a partir del Lunes, 5 de Septiembre hasta el Viernes, 7 de Octubre del 2022.<\/p>\n<p>Los artistas participantes deben cumplir con los requerimientos establecidos para la convocatoria, respetando fechas del cronograma y ficha de inscripci\u00f3n, disponibles en <a href=\"http:\/\/www.museofranflineawson.org\/\">www.museofranflineawson.org<\/a><\/p>\n<p><img loading=\"lazy\" decoding=\"async\" class=\"alignnone size-full wp-image-51831\" src=\"https:\/\/vocesparalelas.com.ar\/sitio\/wp-content\/uploads\/2022\/08\/PREMIO-FR-01.jpg\" alt=\"\" width=\"800\" height=\"600\" srcset=\"https:\/\/vocesparalelas.com.ar\/sitio\/wp-content\/uploads\/2022\/08\/PREMIO-FR-01.jpg 800w, https:\/\/vocesparalelas.com.ar\/sitio\/wp-content\/uploads\/2022\/08\/PREMIO-FR-01-300x225.jpg 300w, https:\/\/vocesparalelas.com.ar\/sitio\/wp-content\/uploads\/2022\/08\/PREMIO-FR-01-768x576.jpg 768w\" sizes=\"auto, (max-width: 800px) 100vw, 800px\" \/><\/p>\n<\/div>\n<p><img loading=\"lazy\" decoding=\"async\" class=\"alignnone size-full wp-image-39924\" src=\"https:\/\/vocesparalelas.com.ar\/sitio\/wp-content\/uploads\/2021\/07\/MPBAFR-OBRA-02.jpg\" alt=\"\" width=\"800\" height=\"533\" srcset=\"https:\/\/vocesparalelas.com.ar\/sitio\/wp-content\/uploads\/2021\/07\/MPBAFR-OBRA-02.jpg 800w, https:\/\/vocesparalelas.com.ar\/sitio\/wp-content\/uploads\/2021\/07\/MPBAFR-OBRA-02-300x200.jpg 300w, https:\/\/vocesparalelas.com.ar\/sitio\/wp-content\/uploads\/2021\/07\/MPBAFR-OBRA-02-768x512.jpg 768w\" sizes=\"auto, (max-width: 800px) 100vw, 800px\" \/><\/p>\n<div class=\"itemFullText\">\n<p>Publicado el Martes, 23 de Agosto de 2022<\/p>\n<\/div>\n","protected":false},"excerpt":{"rendered":"<p>El Ministerio de Turismo y Cultura del Gobierno de San Juan, el Museo Provincial de Bellas Artes Franklin Rawson y<\/p>\n","protected":false},"author":3,"featured_media":51830,"comment_status":"closed","ping_status":"closed","sticky":false,"template":"","format":"video","meta":{"_acf_changed":false,"_seopress_robots_primary_cat":"none","_seopress_titles_title":"","_seopress_titles_desc":"","_seopress_robots_index":"","colormag_page_container_layout":"default_layout","colormag_page_sidebar_layout":"default_layout","footnotes":""},"categories":[1,7],"tags":[],"class_list":["post-51828","post","type-post","status-publish","format-video","has-post-thumbnail","hentry","category-destacadas","category-videos","post_format-post-format-video"],"acf":[],"_links":{"self":[{"href":"https:\/\/vocesparalelas.com.ar\/sitio\/wp-json\/wp\/v2\/posts\/51828","targetHints":{"allow":["GET"]}}],"collection":[{"href":"https:\/\/vocesparalelas.com.ar\/sitio\/wp-json\/wp\/v2\/posts"}],"about":[{"href":"https:\/\/vocesparalelas.com.ar\/sitio\/wp-json\/wp\/v2\/types\/post"}],"author":[{"embeddable":true,"href":"https:\/\/vocesparalelas.com.ar\/sitio\/wp-json\/wp\/v2\/users\/3"}],"replies":[{"embeddable":true,"href":"https:\/\/vocesparalelas.com.ar\/sitio\/wp-json\/wp\/v2\/comments?post=51828"}],"version-history":[{"count":1,"href":"https:\/\/vocesparalelas.com.ar\/sitio\/wp-json\/wp\/v2\/posts\/51828\/revisions"}],"predecessor-version":[{"id":51832,"href":"https:\/\/vocesparalelas.com.ar\/sitio\/wp-json\/wp\/v2\/posts\/51828\/revisions\/51832"}],"wp:featuredmedia":[{"embeddable":true,"href":"https:\/\/vocesparalelas.com.ar\/sitio\/wp-json\/wp\/v2\/media\/51830"}],"wp:attachment":[{"href":"https:\/\/vocesparalelas.com.ar\/sitio\/wp-json\/wp\/v2\/media?parent=51828"}],"wp:term":[{"taxonomy":"category","embeddable":true,"href":"https:\/\/vocesparalelas.com.ar\/sitio\/wp-json\/wp\/v2\/categories?post=51828"},{"taxonomy":"post_tag","embeddable":true,"href":"https:\/\/vocesparalelas.com.ar\/sitio\/wp-json\/wp\/v2\/tags?post=51828"}],"curies":[{"name":"wp","href":"https:\/\/api.w.org\/{rel}","templated":true}]}}