{"id":51777,"date":"2022-08-22T20:31:26","date_gmt":"2022-08-22T23:31:26","guid":{"rendered":"https:\/\/vocesparalelas.com.ar\/sitio\/?p=51777"},"modified":"2022-08-22T20:31:26","modified_gmt":"2022-08-22T23:31:26","slug":"analizaron-proyectos-en-comisiones-de-diputados-de-san-juan-y-emitieron-despachos-favorables","status":"publish","type":"post","link":"https:\/\/vocesparalelas.com.ar\/sitio\/analizaron-proyectos-en-comisiones-de-diputados-de-san-juan-y-emitieron-despachos-favorables\/","title":{"rendered":"Analizaron Proyectos en comisiones de diputados de San Juan y emitieron despachos favorables"},"content":{"rendered":"<div class=\"itemFullText jbintrotext\">\n<p>En el transcurso de la ma\u00f1ana del Lunes, 22 de Agosto, los legisladores provinciales concentraron su actividad en el desarrollo del trabajo parlamentario en el seno de las comisiones de Obras y Servicios P\u00fablicos; Hacienda y Presupuesto y Turismo, Ambiente y Desarrollo Sostenible y emitieron despachos favorables sobre un convenio de colaboraci\u00f3n entre la AFIP y la provincia de San Juan para refaccionar la Aduana de Las Flores, Iglesia; un convenio marco de colaboraci\u00f3n para aprovechamiento hidroenerg\u00e9tico multiprop\u00f3sito El Tambolar y la f\u00e1brica de paneles solares fotovoltaicos y la transferencia de terrenos a la municipalidad de Valle F\u00e9rtil.<\/p>\n<\/div>\n<div class=\"itemFullText\">\n<p>En primer t\u00e9rmino, tuvo lugar la reuni\u00f3n de los miembros de la comisi\u00f3n de Obras y Servicios P\u00fablicos, encabezada por su titular, diputado Jorge Barifusa y de la que participaron los diputados Andr\u00e9s Chanampa, Silvio Atencio, Jos\u00e9 Luis Esteve, Horacio Quiroga y Rodolfo Jalife. A continuaci\u00f3n, fue cumplido el encuentro de la comisi\u00f3n de Hacienda y Presupuesto, presidida por el legislador Rodolfo Jalife y de la que participaron los diputados Florencia Pe\u00f1aloza, Jos\u00e9 Luis Esteve, Gast\u00f3n Berenguer, Andr\u00e9s Chanampa, Sergio Miodowsky y Carlos Jaime.<\/p>\n<p>Por \u00faltimo, deliber\u00f3 la comisi\u00f3n de Turismo, Ambiente y Desarrollo Sostenible que encabezada por su vicepresidente, diputado Horacio Quiroga, cont\u00f3 con la presencia de los legisladores Carlos Jaime, Gast\u00f3n Berenguer y Silvio Atencio.<\/p>\n<p>En la ocasi\u00f3n, otorgaron despacho favorable a tres proyectos de Ley del Ejecutivo. Uno de ellos propone transferir a la Municipalidad de Valle F\u00e9rtil la donaci\u00f3n de determinados terrenos que conforme el plano de Mensura se individualizan como Lote N\u00b0 1 Nomenclatura Catastral 1950-620050, seg\u00fan mensura 17 hect\u00e1reas 3.418,53 metros cuadrados, cuyo fin y funcionalidad es la de reserva natural del departamento de Valle F\u00e9rtil. Por otra parte, el Lote N\u00b04 Nomenclatura Catastral 1950-800210 superficie seg\u00fan mensura 2 hect\u00e1reas 7.975,60 metros cuadrados, donde funciona el obrador municipal. Asimismo, el Lote N\u00b05 Nomenclatura Catastral 1950-830210 superficie seg\u00fan mensura 1 hect\u00e1rea 3.340,01 metros cuadrados, tambi\u00e9n siendo necesario destinarlo al obrador municipal.<\/p>\n<p>Adem\u00e1s, el Lote N\u00b0 7, Nomenclatura Catastral 1950-830390 superficie seg\u00fan mensura 21 hect\u00e1reas 6.164,11 metros cuadrados, donde funciona actualmente la Feria Ganadera Municipal. Que respecto del Lote N\u00b0 3 Nomenclatura Catastral 1950-740205 y del Lote N\u00b0 6 Nomenclatura Catastral 1950-790300, es menester que el Ministerio de Obras y Servicios P\u00fablicos a trav\u00e9s de la Secretar\u00eda de Vivienda y H\u00e1bitat efect\u00fae el saneamiento de los terrenos que por tenencia precaria detentan hace aproximadamente 23 a\u00f1os los habitantes del Barrio Costanera.<\/p>\n<p>Y por otro lado, que la Escuela Agrot\u00e9cnica Ej\u00e9rcito Argentino y el Instituto Superior T\u00e9cnico del Valle F\u00e9rtil, presentaron el Programa de Desarrollo Tecnol\u00f3gico y Productivo \u00abValle F\u00e9rtil 2050\u00bb, cuya finalidad es fortalecer las capacidades de la poblaci\u00f3n estudiantil, focalizando en la adopci\u00f3n, manejo y desarrollo de nuevas tecnolog\u00edas en el \u00e1rea agropecuaria y agroindustrial, al tiempo que pretende brindar soporte especializado en la materia a las peque\u00f1as y medianas empresas y cooperativas del sector. Que para el logro de los objetivos se\u00f1alados es necesario como primera medida proceder a identificar que el inmueble identificado como Fracci\u00f3n N\u00b0 8- Plano N\u00b0 19-1666-97, donde funcionan la Escuela Agrot\u00e9cnica Ej\u00e9rcito Argentino y el Instituto Superior T\u00e9cnico del Valle F\u00e9rtil.<\/p>\n<p>Por otra parte, adem\u00e1s otorgaron despacho positivo al Mensaje y proyecto de ley que tiene por objeto aprobar el Convenio Marco de Colaboraci\u00f3n \u00abAprovechamiento Hidroenerg\u00e9tico Multiprop\u00f3sito El\u00a0 Tambolar y F\u00e1brica de Paneles Solares Fotovoltaicos\u00bb, suscripto a los 26 d\u00edas del mes de febrero de 2021 entre la Secretaria de Energ\u00eda de la Naci\u00f3n, representada por su secretario,\u00a0Norman Dar\u00edo Mart\u00ednez y por la Provincia de San Juan, representada por su Gobernador, Sergio Mauricio U\u00f1ac y la Adenda al Convenio Marco de Colaboraci\u00f3n, celebrada entre la Secretar\u00eda de Energ\u00eda del Ministerio de Econom\u00eda, representada por Norman Dar\u00edo Mart\u00ednez y la provincia de San Juan representado por el Gobernador Sergio Mauricio U\u00f1ac, suscripta a los 20 d\u00edas del mes de julio de 2022.<\/p>\n<p>Sobre el particular la provincia ha venido desarrollando proyectos hidroenerg\u00e9ticos sobre sus dos principales r\u00edos: el r\u00edo San Juan sobre el que se encuentran emplazadas las centrales hidroel\u00e9ctricas \u00abQuebrada de Ullum\u00bb, \u00abUllum\u00bb, \u00abLos\u00a0Caracoles\u00bb, y \u00abPunta Negra\u00bb y \u00a0el r\u00edo J\u00e1chal, en el que se encuentra la operaci\u00f3n de la central hidroel\u00e9ctrica \u00abCuesta del Viento\u00bb.<\/p>\n<p>Que, resulta necesario y dada la complejidad y tiempo de\u00a0construcci\u00f3n de caminos de monta\u00f1a, avanzar con la construcci\u00f3n del camino perilago para evitar la desvinculaci\u00f3n temprana del departamento Calingasta y reconstituir toda la Ruta Provincial N\u00b0 12 a la vera del r\u00edo San Juan, todo ello en forma concomitante con la construcci\u00f3n del proyecto \u00abEl Tambolar\u00bb y antes de la inundabilidad que provocar\u00e1 el mismo.<\/p>\n<p>Tambi\u00e9n los legisladores ofrecieron despacho favorable al Mensaje y proyecto de Ley remitido por el Ejecutivo, que tiene como finalidad aprobar el convenio de colaboraci\u00f3n entre la \u00a0Administraci\u00f3n Federal de Ingresos P\u00fablicos (AFIP y la provincia de San Juan para ejecutar el proyecto de obra, mejoras y refacciones de la Aduana ubicada en la localidad de Las Flores, departamento Iglesia, provincia de San Juan.<\/p>\n<p>En tal sentido, acuerdan la coordinaci\u00f3n de acciones a fin de llevar adelante mejoras y refacciones en el inmueble propiedad de la AFIP, ubicado en la Ruta\u00a0Nacional n\u00famero 150 sin n\u00famero, Las Flores, 1059 metros al oeste del camino a Pismanta, departamento Iglesia, provincia de San Juan, designado como Pol\u00edgono 1-2-3-4, con el fin de garantizar el desarrollo de sus funciones de control en condiciones adecuadas y mejorar los servicios a los usuarios aduaneros y p\u00fablico en general. En primer t\u00e9rmino, tuvo lugar la reuni\u00f3n de los miembros de la comisi\u00f3n de Obras y Servicios P\u00fablicos, encabezada por su titular, diputado Jorge Barifusa y de la que participaron los diputados Andr\u00e9s Chanampa, Silvio Atencio, Jos\u00e9 Luis Esteve, Horacio Quiroga y Rodolfo Jalife. A continuaci\u00f3n, fue cumplido el encuentro de la comisi\u00f3n de Hacienda y Presupuesto, presidida por el legislador Rodolfo Jalife y de la que participaron los diputados Florencia Pe\u00f1aloza, Jos\u00e9 Luis Esteve, Gast\u00f3n Berenguer, Andr\u00e9s Chanampa, Sergio Miodowsky y Carlos Jaime.<\/p>\n<p>Por \u00faltimo, deliber\u00f3 la comisi\u00f3n de Turismo, Ambiente y Desarrollo Sostenible que encabezada por su vicepresidente, diputado Horacio Quiroga, cont\u00f3 con la presencia de los legisladores Carlos Jaime, Gast\u00f3n Berenguer y Silvio Atencio.<\/p>\n<p>En la ocasi\u00f3n, otorgaron despacho favorable a tres proyectos de Ley del Ejecutivo. Uno de ellos propone transferir a la Municipalidad de Valle F\u00e9rtil la donaci\u00f3n de determinados terrenos que conforme el plano de Mensura se individualizan como Lote N\u00b0 1 Nomenclatura Catastral 1950-620050, seg\u00fan mensura 17 hect\u00e1reas 3.418,53 metros cuadrados, cuyo fin y funcionalidad es la de reserva natural del departamento de Valle F\u00e9rtil. Por otra parte, el Lote N\u00b04 Nomenclatura Catastral 1950-800210 superficie seg\u00fan mensura 2 hect\u00e1reas 7.975,60 metros cuadrados, donde funciona el obrador municipal. Asimismo, el Lote N\u00b05 Nomenclatura Catastral 1950-830210 superficie seg\u00fan mensura 1 hect\u00e1rea 3.340,01 metros cuadrados, tambi\u00e9n siendo necesario destinarlo al obrador municipal.<\/p>\n<p>Adem\u00e1s, el Lote N\u00b0 7, Nomenclatura Catastral 1950-830390 superficie seg\u00fan mensura 21 hect\u00e1reas 6.164,11 metros cuadrados, donde funciona actualmente la Feria Ganadera Municipal. Que respecto del Lote N\u00b0 3 Nomenclatura Catastral 1950-740205 y del Lote N\u00b0 6 Nomenclatura Catastral 1950-790300, es menester que el Ministerio de Obras y Servicios P\u00fablicos a trav\u00e9s de la Secretar\u00eda de Vivienda y H\u00e1bitat efect\u00fae el saneamiento de los terrenos que por tenencia precaria detentan hace aproximadamente 23 a\u00f1os los habitantes del Barrio Costanera.<\/p>\n<p>Y por otro lado, que la Escuela Agrot\u00e9cnica Ej\u00e9rcito Argentino y el Instituto Superior T\u00e9cnico del Valle F\u00e9rtil, presentaron el Programa de Desarrollo Tecnol\u00f3gico y Productivo \u00abValle F\u00e9rtil 2050\u00bb, cuya finalidad es fortalecer las capacidades de la poblaci\u00f3n estudiantil, focalizando en la adopci\u00f3n, manejo y desarrollo de nuevas tecnolog\u00edas en el \u00e1rea agropecuaria y agroindustrial, al tiempo que pretende brindar soporte especializado en la materia a las peque\u00f1as y medianas empresas y cooperativas del sector. Que para el logro de los objetivos se\u00f1alados es necesario como primera medida proceder a identificar que el inmueble identificado como Fracci\u00f3n N\u00b0 8- Plano N\u00b0 19-1666-97, donde funcionan la Escuela Agrot\u00e9cnica Ej\u00e9rcito Argentino y el Instituto Superior T\u00e9cnico del Valle F\u00e9rtil.<\/p>\n<p>Por otra parte, adem\u00e1s otorgaron despacho positivo al Mensaje y proyecto de ley que tiene por objeto aprobar el Convenio Marco de Colaboraci\u00f3n \u00abAprovechamiento Hidroenerg\u00e9tico Multiprop\u00f3sito El\u00a0 Tambolar y F\u00e1brica de Paneles Solares Fotovoltaicos\u00bb, suscripto a los 26 d\u00edas del mes de febrero de 2021 entre la Secretaria de Energ\u00eda de la Naci\u00f3n, representada por su secretario,<\/p>\n<p>Norman Dar\u00edo Mart\u00ednez y por la Provincia de San Juan, representada por su Gobernador, Sergio Mauricio U\u00f1ac y la Adenda al Convenio Marco de Colaboraci\u00f3n, celebrada entre la Secretar\u00eda de Energ\u00eda del Ministerio de Econom\u00eda, representada por Norman Dar\u00edo Mart\u00ednez y la provincia de San Juan representado por el Gobernador Sergio Mauricio U\u00f1ac, suscripta a los 20 d\u00edas del mes de julio de 2022.<\/p>\n<p>Sobre el particular la provincia ha venido desarrollando proyectos hidroenerg\u00e9ticos sobre sus dos principales r\u00edos: el r\u00edo San Juan sobre el que se encuentran emplazadas las centrales hidroel\u00e9ctricas \u00abQuebrada de Ullum\u00bb, \u00abUllum\u00bb, \u00abLos\u00a0Caracoles\u00bb, y \u00abPunta Negra\u00bb y \u00a0el r\u00edo J\u00e1chal, en el que se encuentra la operaci\u00f3n de la central hidroel\u00e9ctrica \u00abCuesta del Viento\u00bb.<\/p>\n<p>Que, resulta necesario y dada la complejidad y tiempo de\u00a0construcci\u00f3n de caminos de monta\u00f1a, avanzar con la construcci\u00f3n del camino perilago para evitar la desvinculaci\u00f3n temprana del departamento Calingasta y reconstituir toda la Ruta Provincial N\u00b0 12 a la vera del r\u00edo San Juan, todo ello en forma concomitante con la construcci\u00f3n del proyecto \u00abEl Tambolar\u00bb y antes de la inundabilidad que provocar\u00e1 el mismo.<\/p>\n<p>Tambi\u00e9n los legisladores ofrecieron despacho favorable al Mensaje y proyecto de Ley remitido por el Ejecutivo, que tiene como finalidad aprobar el convenio de colaboraci\u00f3n entre la \u00a0Administraci\u00f3n Federal de Ingresos P\u00fablicos (AFIP y la provincia de San Juan para ejecutar el proyecto de obra, mejoras y refacciones de la Aduana ubicada en la localidad de Las Flores, departamento Iglesia, provincia de San Juan.<\/p>\n<p>En tal sentido, acuerdan la coordinaci\u00f3n de acciones a fin de llevar adelante mejoras y refacciones en el inmueble propiedad de la AFIP, ubicado en la Ruta\u00a0Nacional n\u00famero 150 sin n\u00famero, Las Flores, 1059 metros al oeste del camino a Pismanta, departamento Iglesia, provincia de San Juan, designado como Pol\u00edgono 1-2-3-4, con el fin de garantizar el desarrollo de sus funciones de control en condiciones adecuadas y mejorar los servicios a los usuarios aduaneros y p\u00fablico en general.<\/p>\n<p><img loading=\"lazy\" decoding=\"async\" class=\"alignnone size-full wp-image-37951\" src=\"https:\/\/vocesparalelas.com.ar\/sitio\/wp-content\/uploads\/2021\/05\/CAMARA-EDIFICIO.jpg\" alt=\"\" width=\"800\" height=\"515\" srcset=\"https:\/\/vocesparalelas.com.ar\/sitio\/wp-content\/uploads\/2021\/05\/CAMARA-EDIFICIO.jpg 800w, https:\/\/vocesparalelas.com.ar\/sitio\/wp-content\/uploads\/2021\/05\/CAMARA-EDIFICIO-300x193.jpg 300w, https:\/\/vocesparalelas.com.ar\/sitio\/wp-content\/uploads\/2021\/05\/CAMARA-EDIFICIO-768x494.jpg 768w\" sizes=\"auto, (max-width: 800px) 100vw, 800px\" \/><\/p>\n<p>Publicado el Lunes, 22 de Agosto de 2022<\/p>\n<\/div>\n","protected":false},"excerpt":{"rendered":"<p>En el transcurso de la ma\u00f1ana del Lunes, 22 de Agosto, los legisladores provinciales concentraron su actividad en el desarrollo<\/p>\n","protected":false},"author":3,"featured_media":51779,"comment_status":"closed","ping_status":"closed","sticky":false,"template":"","format":"standard","meta":{"_acf_changed":false,"_seopress_robots_primary_cat":"none","_seopress_titles_title":"","_seopress_titles_desc":"","_seopress_robots_index":"","colormag_page_container_layout":"default_layout","colormag_page_sidebar_layout":"default_layout","footnotes":""},"categories":[1],"tags":[],"class_list":["post-51777","post","type-post","status-publish","format-standard","has-post-thumbnail","hentry","category-destacadas"],"acf":[],"_links":{"self":[{"href":"https:\/\/vocesparalelas.com.ar\/sitio\/wp-json\/wp\/v2\/posts\/51777","targetHints":{"allow":["GET"]}}],"collection":[{"href":"https:\/\/vocesparalelas.com.ar\/sitio\/wp-json\/wp\/v2\/posts"}],"about":[{"href":"https:\/\/vocesparalelas.com.ar\/sitio\/wp-json\/wp\/v2\/types\/post"}],"author":[{"embeddable":true,"href":"https:\/\/vocesparalelas.com.ar\/sitio\/wp-json\/wp\/v2\/users\/3"}],"replies":[{"embeddable":true,"href":"https:\/\/vocesparalelas.com.ar\/sitio\/wp-json\/wp\/v2\/comments?post=51777"}],"version-history":[{"count":1,"href":"https:\/\/vocesparalelas.com.ar\/sitio\/wp-json\/wp\/v2\/posts\/51777\/revisions"}],"predecessor-version":[{"id":51780,"href":"https:\/\/vocesparalelas.com.ar\/sitio\/wp-json\/wp\/v2\/posts\/51777\/revisions\/51780"}],"wp:featuredmedia":[{"embeddable":true,"href":"https:\/\/vocesparalelas.com.ar\/sitio\/wp-json\/wp\/v2\/media\/51779"}],"wp:attachment":[{"href":"https:\/\/vocesparalelas.com.ar\/sitio\/wp-json\/wp\/v2\/media?parent=51777"}],"wp:term":[{"taxonomy":"category","embeddable":true,"href":"https:\/\/vocesparalelas.com.ar\/sitio\/wp-json\/wp\/v2\/categories?post=51777"},{"taxonomy":"post_tag","embeddable":true,"href":"https:\/\/vocesparalelas.com.ar\/sitio\/wp-json\/wp\/v2\/tags?post=51777"}],"curies":[{"name":"wp","href":"https:\/\/api.w.org\/{rel}","templated":true}]}}