{"id":51756,"date":"2022-08-20T20:35:07","date_gmt":"2022-08-20T23:35:07","guid":{"rendered":"https:\/\/vocesparalelas.com.ar\/sitio\/?p=51756"},"modified":"2022-08-23T01:17:31","modified_gmt":"2022-08-23T04:17:31","slug":"deben-presentar-factura-de-agosto-2022-los-contratados-de-servicios-generales-y-personal-administrativo-de-educacion-de-san-juan","status":"publish","type":"post","link":"https:\/\/vocesparalelas.com.ar\/sitio\/deben-presentar-factura-de-agosto-2022-los-contratados-de-servicios-generales-y-personal-administrativo-de-educacion-de-san-juan\/","title":{"rendered":"Deben presentar factura de Agosto 2022 los contratados de Servicios Generales y personal administrativo de Educaci\u00f3n de San Juan"},"content":{"rendered":"<p>El Ministerio de Educaci\u00f3n informa que las personas que poseen Contratos Administrativos de Servicios de Colaboraci\u00f3n, deber\u00e1n concurrir al establecimiento educativo en el que se desempe\u00f1a para presentar al directivo la Factura Electr\u00f3nica correspondiente al mes de agosto de 2022. La factura podr\u00e1 realizarse a partir del d\u00eda 21 de agosto y deber\u00e1 ser presentada en el Centro C\u00edvico seg\u00fan el siguiente cronograma.<\/p>\n<p><strong>Contratados funciones de Servicios Generales (portero)<\/strong><\/p>\n<p><img loading=\"lazy\" decoding=\"async\" class=\"alignnone size-full wp-image-51758\" src=\"https:\/\/vocesparalelas.com.ar\/sitio\/wp-content\/uploads\/2022\/08\/AGOSTO-02.jpg\" alt=\"\" width=\"800\" height=\"339\" srcset=\"https:\/\/vocesparalelas.com.ar\/sitio\/wp-content\/uploads\/2022\/08\/AGOSTO-02.jpg 800w, https:\/\/vocesparalelas.com.ar\/sitio\/wp-content\/uploads\/2022\/08\/AGOSTO-02-300x127.jpg 300w, https:\/\/vocesparalelas.com.ar\/sitio\/wp-content\/uploads\/2022\/08\/AGOSTO-02-768x325.jpg 768w\" sizes=\"auto, (max-width: 800px) 100vw, 800px\" \/><\/p>\n<div class=\"itemFullText\">\n<p><strong><span style=\"color: #339966;\">Zonas Alejadas<\/span><\/strong><\/p>\n<p>Las personas contratadas que viven en los departamentos Calingasta, Iglesia, J\u00e1chal y Valle F\u00e9rtil deben entregar la factura electr\u00f3nica impresa a su director. El director debe presentarlas en un sobre en su Unidad de Gesti\u00f3n.<\/p>\n<p><span style=\"color: #339966;\"><strong>Las facturas deben ser electr\u00f3nicas y confeccionadas de la siguiente manera:<\/strong><\/span><\/p>\n<p><strong>FACTURA MES DE AGOSTO 2022:<\/strong><\/p>\n<p>FECHA DE EMISI\u00d3N: 31\/08\/2022<\/p>\n<p>PERIODO FACTURADO: DESDE EL 01\/08\/2022 HASTA EL 31\/08\/2022.<\/p>\n<p>VENCIMIENTO: 30\/09\/2022<\/p>\n<p>CUIT GOBIERNO DE LA PROVINCIA: 30-99901516-2<\/p>\n<p>CONDICI\u00d3N FRENTE AL IVA: IVA SUJETO EXENTO<\/p>\n<p>CONDICI\u00d3N DE VENTA: OTRA<\/p>\n<ul>\n<li>DETALLE: Pago de honorarios por Contrato Administrativo de Servicios de Colaboraci\u00f3n correspondiente al mes de AGOSTO de 2022.-<\/li>\n<li>MONTO A FACTURAR (PARA PORTEROS): $41.000,00.-<\/li>\n<li>CONFORMACI\u00d3N DE FACTURA: Al Dorso de la factura (en la parte de atr\u00e1s) deber\u00e1 colocar lo siguiente:<\/li>\n<\/ul>\n<p>\u201cART\u00cdCULOS 6\u00b0 Y 11\u00ba LEY N\u00ba 793-A. CL\u00c1USULA CUARTA DEL CONTRATO ADMINISTRATIVO DE SERVICIOS DE COLABORACI\u00d3N\u201d.<\/p>\n<p>SAN JUAN, 31\/08\/2022.<\/p>\n<p>FIRMA Y SELLO DEL DIRECTIVO<\/p>\n<ul>\n<li><span style=\"color: #339966;\"><strong>Presentaci\u00f3n de Seguro:<\/strong><\/span>\u00a0constancia de pago del mes de agosto 2022. Fotocopia legible con datos del asegurado (nombre y apellido), legalizada en el frente por el directivo. En caso de presentar el comprobante de pago emitido por el seguro, el mismo debe tener fecha agosto 2022. Sin excepci\u00f3n.<\/li>\n<li><span style=\"color: #339966;\"><strong>Contratados con funciones administrativas:<\/strong><\/span>\u00a0la factura tienen que presentarla en la Oficina de Personal Administrativo, 2\u00b0 piso, N\u00facleo 2 en Centro C\u00edvico, con el monto correspondiente a cada contrato, del 22 de agosto al 26 de agosto de 2022, en horario de 07:30 a 13:30.<\/li>\n<\/ul>\n<\/div>\n<div class=\"clr\"><\/div>\n<div class=\"itemContentFooter\"><span class=\"itemDateModified\">Publicado el S\u00e1bado, 20 de Agosto de 2022<\/span><\/div>\n<p>&nbsp;<\/p>\n","protected":false},"excerpt":{"rendered":"<p>El Ministerio de Educaci\u00f3n informa que las personas que poseen Contratos Administrativos de Servicios de Colaboraci\u00f3n, deber\u00e1n concurrir al establecimiento<\/p>\n","protected":false},"author":3,"featured_media":37957,"comment_status":"closed","ping_status":"closed","sticky":false,"template":"","format":"standard","meta":{"_acf_changed":false,"_seopress_robots_primary_cat":"none","_seopress_titles_title":"","_seopress_titles_desc":"","_seopress_robots_index":"","colormag_page_container_layout":"default_layout","colormag_page_sidebar_layout":"default_layout","footnotes":""},"categories":[5],"tags":[],"class_list":["post-51756","post","type-post","status-publish","format-standard","has-post-thumbnail","hentry","category-ofrecimientos"],"acf":[],"_links":{"self":[{"href":"https:\/\/vocesparalelas.com.ar\/sitio\/wp-json\/wp\/v2\/posts\/51756","targetHints":{"allow":["GET"]}}],"collection":[{"href":"https:\/\/vocesparalelas.com.ar\/sitio\/wp-json\/wp\/v2\/posts"}],"about":[{"href":"https:\/\/vocesparalelas.com.ar\/sitio\/wp-json\/wp\/v2\/types\/post"}],"author":[{"embeddable":true,"href":"https:\/\/vocesparalelas.com.ar\/sitio\/wp-json\/wp\/v2\/users\/3"}],"replies":[{"embeddable":true,"href":"https:\/\/vocesparalelas.com.ar\/sitio\/wp-json\/wp\/v2\/comments?post=51756"}],"version-history":[{"count":1,"href":"https:\/\/vocesparalelas.com.ar\/sitio\/wp-json\/wp\/v2\/posts\/51756\/revisions"}],"predecessor-version":[{"id":51759,"href":"https:\/\/vocesparalelas.com.ar\/sitio\/wp-json\/wp\/v2\/posts\/51756\/revisions\/51759"}],"wp:featuredmedia":[{"embeddable":true,"href":"https:\/\/vocesparalelas.com.ar\/sitio\/wp-json\/wp\/v2\/media\/37957"}],"wp:attachment":[{"href":"https:\/\/vocesparalelas.com.ar\/sitio\/wp-json\/wp\/v2\/media?parent=51756"}],"wp:term":[{"taxonomy":"category","embeddable":true,"href":"https:\/\/vocesparalelas.com.ar\/sitio\/wp-json\/wp\/v2\/categories?post=51756"},{"taxonomy":"post_tag","embeddable":true,"href":"https:\/\/vocesparalelas.com.ar\/sitio\/wp-json\/wp\/v2\/tags?post=51756"}],"curies":[{"name":"wp","href":"https:\/\/api.w.org\/{rel}","templated":true}]}}