{"id":51723,"date":"2022-08-19T18:42:04","date_gmt":"2022-08-19T21:42:04","guid":{"rendered":"https:\/\/vocesparalelas.com.ar\/sitio\/?p=51723"},"modified":"2022-08-19T18:42:04","modified_gmt":"2022-08-19T21:42:04","slug":"un-homenaje-que-recordo-los-valores-del-gral-jose-de-san-martin-y-con-la-presencia-de-los-alumnos-del-eni-33","status":"publish","type":"post","link":"https:\/\/vocesparalelas.com.ar\/sitio\/un-homenaje-que-recordo-los-valores-del-gral-jose-de-san-martin-y-con-la-presencia-de-los-alumnos-del-eni-33\/","title":{"rendered":"Un homenaje que record\u00f3 los valores del Gral. Jos\u00e9 de San Mart\u00edn y con la presencia de los alumnos del ENI 33"},"content":{"rendered":"<div class=\"itemFullText jbintrotext\">\n<p>El vicegobernador y presidente nato de la C\u00e1mara de Diputados de San Juan, CPN Roberto Gattoni, el Mi\u00e9rcoles, 17 de Agosto, particip\u00f3 de la ceremonia de conmemoraci\u00f3n del 172\u00ba aniversario del paso a la inmortalidad del General Don Jos\u00e9 de San Mart\u00edn, frente a la estatua ecuestre que perpet\u00faa la memoria del pr\u00f3cer, en el Parque de Mayo.<\/p>\n<p>En la ocasi\u00f3n asistieron el ministro de Gobierno, Dr. Alberto Hensel; el intendente de la ciudad de San Juan, Dr. Emilio Baistrochi; el jefe del Regimiento de Infanter\u00eda de Monta\u00f1a 22 \u201cTeniente Coronel Juan Manuel Cabot\u201d, coronel de Infanter\u00eda, Mart\u00edn Guillermo Mendoza; los ministros de Miner\u00eda, Ing. Carlos Astudillo; Educaci\u00f3n, Prof. Cecilia Trincado y por la C\u00e1mara de Diputados, las legisladoras Dra. Celina Ramella y Dra. Florencia Pe\u00f1aloza y los diputados Horacio Quiroga y Miguel \u00c1ngel S\u00e1nchez y el secretario Administrativo del cuerpo, Lic. Roberto Paulo Iglesias.<\/p>\n<\/div>\n<div class=\"itemFullText\">\n<p>Tambi\u00e9n, estuvieron presentes el jefe de la Secci\u00f3n Inteligencia de Monta\u00f1a, mayor Gladis Noem\u00ed Riquelme; el delegado Naval de la Armada Argentina en San Juan, suboficial principal de Mar, Oscar P\u00e9rez; el jefe de la Divisi\u00f3n Personal de Gendarmer\u00eda Delegaci\u00f3n San Juan, Ram\u00f3n \u00c1lvarez; representantes de la Polic\u00eda Federal; el jefe de Polic\u00eda de San Juan, comisario general Luis Mart\u00ednez; el presidente del Concejo Deliberante de la Ciudad de San Juan, Arq. Ariel Palma y concejales; el rector de la Universidad Nacional de San Juan, Ing. Tadeo Berenguer; el titular de la Asociaci\u00f3n Cultural Sanmartiniana y miembro de n\u00famero del Instituto Nacional Sanmartiniano, Dr. Miguel \u00c1ngel Licciardi; la presidente de la Asociaci\u00f3n Civil Belgraniana de San Juan, Nicolasa Narv\u00e1ez; el secretario general de la delegaci\u00f3n San Juan de la Asociaci\u00f3n de Granaderos Reservista de la Rep\u00fablica Argentina, Eduardo Savastano; representantes del Ateneo Cultural Paula Albarrac\u00edn de Sarmiento y de la Asociaci\u00f3n Chilena Gabriela Mistral, invitados especiales y p\u00fablico en general.<\/p>\n<p><img loading=\"lazy\" decoding=\"async\" class=\"alignnone size-full wp-image-51732\" src=\"https:\/\/vocesparalelas.com.ar\/sitio\/wp-content\/uploads\/2022\/08\/GRAL-JOSE-DE-SAN-MARTIN-05.jpg\" alt=\"\" width=\"800\" height=\"533\" srcset=\"https:\/\/vocesparalelas.com.ar\/sitio\/wp-content\/uploads\/2022\/08\/GRAL-JOSE-DE-SAN-MARTIN-05.jpg 800w, https:\/\/vocesparalelas.com.ar\/sitio\/wp-content\/uploads\/2022\/08\/GRAL-JOSE-DE-SAN-MARTIN-05-300x200.jpg 300w, https:\/\/vocesparalelas.com.ar\/sitio\/wp-content\/uploads\/2022\/08\/GRAL-JOSE-DE-SAN-MARTIN-05-768x512.jpg 768w\" sizes=\"auto, (max-width: 800px) 100vw, 800px\" \/><\/p>\n<p>&nbsp;<\/p>\n<p>Adem\u00e1s, los integrantes de la Escuela de Nivel Inicial N\u00ba 33 que se sumaron al acto para recordar el Gral. Jos\u00e9 de San Mart\u00edn.<\/p>\n<p><img loading=\"lazy\" decoding=\"async\" class=\"alignnone size-full wp-image-51733\" src=\"https:\/\/vocesparalelas.com.ar\/sitio\/wp-content\/uploads\/2022\/08\/GRAL-JOSE-DE-SAN-MARTIN-06.jpg\" alt=\"\" width=\"800\" height=\"533\" srcset=\"https:\/\/vocesparalelas.com.ar\/sitio\/wp-content\/uploads\/2022\/08\/GRAL-JOSE-DE-SAN-MARTIN-06.jpg 800w, https:\/\/vocesparalelas.com.ar\/sitio\/wp-content\/uploads\/2022\/08\/GRAL-JOSE-DE-SAN-MARTIN-06-300x200.jpg 300w, https:\/\/vocesparalelas.com.ar\/sitio\/wp-content\/uploads\/2022\/08\/GRAL-JOSE-DE-SAN-MARTIN-06-768x512.jpg 768w\" sizes=\"auto, (max-width: 800px) 100vw, 800px\" \/><\/p>\n<p>A su arribo a la ceremonia el vicegobernador declar\u00f3 al ser consultado que \u201cel Cruce de los Andes es una de las manifestaciones en el tema organizativo y de log\u00edstica m\u00e1s importantes de la historia. Con sus conceptos de libertad, el Padre de la Patria ya ve\u00eda Argentina y Am\u00e9rica y creo que eso hoy toma m\u00e1s valor con esta necesidad de libertad soberana, pol\u00edtica y econ\u00f3mica. Esto se ve en el progreso de los pueblos de Am\u00e9rica Latina y, por supuesto, de Argentina\u201d.<\/p>\n<p>Voces Paralelas entrevist\u00f3 al presidente de la Asociaci\u00f3n Cultural Sanmartiniana y miembro de n\u00famero del Instituto Nacional Sanmartiniano, Dr. Miguel \u00c1ngel Licciardi, quien describi\u00f3 la importancia de conocer m\u00e1s al Gral. Jos\u00e9 de San Mart\u00edn.<\/p>\n<p><iframe loading=\"lazy\" title=\"DR MIGUEL ANGEL LICCIARDI\" width=\"800\" height=\"450\" src=\"https:\/\/www.youtube.com\/embed\/ZTr7PYcM1vc?start=6&#038;feature=oembed\" frameborder=\"0\" allow=\"accelerometer; autoplay; clipboard-write; encrypted-media; gyroscope; picture-in-picture\" allowfullscreen><\/iframe><\/p>\n<p>El acto comenz\u00f3 con la entonaci\u00f3n del Himno Nacional Argentino y, acto seguido, los presentes entonaron las estrofas del Himno Nacional al General San Mart\u00edn, ambos ejecutados por la Banda de M\u00fasica El Tambolar del RIM 22.<\/p>\n<p><iframe loading=\"lazy\" title=\"HIMNO NACIONAL ARGENTINO\" width=\"800\" height=\"450\" src=\"https:\/\/www.youtube.com\/embed\/m6NXohkYTI8?feature=oembed\" frameborder=\"0\" allow=\"accelerometer; autoplay; clipboard-write; encrypted-media; gyroscope; picture-in-picture\" allowfullscreen><\/iframe><\/p>\n<p>A continuaci\u00f3n, fueron depositadas ofrendas de laureles ante la estatua ecuestre del pr\u00f3cer, en primer t\u00e9rmino en nombre de Pueblo y Gobierno lo hicieron el vicegobernador CPN Roberto Gattoni y el ministro de Gobierno, Dr. Alberto Hensel; por la C\u00e1mara de Diputados lo hicieron Dra. Celina Ramella, Dra. Florencia Pe\u00f1aloza, Arq. Horacio Quiroga y Miguel \u00c1ngel S\u00e1nchez; por la municipalidad de la ciudad de San Juan, lo hicieron el intendente municipal Dr. Emilio Baistrocchi; el presidente del Concejo Deliberante, Arq. Ariel Palma y concejales; despu\u00e9s fueron el Ej\u00e9rcito Argentino y la Asociaci\u00f3n Cultural Sanmartiniana y lo hicieron\u00a0 el jefe del RIM 22, coronel de Infanter\u00eda, Mart\u00edn Guillermo Mendoza y el titular de la asociaci\u00f3n, Dr. Miguel \u00c1ngel Licciardi; por \u00faltimo, lo hicieron Lic. Mary Mansilla y Guadalupe Mart\u00ed, en nombre del Ateneo Cultural Femenino Paula Albarrac\u00edn de Sarmiento.<\/p>\n<p>M\u00e1s adelante, la banda de M\u00fasica del RIM 22 toc\u00f3 a silencio siendo un momento muy emotivo porque es la partida del pr\u00f3cer , General Jos\u00e9 de San Mart\u00edn.<\/p>\n<p><iframe loading=\"lazy\" title=\"BANDERAS A MEDIA ASTAS\" width=\"800\" height=\"450\" src=\"https:\/\/www.youtube.com\/embed\/thS6VR6cqm8?feature=oembed\" frameborder=\"0\" allow=\"accelerometer; autoplay; clipboard-write; encrypted-media; gyroscope; picture-in-picture\" allowfullscreen><\/iframe><\/p>\n<p>y acto seguido, de acuerdo con el decreto nacional fueron colocadas a media asta las banderas nacionales de Argentina, Chile, Per\u00fa y la Bandera Ciudadana de la provincia de San Juan.<\/p>\n<p><img loading=\"lazy\" decoding=\"async\" class=\"alignnone size-full wp-image-51729\" src=\"https:\/\/vocesparalelas.com.ar\/sitio\/wp-content\/uploads\/2022\/08\/GRAL-JOSE-DE-SAN-MARTIN-02.jpg\" alt=\"\" width=\"800\" height=\"533\" srcset=\"https:\/\/vocesparalelas.com.ar\/sitio\/wp-content\/uploads\/2022\/08\/GRAL-JOSE-DE-SAN-MARTIN-02.jpg 800w, https:\/\/vocesparalelas.com.ar\/sitio\/wp-content\/uploads\/2022\/08\/GRAL-JOSE-DE-SAN-MARTIN-02-300x200.jpg 300w, https:\/\/vocesparalelas.com.ar\/sitio\/wp-content\/uploads\/2022\/08\/GRAL-JOSE-DE-SAN-MARTIN-02-768x512.jpg 768w\" sizes=\"auto, (max-width: 800px) 100vw, 800px\" \/><\/p>\n<p>A continuaci\u00f3n, el capell\u00e1n del RIM 22, presb\u00edtero Adolfo Cal\u00edvar pronunci\u00f3 una invocaci\u00f3n religiosa e inmediatamente despu\u00e9s el vicegobernador Gattoni, junto al jefe del RIM 22 y el titular de la Asociaci\u00f3n Cultural Sanmartiniana descubrieron una r\u00e9plica de la placa recordatoria que ser\u00e1 emplazada en el cementerio de la parroquia San Miguel Arc\u00e1ngel, ubicada en la provincia de Buenos Aires, donde descansan los restos del Comandante de la Cuarta Divisi\u00f3n Norte del Ej\u00e9rcito de los Andes, Juan Manuel Cabot.<\/p>\n<p>Luego, Dr. Miguel \u00c1ngel Licciardi en representaci\u00f3n de la asociaci\u00f3n aludi\u00f3 a la figura del General don Jos\u00e9 de San Mart\u00edn y en este sentido evoc\u00f3 algunas de sus acciones a lo largo de su historia.<\/p>\n<p><img loading=\"lazy\" decoding=\"async\" class=\"alignnone size-full wp-image-51730\" src=\"https:\/\/vocesparalelas.com.ar\/sitio\/wp-content\/uploads\/2022\/08\/GRAL-JOSE-DE-SAN-MARTIN-03.jpg\" alt=\"\" width=\"800\" height=\"533\" srcset=\"https:\/\/vocesparalelas.com.ar\/sitio\/wp-content\/uploads\/2022\/08\/GRAL-JOSE-DE-SAN-MARTIN-03.jpg 800w, https:\/\/vocesparalelas.com.ar\/sitio\/wp-content\/uploads\/2022\/08\/GRAL-JOSE-DE-SAN-MARTIN-03-300x200.jpg 300w, https:\/\/vocesparalelas.com.ar\/sitio\/wp-content\/uploads\/2022\/08\/GRAL-JOSE-DE-SAN-MARTIN-03-768x512.jpg 768w\" sizes=\"auto, (max-width: 800px) 100vw, 800px\" \/><\/p>\n<p>En tanto que el ministro de Gobierno, Dr. Alberto Hensel con sus palabras cerr\u00f3 los discursos y entre otros conceptos puntualiz\u00f3 que \u201cquiero referirme al pensamiento pol\u00edtico de San Mart\u00edn que no est\u00e1 muy difundido y ese pensamiento pol\u00edtico est\u00e1 claro que deb\u00eda abrirse en esta mezcla entre la pol\u00edtica y la guerra, pero s\u00ed queda claro que era un hombre que por su conformaci\u00f3n hab\u00eda recibido varios principios de lo que se denomin\u00f3 la ilustraci\u00f3n en aquel momento que se basa fundamentalmente en la libertad y la igualdad de las personas\u201d.<\/p>\n<p>Al finalizar el acto, tuvo lugar el retiro de banderas del RIM 22; Gendarmer\u00eda Nacional delegaci\u00f3n San Juan; Polic\u00eda Federal Argentina; cadetes de la Polic\u00eda de San Juan; Servicio Penitenciario Provincial; Asociaci\u00f3n Cultural Sanmartiniana y la delegaci\u00f3n San Juan de la Asociaci\u00f3n de Granaderos Reservista de la Rep\u00fablica Argentina.<\/p>\n<p><iframe loading=\"lazy\" title=\"ABANDERADOS GRAL. JOSE DE SAN MART\u00cdN\" width=\"800\" height=\"450\" src=\"https:\/\/www.youtube.com\/embed\/BHOGpBMMU7g?start=1&#038;feature=oembed\" frameborder=\"0\" allow=\"accelerometer; autoplay; clipboard-write; encrypted-media; gyroscope; picture-in-picture\" allowfullscreen><\/iframe><\/p>\n<p>Por \u00faltimo, alumnos de la Escuela de Nivel Inicial N\u00ba 33, hicieron entrega, a modo de obsequios, de dibujos y otras creaciones por ellos realizaron al vicegobernador CPN Roberto Gattoni y a la ministro de Educaci\u00f3n, Prof. Cecilia Trincado. Su inocencia de los peque\u00f1os y los grandes iniciadores del Sistema Educativo de San Juan le pusieron el color al Gral. Jos\u00e9 de San Mart\u00edn<\/p>\n<p><img loading=\"lazy\" decoding=\"async\" class=\"alignnone size-full wp-image-51734\" src=\"https:\/\/vocesparalelas.com.ar\/sitio\/wp-content\/uploads\/2022\/08\/GRAL-JOSE-DE-SAN-MARTIN-07.jpg\" alt=\"\" width=\"800\" height=\"533\" srcset=\"https:\/\/vocesparalelas.com.ar\/sitio\/wp-content\/uploads\/2022\/08\/GRAL-JOSE-DE-SAN-MARTIN-07.jpg 800w, https:\/\/vocesparalelas.com.ar\/sitio\/wp-content\/uploads\/2022\/08\/GRAL-JOSE-DE-SAN-MARTIN-07-300x200.jpg 300w, https:\/\/vocesparalelas.com.ar\/sitio\/wp-content\/uploads\/2022\/08\/GRAL-JOSE-DE-SAN-MARTIN-07-768x512.jpg 768w\" sizes=\"auto, (max-width: 800px) 100vw, 800px\" \/><\/p>\n<p>Publicado el Viernes, 19 de Agosto de 2022<\/p>\n<\/div>\n","protected":false},"excerpt":{"rendered":"<p>El vicegobernador y presidente nato de la C\u00e1mara de Diputados de San Juan, CPN Roberto Gattoni, el Mi\u00e9rcoles, 17 de<\/p>\n","protected":false},"author":3,"featured_media":51728,"comment_status":"closed","ping_status":"closed","sticky":false,"template":"","format":"video","meta":{"_acf_changed":false,"_seopress_robots_primary_cat":"none","_seopress_titles_title":"","_seopress_titles_desc":"","_seopress_robots_index":"","colormag_page_container_layout":"default_layout","colormag_page_sidebar_layout":"default_layout","footnotes":""},"categories":[1,7],"tags":[],"class_list":["post-51723","post","type-post","status-publish","format-video","has-post-thumbnail","hentry","category-destacadas","category-videos","post_format-post-format-video"],"acf":[],"_links":{"self":[{"href":"https:\/\/vocesparalelas.com.ar\/sitio\/wp-json\/wp\/v2\/posts\/51723","targetHints":{"allow":["GET"]}}],"collection":[{"href":"https:\/\/vocesparalelas.com.ar\/sitio\/wp-json\/wp\/v2\/posts"}],"about":[{"href":"https:\/\/vocesparalelas.com.ar\/sitio\/wp-json\/wp\/v2\/types\/post"}],"author":[{"embeddable":true,"href":"https:\/\/vocesparalelas.com.ar\/sitio\/wp-json\/wp\/v2\/users\/3"}],"replies":[{"embeddable":true,"href":"https:\/\/vocesparalelas.com.ar\/sitio\/wp-json\/wp\/v2\/comments?post=51723"}],"version-history":[{"count":1,"href":"https:\/\/vocesparalelas.com.ar\/sitio\/wp-json\/wp\/v2\/posts\/51723\/revisions"}],"predecessor-version":[{"id":51735,"href":"https:\/\/vocesparalelas.com.ar\/sitio\/wp-json\/wp\/v2\/posts\/51723\/revisions\/51735"}],"wp:featuredmedia":[{"embeddable":true,"href":"https:\/\/vocesparalelas.com.ar\/sitio\/wp-json\/wp\/v2\/media\/51728"}],"wp:attachment":[{"href":"https:\/\/vocesparalelas.com.ar\/sitio\/wp-json\/wp\/v2\/media?parent=51723"}],"wp:term":[{"taxonomy":"category","embeddable":true,"href":"https:\/\/vocesparalelas.com.ar\/sitio\/wp-json\/wp\/v2\/categories?post=51723"},{"taxonomy":"post_tag","embeddable":true,"href":"https:\/\/vocesparalelas.com.ar\/sitio\/wp-json\/wp\/v2\/tags?post=51723"}],"curies":[{"name":"wp","href":"https:\/\/api.w.org\/{rel}","templated":true}]}}