{"id":51708,"date":"2022-08-19T11:08:23","date_gmt":"2022-08-19T14:08:23","guid":{"rendered":"https:\/\/vocesparalelas.com.ar\/sitio\/?p=51708"},"modified":"2022-08-19T11:08:23","modified_gmt":"2022-08-19T14:08:23","slug":"nuevo-equipamiento-para-aulas-hibridas-en-la-faud-de-la-unsj","status":"publish","type":"post","link":"https:\/\/vocesparalelas.com.ar\/sitio\/nuevo-equipamiento-para-aulas-hibridas-en-la-faud-de-la-unsj\/","title":{"rendered":"Nuevo equipamiento para aulas h\u00edbridas en la FAUD de la UNSJ"},"content":{"rendered":"<p>En el Edificio Central de la UNSJ se realiz\u00f3 el acto de presentaci\u00f3n de trabajo del \u00c1rea de Educaci\u00f3n a Distancia- SIED UNSJ, en el marco del Plan de Virtualizaci\u00f3n de la Educaci\u00f3n Superior &#8211; Plan VES .<\/p>\n<p>Durante el encuentro se llev\u00f3 a cabo la entrega de equipamiento para las unidades acad\u00e9micas de la Universidad Nacional de San Juan. La FAUD recibi\u00f3 equipamiento para acondicionar dos espacios educativos como aulas h\u00edbridas.<\/p>\n<p>El aula h\u00edbrida es un espacio donde pueden concurrir alumnos de forma presencial, a la vez que pueden estar conectados alumnos de manera virtual.<\/p>\n<p>Agreg\u00f3 P\u00f3sito que \u201cEl concepto de aula y de clase se ha reconfigurado. Es la oportunidad de generar estos espacios de aprendizaje y sacar las mejores conclusiones para poder generar nuevas propuestas a futuro\u201d.<\/p>\n<p><img loading=\"lazy\" decoding=\"async\" class=\"alignnone size-full wp-image-43789\" src=\"https:\/\/vocesparalelas.com.ar\/sitio\/wp-content\/uploads\/2021\/11\/FAUD-LOGO-NUEVO.jpg\" alt=\"\" width=\"800\" height=\"533\" srcset=\"https:\/\/vocesparalelas.com.ar\/sitio\/wp-content\/uploads\/2021\/11\/FAUD-LOGO-NUEVO.jpg 800w, https:\/\/vocesparalelas.com.ar\/sitio\/wp-content\/uploads\/2021\/11\/FAUD-LOGO-NUEVO-300x200.jpg 300w, https:\/\/vocesparalelas.com.ar\/sitio\/wp-content\/uploads\/2021\/11\/FAUD-LOGO-NUEVO-768x512.jpg 768w\" sizes=\"auto, (max-width: 800px) 100vw, 800px\" \/><\/p>\n<p>Publicado el Viernes, 19 de Agosto de 2022<\/p>\n","protected":false},"excerpt":{"rendered":"<p>En el Edificio Central de la UNSJ se realiz\u00f3 el acto de presentaci\u00f3n de trabajo del \u00c1rea de Educaci\u00f3n a<\/p>\n","protected":false},"author":3,"featured_media":51710,"comment_status":"closed","ping_status":"closed","sticky":false,"template":"","format":"standard","meta":{"_acf_changed":false,"_seopress_robots_primary_cat":"none","_seopress_titles_title":"","_seopress_titles_desc":"","_seopress_robots_index":"","colormag_page_container_layout":"default_layout","colormag_page_sidebar_layout":"default_layout","footnotes":""},"categories":[1],"tags":[],"class_list":["post-51708","post","type-post","status-publish","format-standard","has-post-thumbnail","hentry","category-destacadas"],"acf":[],"_links":{"self":[{"href":"https:\/\/vocesparalelas.com.ar\/sitio\/wp-json\/wp\/v2\/posts\/51708","targetHints":{"allow":["GET"]}}],"collection":[{"href":"https:\/\/vocesparalelas.com.ar\/sitio\/wp-json\/wp\/v2\/posts"}],"about":[{"href":"https:\/\/vocesparalelas.com.ar\/sitio\/wp-json\/wp\/v2\/types\/post"}],"author":[{"embeddable":true,"href":"https:\/\/vocesparalelas.com.ar\/sitio\/wp-json\/wp\/v2\/users\/3"}],"replies":[{"embeddable":true,"href":"https:\/\/vocesparalelas.com.ar\/sitio\/wp-json\/wp\/v2\/comments?post=51708"}],"version-history":[{"count":1,"href":"https:\/\/vocesparalelas.com.ar\/sitio\/wp-json\/wp\/v2\/posts\/51708\/revisions"}],"predecessor-version":[{"id":51711,"href":"https:\/\/vocesparalelas.com.ar\/sitio\/wp-json\/wp\/v2\/posts\/51708\/revisions\/51711"}],"wp:featuredmedia":[{"embeddable":true,"href":"https:\/\/vocesparalelas.com.ar\/sitio\/wp-json\/wp\/v2\/media\/51710"}],"wp:attachment":[{"href":"https:\/\/vocesparalelas.com.ar\/sitio\/wp-json\/wp\/v2\/media?parent=51708"}],"wp:term":[{"taxonomy":"category","embeddable":true,"href":"https:\/\/vocesparalelas.com.ar\/sitio\/wp-json\/wp\/v2\/categories?post=51708"},{"taxonomy":"post_tag","embeddable":true,"href":"https:\/\/vocesparalelas.com.ar\/sitio\/wp-json\/wp\/v2\/tags?post=51708"}],"curies":[{"name":"wp","href":"https:\/\/api.w.org\/{rel}","templated":true}]}}