{"id":51674,"date":"2022-08-16T22:42:57","date_gmt":"2022-08-17T01:42:57","guid":{"rendered":"https:\/\/vocesparalelas.com.ar\/sitio\/?p=51674"},"modified":"2022-08-16T22:42:57","modified_gmt":"2022-08-17T01:42:57","slug":"firmaron-convenios-que-transforman-los-planes-sociales-en-trabajo-en-san-juan","status":"publish","type":"post","link":"https:\/\/vocesparalelas.com.ar\/sitio\/firmaron-convenios-que-transforman-los-planes-sociales-en-trabajo-en-san-juan\/","title":{"rendered":"Firmaron convenios que transforman los planes sociales en trabajo en San Juan"},"content":{"rendered":"<p>El Martes 16 de Agosto tuvo lugar la firma de acuerdos entre el Gobierno de San Juan, el Ministerio de Desarrollo Humano y Promoci\u00f3n Social y el Ministerio de Desarrollo Social de la Naci\u00f3n, destinados al mejoramiento de las condiciones de distintos programas sociales desarrollados en San Juan. Adem\u00e1s, se entregaron certificados de los programas Vincular, Potenciar Trabajo y diplomaturas en Cuidados.<\/p>\n<p>El acto estuvo presidido por el gobernador de San Juan, Dr. Sergio U\u00f1ac, acompa\u00f1ado por el vicegobernador CPN Roberto Gattoni; el ministro de Desarrollo Social de la Naci\u00f3n, Tec. Juan Zabaleta; intendentes y diputados provinciales; el secretario de Pol\u00edtica Social del Ministerio de Desarrollo Social de la Naci\u00f3n, Gustavo Aguilera; el jefe de Unidad de Asesores del ministerio nacional, Diego Pereira; el director nacional de Formaci\u00f3n y Terminalidad Educativa, Ernesto Migone; el titular de Unidad Ejecutora del Programa Potenciar Trabajo, Pablo Pais; el rector de la UNSJ, Ing. Tadeo Berenguer; el subsecretario de Articulaci\u00f3n y Abordaje Territorial, Cristian Morales; el subsecretario de Promoci\u00f3n, Protecci\u00f3n y Desarrollo Social, Marcos Andino; el subsecretario administrativo financiera, CPN Federico Barcel\u00f3 y dem\u00e1s autoridades.<\/p>\n<p>&nbsp;<\/p>\n<p><iframe loading=\"lazy\" title=\"U\u00f1ac firm\u00f3 convenios con Naci\u00f3n para convertir planes sociales en trabajo con capacitaci\u00f3n\" width=\"800\" height=\"450\" src=\"https:\/\/www.youtube.com\/embed\/dkE3cmsf01I?feature=oembed\" frameborder=\"0\" allow=\"accelerometer; autoplay; clipboard-write; encrypted-media; gyroscope; picture-in-picture\" allowfullscreen><\/iframe><\/p>\n<p>&nbsp;<\/p>\n<p>En el comienzo, el\u00a0gobernador\u00a0brind\u00f3 detalles de la\u00a0<a href=\"https:\/\/sisanjuan.gob.ar\/gobernador\/2022-08-16\/43090-junto-a-zabaleta-unac-participo-de-una-reunion-con-camaras-empresas-y-sindicatos-que-emplean-a-titulares-del-programa-potenciar-trabajo\" target=\"_blank\" rel=\"noopener noreferrer\">reuni\u00f3n que mantuvo con c\u00e1maras, empresarios y sindicatos<\/a>\u00a0que emplean a titulares del programa Potenciar Trabajo.<\/p>\n<p>Seguidamente, el mandatario agradeci\u00f3 la presencia del ministro de Desarrollo Social, considerando que \u00abla Argentina federal no solo se declama sino que se construye minuto a minuto y eso es lo que est\u00e1 haciendo el ministro en San Juan\u00bb.<\/p>\n<p>\u201cAcompa\u00f1amos las pol\u00edticas que llevan a cabo desde la cartera, nos hacemos parte, pero no solo estamos esperando, estamos produciendo y generando. Potenciar nos permite desde hace un tiempo que muchos sanjuaninos pasen de un plan a un empleo formal v\u00eda capacitaci\u00f3n con cada uno de los sindicatos, como por ejemplo la Uni\u00f3n Obrera de la Construcci\u00f3n y la C\u00e1mara de Comercio\u201d, continu\u00f3.<\/p>\n<p>Finalmente, el gobernador dijo que \u201cvamos a seguir trabajando codo a codo. Argentina necesita un mejor presente y la planificaci\u00f3n de un futuro. Quienes tenemos responsabilidades p\u00fablicas no lo podemos delegar, lo tenemos que construir con cada argentino y sanjuanino, por eso el agradecimiento profundo con cada uno de ustedes. A San Juan lo construimos entre todos\u201d.<\/p>\n<p>Posteriormente, el ministro\u00a0nacional\u00a0dio detalles sobre la amplia agenda desplegada en San Juan y explic\u00f3 que \u201cvamos a transformar los planes sociales en trabajo y llegaremos a los empresarios para que este programa sea, por un a\u00f1o, parte del salario del empleado de cada sector. Muchos de ustedes son parte de la econom\u00eda popular en sectores de la construcci\u00f3n, textiles, reciclado, alimentos y otros, lo que seguiremos sosteniendo\u201d.<\/p>\n<p>Al final de su discurso, Zabaleta reiter\u00f3 su compromiso \u00abcon el presente y con el futuro. Estamos para seguir fortaleciendo los comedores y merenderos. Queremos mostrarles en que se invierten los recursos de sus impuestos. Seguir acompa\u00f1ando significa saber c\u00f3mo est\u00e1 cada beneficiario, en qu\u00e9 trabaja y qu\u00e9 quiere hacer, si quiere capacitar en oficios o estudiar. Nadie va a sacar nada a nadie, estamos para ordenar. Hay esperanza, compromiso y mucho coraz\u00f3n para abrazar al que m\u00e1s lo necesita\u201d.<\/p>\n<p>Por su parte,\u00a0Aballayresalt\u00f3 el compromiso y territorialidad del equipo del Ministerio de Desarrollo Social e hizo hincapi\u00e9 en el trabajo de los distintos merenderos de la provincia para brindar un mejor servicio a la comunidad que representan\u00bb.<\/p>\n<p>\u201cLos intendentes recibir\u00e1n recursos para poder construir playones deportivos donde ten\u00edan un terreno disponible, all\u00ed llegar\u00e1 esa mano del Gobierno nacional para fortalecer la tarea que cada uno est\u00e1 llevando a cabo\u201d.<\/p>\n<p>Para concluir con los discursos, Morales explic\u00f3: \u201cfirmaremos convenios para asistencia financiera para distintas acciones, para seguir fortaleciendo la estructura social y la atenci\u00f3n primaria que tenemos en la calle, como los merenderos, mejorar su calidad bromatol\u00f3gica; financiamiento para la construcci\u00f3n de nuevos playones deportivos, que dar\u00e1n contenci\u00f3n social a muchos chicos en los sectores m\u00e1s vulnerables de la sociedad\u201d.<\/p>\n<p>Con respecto al programa Potenciar, el funcionario agradeci\u00f3 a quienes apostaron a la capacitaci\u00f3n. Hoy recibir\u00e1n su diploma 75 titulares y muchas mujeres se capacitaron en perspectiva de g\u00e9nero.<\/p>\n<p>Adem\u00e1s, puso el foco un convenio que firm\u00f3 U\u00f1ac recientemente con la UIA, la C\u00e1mara de la Construcci\u00f3n y UOCRA, que dio como resultado la primera camada de electricistas, sanitaristas, construcci\u00f3n en seco, entre otros oficios.<\/p>\n<p>\u201cContinuamos capacitando a 30 titulares en Inform\u00e1tica para la Gesti\u00f3n Administrativa y recientemente se capacitaron 55 del Programa Potenciar por el Ministerio de Turismo de la Naci\u00f3n, quienes quedaron en un registro de la C\u00e1mara Hotelera de San Juan para la obtenci\u00f3n de empleo en el sector privado\u201d, culmin\u00f3.<\/p>\n<p><span style=\"color: #99cc00;\"><strong>Detalle de los convenios firmados<\/strong><\/span><\/p>\n<p>Los acuerdos firmados entre ministerios fueron para la construcci\u00f3n de nuevos playones multideportivos en la provincia, convenio de cooperaci\u00f3n entre ambos ministerios para fortalecer institucionalmente a comedores y merenderos, para el Programa Abrazar, con m\u00e1s de $36.000.000 y entre el Ministerio Social de la Naci\u00f3n y la Facultad de Ciencias Sociales de la UNSJ, un acuerdo que tiene como objetivo analizar los objetos de apropiaci\u00f3n de los programas Mejor Barrio y bancos de maquinarias, herramientas y materiales por un monto de $4.439.500.<\/p>\n<p>El encuentro apunt\u00f3 a promover la recuperaci\u00f3n de trabajo, como as\u00ed tambi\u00e9n a capacitar y formar a los titulares del Programa Potenciar Trabajo, con el objetivo de obtener perfiles y exponer sobre los beneficios que tendr\u00e1n las empresas al momento de incorporar a los titulares del programa.<\/p>\n<p>El convenio busca capacitar seg\u00fan la demanda obtenida por la C\u00e1mara de Comercio, en actividades vinculadas a: Cajero, Experto en gesti\u00f3n de ventas y atenci\u00f3n comercial, Auxiliar administrativo contable, Experto en log\u00edstica y almacenamiento.<\/p>\n<p>Se capacitar\u00e1n un total de 120 titulares, la formaci\u00f3n estar\u00e1 a cargo de la Universidad Nacional de San Juan, a trav\u00e9s de la Facultad de Ciencias Sociales en conjunto con la C\u00e1mara de Comercio de la Provincia de San Juan y los cursos tendr\u00e1n una carga horaria de 80 hs reloj.<\/p>\n<p><strong><span style=\"color: #99cc00;\">Entrega de certificados<\/span><\/strong><\/p>\n<div class=\"itemFullText\">\n<p>Fue para los titulares del Programa Vincular; a 55 titulares del Programa Potenciar Trabajo (Soldadura, Construcci\u00f3n en seco, Electricidad y sanitaristas), capacitados por convenio con la Uni\u00f3n Industrial de San Juan, C\u00e1mara de la Construcci\u00f3n y Fundaci\u00f3n Uocra)<\/p>\n<p>Diplomatura en Cuidados, a 10 titulares. (Coordinado con CDR San Juan)<\/p>\n<p><img loading=\"lazy\" decoding=\"async\" class=\"alignnone size-full wp-image-51677\" src=\"https:\/\/vocesparalelas.com.ar\/sitio\/wp-content\/uploads\/2022\/08\/PLANES-TRABAJO.jpg\" alt=\"\" width=\"800\" height=\"442\" srcset=\"https:\/\/vocesparalelas.com.ar\/sitio\/wp-content\/uploads\/2022\/08\/PLANES-TRABAJO.jpg 800w, https:\/\/vocesparalelas.com.ar\/sitio\/wp-content\/uploads\/2022\/08\/PLANES-TRABAJO-300x166.jpg 300w, https:\/\/vocesparalelas.com.ar\/sitio\/wp-content\/uploads\/2022\/08\/PLANES-TRABAJO-768x424.jpg 768w\" sizes=\"auto, (max-width: 800px) 100vw, 800px\" \/><\/p>\n<p>Publicado el Martes, 16 de Agosto de 2022<\/p>\n<\/div>\n","protected":false},"excerpt":{"rendered":"<p>El Martes 16 de Agosto tuvo lugar la firma de acuerdos entre el Gobierno de San Juan, el Ministerio de<\/p>\n","protected":false},"author":3,"featured_media":51676,"comment_status":"closed","ping_status":"closed","sticky":false,"template":"","format":"standard","meta":{"_acf_changed":false,"_seopress_robots_primary_cat":"none","_seopress_titles_title":"","_seopress_titles_desc":"","_seopress_robots_index":"","colormag_page_container_layout":"default_layout","colormag_page_sidebar_layout":"default_layout","footnotes":""},"categories":[1],"tags":[],"class_list":["post-51674","post","type-post","status-publish","format-standard","has-post-thumbnail","hentry","category-destacadas"],"acf":[],"_links":{"self":[{"href":"https:\/\/vocesparalelas.com.ar\/sitio\/wp-json\/wp\/v2\/posts\/51674","targetHints":{"allow":["GET"]}}],"collection":[{"href":"https:\/\/vocesparalelas.com.ar\/sitio\/wp-json\/wp\/v2\/posts"}],"about":[{"href":"https:\/\/vocesparalelas.com.ar\/sitio\/wp-json\/wp\/v2\/types\/post"}],"author":[{"embeddable":true,"href":"https:\/\/vocesparalelas.com.ar\/sitio\/wp-json\/wp\/v2\/users\/3"}],"replies":[{"embeddable":true,"href":"https:\/\/vocesparalelas.com.ar\/sitio\/wp-json\/wp\/v2\/comments?post=51674"}],"version-history":[{"count":1,"href":"https:\/\/vocesparalelas.com.ar\/sitio\/wp-json\/wp\/v2\/posts\/51674\/revisions"}],"predecessor-version":[{"id":51678,"href":"https:\/\/vocesparalelas.com.ar\/sitio\/wp-json\/wp\/v2\/posts\/51674\/revisions\/51678"}],"wp:featuredmedia":[{"embeddable":true,"href":"https:\/\/vocesparalelas.com.ar\/sitio\/wp-json\/wp\/v2\/media\/51676"}],"wp:attachment":[{"href":"https:\/\/vocesparalelas.com.ar\/sitio\/wp-json\/wp\/v2\/media?parent=51674"}],"wp:term":[{"taxonomy":"category","embeddable":true,"href":"https:\/\/vocesparalelas.com.ar\/sitio\/wp-json\/wp\/v2\/categories?post=51674"},{"taxonomy":"post_tag","embeddable":true,"href":"https:\/\/vocesparalelas.com.ar\/sitio\/wp-json\/wp\/v2\/tags?post=51674"}],"curies":[{"name":"wp","href":"https:\/\/api.w.org\/{rel}","templated":true}]}}