{"id":51669,"date":"2022-08-16T22:29:48","date_gmt":"2022-08-17T01:29:48","guid":{"rendered":"https:\/\/vocesparalelas.com.ar\/sitio\/?p=51669"},"modified":"2022-08-16T22:29:48","modified_gmt":"2022-08-17T01:29:48","slug":"reunion-para-conocer-los-beneficios-del-programa-potenciar-trabajo-en-san-juan","status":"publish","type":"post","link":"https:\/\/vocesparalelas.com.ar\/sitio\/reunion-para-conocer-los-beneficios-del-programa-potenciar-trabajo-en-san-juan\/","title":{"rendered":"Reuni\u00f3n para conocer los beneficios del Programa Potenciar Trabajo en San Juan"},"content":{"rendered":"<p>En el marco de la visita del ministro de Desarrollo Social de la Naci\u00f3n, Tec. Juan Zabaleta, a San Juan, el gobernador Dr. Sergio U\u00f1ac presidi\u00f3 el encuentro de trabajo y presentaci\u00f3n con c\u00e1maras, empresas y sindicatos de beneficios a quienes emplean a titulares del Programa Potenciar Trabajo.<\/p>\n<p>El acto tuvo lugar en el Sal\u00f3n Cruce de los Andes, en el Centro C\u00edvico y participaron adem\u00e1s el ministro de Desarrollo Humano y Promoci\u00f3n Social, Prof. Fabian Aballay; el jefe de Unidad de Asesores del ministerio nacional, Diego Pereira; el secretario de Pol\u00edtica Social del Ministerio de Desarrollo Social de la Naci\u00f3n, Gustavo Aguilera; el titular de Unidad Ejecutora del Programa Potenciar Trabajo, Pablo Pais; el secretario de Promoci\u00f3n Social, Lucio Gonz\u00e1lez; el subsecretario de Articulaci\u00f3n y Abordaje Territorial, Cristian Morales; la subsecretaria de Asistencia Social, Stella Caparr\u00f3s; la coordinadora de Centro de Referencia San Juan, Romina Albarrac\u00edn; el secretario de C\u00e1mara de Comercio, Hermes Rodr\u00edguez; el decano de la Facultad de Ciencias Sociales, Marcelo Lucero, adem\u00e1s de gremialistas y empresarios.<\/p>\n<p>Durante el discurso el gobernador de San Juan, Dr. Sergio U\u00f1ac destac\u00f3 que \u201cel Gobierno de la provincia cree, conf\u00eda y trabaja codo a codo con el sector privado sanjuanino\u201d.<\/p>\n<p>\u00abNo hay desarrollo del sector privado sin trabajadores capacitados. Llevamos 6 a\u00f1os y medio de trabajo en conjunto tratando de ver qu\u00e9 problemas tiene el sector privado y qu\u00e9 herramientas le podemos ofrecer para sortear esos problemas\u201d.<\/p>\n<p>En la misma l\u00ednea enumer\u00f3 los distintos programas destinados a amortiguar las tasas de financiamiento del sector privado con el objetivo final de que la inversi\u00f3n privada con apoyo estatal sea la generaci\u00f3n de trabajo genuino asegurando que \u201cen conjunto, sector p\u00fablico, privado y trabajadores a trav\u00e9s de sus representantes hemos logrado tener un 4% de desocupaci\u00f3n, seg\u00fan el Indec\u201d.<\/p>\n<p>Luego destac\u00f3 la diversificaci\u00f3n de la matriz productiva que tuvo la provincia de San Juan producto de la suma de las actividades econ\u00f3micas.<\/p>\n<p>Tambi\u00e9n destac\u00f3 el acompa\u00f1amiento de Naci\u00f3n, ya que \u201ccada problema que el sector privado nos presentaba lo llevaba al Gobierno nacional y tra\u00eda una respuesta positiva al respecto\u201d.<\/p>\n<p>Finalizando su alocuci\u00f3n, mostr\u00f3 un apoyo a la auditor\u00eda que llevar\u00e1 a cabo el Ministerio de Desarrollo Social respecto a planes sociales y de trabajo y agradeci\u00f3 \u201cla propuesta del salto de quienes tienen un plan puedan pasar a un empleo formal. Ese es el objetivo. Algunos dirigentes dijeron que gobernar es dar trabajo y nosotros queremos reconvertir ese plan social en una oportunidad de empleo digno, formal\u201d.<\/p>\n<p>&nbsp;<\/p>\n<p><iframe loading=\"lazy\" title=\"Zabaleta y U\u00f1ac se reunieron con empresarios que emplean a titulares del Programa Potenciar Trabajo\" width=\"800\" height=\"450\" src=\"https:\/\/www.youtube.com\/embed\/J6CvRVEu4mc?feature=oembed\" frameborder=\"0\" allow=\"accelerometer; autoplay; clipboard-write; encrypted-media; gyroscope; picture-in-picture\" allowfullscreen><\/iframe><\/p>\n<p>Por su parte, Juan Zabaleta destac\u00f3 la forma de trabajo del Gobierno de San Juan y asegur\u00f3 que \u00abtienen que haber muchas m\u00e1s mesas como esta para reconstruir a la Argentina\u00bb.<\/p>\n<p>Luego expuso la realidad de la cartera que dirige y manifest\u00f3 que \u201cvamos a garantizar que cada beneficiario pueda ir en camino al empleo registrado\u201d.<\/p>\n<p>Adem\u00e1s, puso en valor las auditor\u00edas que realizar\u00e1 el Ministerio Desarrollo Social de la Naci\u00f3n y dijo que \u201canalizaremos al mill\u00f3n 300 mil beneficiarios con auditoria, evaluaci\u00f3n y verificaci\u00f3n de lo que representa el programa Potenciar Trabajo que es la mitad del salario m\u00ednimo vital y m\u00f3vil. Perciben alrededor de 23 mil pesos por mes para desarrollar tareas socioproductivas. Eso es imposible hacerlo sino est\u00e1 el compromiso que tiene la provincia de San Juan que capacita en los distintos oficios y se re\u00fane con las distintas c\u00e1maras\u201d.<\/p>\n<p>Luego cont\u00f3 que durante su estad\u00eda en San Juan entregar\u00e1n m\u00e1s de 100 certificados de oficios para soldadores, construcci\u00f3n en seco, alba\u00f1iler\u00eda, tareas de cuidado. \u201cSon hombres y mujeres en condiciones de poder acceder al empleo registrado en funci\u00f3n de la capacitaci\u00f3n y condiciones laborales a los que el Gobierno de San Juan les dio la posibilidad\u201d.<\/p>\n<p>Respecto al programa Potenciar Trabajo explic\u00f3 que es un programa que nace para vincularlo al empleo y fortalecer las tareas que vienen realizando.<\/p>\n<p>\u201cAquel que trabaja se le propone capacitaci\u00f3n, el que no trabaja se le propondr\u00e1 que cumpla tareas en alguna unidad de gesti\u00f3n y estudie UBA 21 es el programa que tiene la Universidad de Buenos Aires que nos permitir\u00e1 dar terminalidad educativa a todo el pa\u00eds para cada beneficiario. No trabaja ni estudia se le da de baja el plan\u201d, afirm\u00f3.<\/p>\n<p>A su turno, Gustavo Aguilera puso en valor el trabajo en la reconstrucci\u00f3n de Argentina a trav\u00e9s del trabajo y destac\u00f3 la tarea que realiza el gobernador U\u00f1ac en San Juan ya que \u00abest\u00e1 muy en sinton\u00eda con lo que queremos hacer como Ministerio\u00bb.<\/p>\n<p>En ese sentido asegur\u00f3 que \u00abqueremos avanzar en un proceso de transparencia, cuidado y seguridad en los titulares de planes sociales y potenciar trabajo. Avanzar en la creaci\u00f3n de empleo y trabajo genuino. Las auditor\u00edas que comienzan a fines de agosto en territorio tienen que ver con conocer m\u00e1s de cerca a los titulares de potenciar trabajo\u00bb.<\/p>\n<p>Finalmente manifest\u00f3 que \u00abes la posibilidad de cuidar m\u00e1s y mejor a los titulares de potenciar trabajo. Buscamos transparencia. El que trabaja recibir\u00e1 el subsidio del Estado, el que no trabaja tendr\u00e1 que trabajar, estudiar o capacitarse y el que no quiera no ser\u00e1 beneficiario\u00bb.<\/p>\n<p>Por su parte, Fabi\u00e1n Aballay destac\u00f3 el trabajo mancomunado entre el sector p\u00fablico y privado en San Juan al asegurar que \u00abdesde el sector p\u00fablico generamos el \u00e1mbito necesario para fortalecer al sector privado a trav\u00e9s de numerosas acciones o herramientas\u00bb.<\/p>\n<div class=\"itemFullText\">\n<p>Luego habl\u00f3 respecto al programa Potenciar y dijo que \u00abmonitoreamos a 3500 titulares donde obtenemos informaci\u00f3n muy valiosa para poder ordenar los beneficios del programa. Poder trazar un perfil social y laboral de cada uno de estos beneficiarios es sumamente importante. El 96% de los 3500 desean capacitarse, ven el programa Capacitar como una cuesti\u00f3n transitoria y tienen el deseo de pasar a un trabajo formal en el sector privado\u00bb.<\/p>\n<p><span style=\"color: #ff9900;\"><strong>M\u00e1s sobre el programa Potenciar Trabajo<\/strong><\/span><\/p>\n<p><span style=\"color: #ff9900;\"><strong>\u00bfQu\u00e9 es Potenciar Trabajo?<\/strong><\/span><\/p>\n<p>El Programa Nacional de Inclusi\u00f3n Socioproductiva y Desarrollo Local \u201cPotenciar Trabajo\u201d, unifica a los programas Hacemos Futuro y Salario Social Complementario en una \u00fanica iniciativa.<\/p>\n<p><span style=\"color: #ff9900;\"><strong>\u00bfCu\u00e1l es su objetivo?<\/strong><\/span><\/p>\n<p>Tiene como objetivo contribuir a mejorar el empleo y generar nuevas propuestas productivas a trav\u00e9s del desarrollo de proyectos socio-productivos, socio-comunitarios, socio-laborales y la terminalidad educativa, con el fin de promover la inclusi\u00f3n social plena para personas que se encuentren en situaci\u00f3n de vulnerabilidad social y econ\u00f3mica.<\/p>\n<p><span style=\"color: #ff9900;\"><strong>\u00bfQui\u00e9nes son parte del programa?<\/strong><\/span><\/p>\n<p>Est\u00e1 destinado a aquellas personas f\u00edsicas que se encontraban bajo los programas \u201cHacemos Futuro\u201d y \u201cProyectos Productivos Comunitarios\u201d. El programa \u201cPotenciar Trabajo\u201d unifica en esta iniciativa a todas y todos sus titulares.<\/p>\n<p><span style=\"color: #ff9900;\"><strong>\u00bfQu\u00e9 contraprestaci\u00f3n deben realizar los titulares?<\/strong><\/span><\/p>\n<p>Podr\u00e1n optar por cumplir su contraprestaci\u00f3n con su participaci\u00f3n en proyectos socio-productivos, socio-laborales y\/o socio-comunitarios o a trav\u00e9s de la terminalidad educativa.<\/p>\n<\/div>\n<div class=\"clr\"><\/div>\n<div class=\"itemContentFooter\"><span class=\"itemDateModified\">Publicado el Martes, 16 de Agosto de 2022<\/span><\/div>\n<p>&nbsp;<\/p>\n","protected":false},"excerpt":{"rendered":"<p>En el marco de la visita del ministro de Desarrollo Social de la Naci\u00f3n, Tec. Juan Zabaleta, a San Juan,<\/p>\n","protected":false},"author":3,"featured_media":51671,"comment_status":"closed","ping_status":"closed","sticky":false,"template":"","format":"standard","meta":{"_acf_changed":false,"_seopress_robots_primary_cat":"none","_seopress_titles_title":"","_seopress_titles_desc":"","_seopress_robots_index":"","colormag_page_container_layout":"default_layout","colormag_page_sidebar_layout":"default_layout","footnotes":""},"categories":[1],"tags":[],"class_list":["post-51669","post","type-post","status-publish","format-standard","has-post-thumbnail","hentry","category-destacadas"],"acf":[],"_links":{"self":[{"href":"https:\/\/vocesparalelas.com.ar\/sitio\/wp-json\/wp\/v2\/posts\/51669","targetHints":{"allow":["GET"]}}],"collection":[{"href":"https:\/\/vocesparalelas.com.ar\/sitio\/wp-json\/wp\/v2\/posts"}],"about":[{"href":"https:\/\/vocesparalelas.com.ar\/sitio\/wp-json\/wp\/v2\/types\/post"}],"author":[{"embeddable":true,"href":"https:\/\/vocesparalelas.com.ar\/sitio\/wp-json\/wp\/v2\/users\/3"}],"replies":[{"embeddable":true,"href":"https:\/\/vocesparalelas.com.ar\/sitio\/wp-json\/wp\/v2\/comments?post=51669"}],"version-history":[{"count":1,"href":"https:\/\/vocesparalelas.com.ar\/sitio\/wp-json\/wp\/v2\/posts\/51669\/revisions"}],"predecessor-version":[{"id":51672,"href":"https:\/\/vocesparalelas.com.ar\/sitio\/wp-json\/wp\/v2\/posts\/51669\/revisions\/51672"}],"wp:featuredmedia":[{"embeddable":true,"href":"https:\/\/vocesparalelas.com.ar\/sitio\/wp-json\/wp\/v2\/media\/51671"}],"wp:attachment":[{"href":"https:\/\/vocesparalelas.com.ar\/sitio\/wp-json\/wp\/v2\/media?parent=51669"}],"wp:term":[{"taxonomy":"category","embeddable":true,"href":"https:\/\/vocesparalelas.com.ar\/sitio\/wp-json\/wp\/v2\/categories?post=51669"},{"taxonomy":"post_tag","embeddable":true,"href":"https:\/\/vocesparalelas.com.ar\/sitio\/wp-json\/wp\/v2\/tags?post=51669"}],"curies":[{"name":"wp","href":"https:\/\/api.w.org\/{rel}","templated":true}]}}