{"id":51661,"date":"2022-08-14T11:42:24","date_gmt":"2022-08-14T14:42:24","guid":{"rendered":"https:\/\/vocesparalelas.com.ar\/sitio\/?p=51661"},"modified":"2022-08-17T00:46:14","modified_gmt":"2022-08-17T03:46:14","slug":"lanzan-la-diplomatura-en-gestion-educativa-estrategica-en-la-ffha-de-la-unsj","status":"publish","type":"post","link":"https:\/\/vocesparalelas.com.ar\/sitio\/lanzan-la-diplomatura-en-gestion-educativa-estrategica-en-la-ffha-de-la-unsj\/","title":{"rendered":"Lanzan la \u00abDiplomatura en Gesti\u00f3n Educativa Estrat\u00e9gica\u00bb en la FFHA de la UNSJ"},"content":{"rendered":"<p>El Martes, 16 de Agosto, a las 18 hs.; en la Sala de Audio y Video de la Facultad de Filosof\u00eda, Humanidades y Artes de la UNSJ se lanza la \u00abDiplomatura en Gesti\u00f3n Educativa Estrat\u00e9gica: Neuroaprendizaje, Tutor\u00edas de Orientaci\u00f3n y Acompa\u00f1amiento en distintos contextos Educativos Presenciales y no Presenciales \u00ab.<\/p>\n<p>Por lo tanto, la Decana de la FFHA de la UNSJ, Mg. Myriam Arrabal y el Decano de la FACSO de la UNSJ, Dr. Marcelo Lucero invitan a la comunidad universitaria a tan importante evento.<\/p>\n<p>Programa<\/p>\n<p><a href=\"https:\/\/vocesparalelas.com.ar\/sitio\/wp-content\/uploads\/2022\/08\/FFHA-FACSO-Diplomatura-en-Gestion-Educativa-Estrategica.pdf\">FFHA-FACSO-Diplomatura en Gesti\u00f3n Educativa Estrat\u00e9gica<\/a><\/p>\n<p>Publicado el Lunes, 15 de Agosto de 2022<\/p>\n","protected":false},"excerpt":{"rendered":"<p>El Martes, 16 de Agosto, a las 18 hs.; en la Sala de Audio y Video de la Facultad de<\/p>\n","protected":false},"author":3,"featured_media":43889,"comment_status":"closed","ping_status":"closed","sticky":false,"template":"","format":"standard","meta":{"_acf_changed":false,"_seopress_robots_primary_cat":"none","_seopress_titles_title":"","_seopress_titles_desc":"","_seopress_robots_index":"","colormag_page_container_layout":"default_layout","colormag_page_sidebar_layout":"default_layout","footnotes":""},"categories":[1],"tags":[],"class_list":["post-51661","post","type-post","status-publish","format-standard","has-post-thumbnail","hentry","category-destacadas"],"acf":[],"_links":{"self":[{"href":"https:\/\/vocesparalelas.com.ar\/sitio\/wp-json\/wp\/v2\/posts\/51661","targetHints":{"allow":["GET"]}}],"collection":[{"href":"https:\/\/vocesparalelas.com.ar\/sitio\/wp-json\/wp\/v2\/posts"}],"about":[{"href":"https:\/\/vocesparalelas.com.ar\/sitio\/wp-json\/wp\/v2\/types\/post"}],"author":[{"embeddable":true,"href":"https:\/\/vocesparalelas.com.ar\/sitio\/wp-json\/wp\/v2\/users\/3"}],"replies":[{"embeddable":true,"href":"https:\/\/vocesparalelas.com.ar\/sitio\/wp-json\/wp\/v2\/comments?post=51661"}],"version-history":[{"count":3,"href":"https:\/\/vocesparalelas.com.ar\/sitio\/wp-json\/wp\/v2\/posts\/51661\/revisions"}],"predecessor-version":[{"id":51667,"href":"https:\/\/vocesparalelas.com.ar\/sitio\/wp-json\/wp\/v2\/posts\/51661\/revisions\/51667"}],"wp:featuredmedia":[{"embeddable":true,"href":"https:\/\/vocesparalelas.com.ar\/sitio\/wp-json\/wp\/v2\/media\/43889"}],"wp:attachment":[{"href":"https:\/\/vocesparalelas.com.ar\/sitio\/wp-json\/wp\/v2\/media?parent=51661"}],"wp:term":[{"taxonomy":"category","embeddable":true,"href":"https:\/\/vocesparalelas.com.ar\/sitio\/wp-json\/wp\/v2\/categories?post=51661"},{"taxonomy":"post_tag","embeddable":true,"href":"https:\/\/vocesparalelas.com.ar\/sitio\/wp-json\/wp\/v2\/tags?post=51661"}],"curies":[{"name":"wp","href":"https:\/\/api.w.org\/{rel}","templated":true}]}}