{"id":51651,"date":"2022-08-14T12:37:09","date_gmt":"2022-08-14T15:37:09","guid":{"rendered":"https:\/\/vocesparalelas.com.ar\/sitio\/?p=51651"},"modified":"2022-08-17T00:45:52","modified_gmt":"2022-08-17T03:45:52","slug":"acto-central-83-aniversario-de-la-facultad-de-ingenieria-de-la-unsj","status":"publish","type":"post","link":"https:\/\/vocesparalelas.com.ar\/sitio\/acto-central-83-aniversario-de-la-facultad-de-ingenieria-de-la-unsj\/","title":{"rendered":"Acto central 83\u00b0 Aniversario de la Facultad de Ingenier\u00eda de la UNSJ"},"content":{"rendered":"<p>El Martes, 16 de Agosto se celebran 83 a\u00f1os de vida institucional de la Facultad de Ingenier\u00eda, primera unidad acad\u00e9mica de la Universidad Nacional de San Juan.<\/p>\n<p>En el marco de las diferentes actividades conmemorativas, se realiza el acto central, el Martes, 16 de Agosto, a partir de las 9 hs.; en el Hall del Rectorado de la Universidad Nacional de San Juan.<\/p>\n<p><img loading=\"lazy\" decoding=\"async\" class=\"alignnone size-full wp-image-39681\" src=\"https:\/\/vocesparalelas.com.ar\/sitio\/wp-content\/uploads\/2021\/07\/UNSJ-EDIFICIO-01.jpg\" alt=\"\" width=\"800\" height=\"533\" srcset=\"https:\/\/vocesparalelas.com.ar\/sitio\/wp-content\/uploads\/2021\/07\/UNSJ-EDIFICIO-01.jpg 800w, https:\/\/vocesparalelas.com.ar\/sitio\/wp-content\/uploads\/2021\/07\/UNSJ-EDIFICIO-01-300x200.jpg 300w, https:\/\/vocesparalelas.com.ar\/sitio\/wp-content\/uploads\/2021\/07\/UNSJ-EDIFICIO-01-768x512.jpg 768w\" sizes=\"auto, (max-width: 800px) 100vw, 800px\" \/><\/p>\n<p>Publicado el Lunes, 15 de Agosto de 2022<\/p>\n","protected":false},"excerpt":{"rendered":"<p>El Martes, 16 de Agosto se celebran 83 a\u00f1os de vida institucional de la Facultad de Ingenier\u00eda, primera unidad acad\u00e9mica<\/p>\n","protected":false},"author":3,"featured_media":23028,"comment_status":"closed","ping_status":"closed","sticky":false,"template":"","format":"standard","meta":{"_acf_changed":false,"_seopress_robots_primary_cat":"none","_seopress_titles_title":"","_seopress_titles_desc":"","_seopress_robots_index":"","colormag_page_container_layout":"default_layout","colormag_page_sidebar_layout":"default_layout","footnotes":""},"categories":[1],"tags":[],"class_list":["post-51651","post","type-post","status-publish","format-standard","has-post-thumbnail","hentry","category-destacadas"],"acf":[],"_links":{"self":[{"href":"https:\/\/vocesparalelas.com.ar\/sitio\/wp-json\/wp\/v2\/posts\/51651","targetHints":{"allow":["GET"]}}],"collection":[{"href":"https:\/\/vocesparalelas.com.ar\/sitio\/wp-json\/wp\/v2\/posts"}],"about":[{"href":"https:\/\/vocesparalelas.com.ar\/sitio\/wp-json\/wp\/v2\/types\/post"}],"author":[{"embeddable":true,"href":"https:\/\/vocesparalelas.com.ar\/sitio\/wp-json\/wp\/v2\/users\/3"}],"replies":[{"embeddable":true,"href":"https:\/\/vocesparalelas.com.ar\/sitio\/wp-json\/wp\/v2\/comments?post=51651"}],"version-history":[{"count":1,"href":"https:\/\/vocesparalelas.com.ar\/sitio\/wp-json\/wp\/v2\/posts\/51651\/revisions"}],"predecessor-version":[{"id":51653,"href":"https:\/\/vocesparalelas.com.ar\/sitio\/wp-json\/wp\/v2\/posts\/51651\/revisions\/51653"}],"wp:featuredmedia":[{"embeddable":true,"href":"https:\/\/vocesparalelas.com.ar\/sitio\/wp-json\/wp\/v2\/media\/23028"}],"wp:attachment":[{"href":"https:\/\/vocesparalelas.com.ar\/sitio\/wp-json\/wp\/v2\/media?parent=51651"}],"wp:term":[{"taxonomy":"category","embeddable":true,"href":"https:\/\/vocesparalelas.com.ar\/sitio\/wp-json\/wp\/v2\/categories?post=51651"},{"taxonomy":"post_tag","embeddable":true,"href":"https:\/\/vocesparalelas.com.ar\/sitio\/wp-json\/wp\/v2\/tags?post=51651"}],"curies":[{"name":"wp","href":"https:\/\/api.w.org\/{rel}","templated":true}]}}