{"id":51624,"date":"2022-08-12T13:50:39","date_gmt":"2022-08-12T16:50:39","guid":{"rendered":"https:\/\/vocesparalelas.com.ar\/sitio\/?p=51624"},"modified":"2022-08-15T13:01:23","modified_gmt":"2022-08-15T16:01:23","slug":"se-viene-el-viento-zonda-en-san-juan","status":"publish","type":"post","link":"https:\/\/vocesparalelas.com.ar\/sitio\/se-viene-el-viento-zonda-en-san-juan\/","title":{"rendered":"Se viene el Viento Zonda en San Juan"},"content":{"rendered":"<div class=\"itemFullText\">\n<p>La Direcci\u00f3n de Protecci\u00f3n Civil de la Secretar\u00eda de Estado de Seguridad y Orden P\u00fablico del Gobierno de San Juan informa que se prev\u00e9 para el medio del Domingo, 14 de Agosto, la ocurrencia de viento Zonda para el Valle de Iglesia, Valle de J\u00e1chal y Valle del Tulum.<\/p>\n<p>Las r\u00e1fagas del fen\u00f3meno pueden alcanzar los 70 km\/h, aunque en zonas rurales puede superar esa velocidad.<\/p>\n<p><span style=\"color: #800000;\"><strong>Recomendaciones por alerta de vientos fuertes<\/strong><\/span><\/p>\n<ul>\n<li>Prestar atenci\u00f3n a su alrededor (cables ca\u00eddos, ramas, objetos sueltos)<\/li>\n<li>Cerrar y asegurar puertas y ventanas<\/li>\n<li>Manejar con precauci\u00f3n mantener la distancia entre veh\u00edculos y la velocidad m\u00ednima<\/li>\n<li>No detenerse debajo de \u00e1rboles ni elementos sujetados a edificios (carteles, marquesinas, toldos, etc.)<\/li>\n<li>Tener siempre a mano linternas cargadas<\/li>\n<\/ul>\n<p>Asimismo, Protecci\u00f3n Civil recuerda que el riesgo de incendios forestales por quema de pastizales y basura, es alto. Por tanto recomienda tener en cuenta los siguientes consejos:<\/p>\n<ul>\n<li>Evitar arrojar colillas de cigarrillos en alta vegetaci\u00f3n ya que en \u00e9poca de zonda hay mucha sequedad.<\/li>\n<li>Evitar arrojar basura en campos de vegetaci\u00f3n porque entre la basura puede haber algo inflamable que genere incendios.<\/li>\n<li>Evitar hacer fogatas o alg\u00fan otro tipo de fuego cerca de lugares agr\u00edcolas que son susceptibles a que se produzca incendio forestal.<\/li>\n<\/ul>\n<p>Es necesario ser consciente de que los incendios forestales se magnifican con el Zonda porque la temperatura ambiente colabora para que se mantenga la temperatura del incendio y sea m\u00e1s dif\u00edcil de sofocar.<\/p>\n<ul>\n<li>Quienes viven en el campo, deben liberar los alrededores de la casa haciendo callejones amplios mayores a 5 metros para que quede solo tierra y as\u00ed evitar que por propagaci\u00f3n de fuego se da\u00f1e la casa.<\/li>\n<li>En cuanto se detecte humo llamar a Bomberos y tratar de tener un plan de contingencia en caso de incendio para las personas que viven en el campo: llamado a bomberos y evacuaci\u00f3n, como primeras medidas.<\/li>\n<li>Ser consciente de que quemar hojas o basura est\u00e1 prohibido por ley. Todo individuo o grupo que sea visto provocando fuego en zonas de alta inflamabilidad o quemando vegetaci\u00f3n autom\u00e1ticamente tiene que ser denunciado al 911.<\/li>\n<\/ul>\n<p><span style=\"color: #800000;\"><strong>N\u00fameros habilitados ante cualquier emergencia:<\/strong><\/span><\/p>\n<ul>\n<li>911<\/li>\n<li>103 Protecci\u00f3n Civil<\/li>\n<li>100 Bomberos<\/li>\n<\/ul>\n<\/div>\n<div class=\"clr\">Publicado el S\u00e1bado, 13 de Agosto de 2022<\/div>\n","protected":false},"excerpt":{"rendered":"<p>La Direcci\u00f3n de Protecci\u00f3n Civil de la Secretar\u00eda de Estado de Seguridad y Orden P\u00fablico del Gobierno de San Juan<\/p>\n","protected":false},"author":3,"featured_media":20916,"comment_status":"closed","ping_status":"closed","sticky":false,"template":"","format":"standard","meta":{"_acf_changed":false,"_seopress_robots_primary_cat":"none","_seopress_titles_title":"","_seopress_titles_desc":"","_seopress_robots_index":"","colormag_page_container_layout":"default_layout","colormag_page_sidebar_layout":"default_layout","footnotes":""},"categories":[1],"tags":[],"class_list":["post-51624","post","type-post","status-publish","format-standard","has-post-thumbnail","hentry","category-destacadas"],"acf":[],"_links":{"self":[{"href":"https:\/\/vocesparalelas.com.ar\/sitio\/wp-json\/wp\/v2\/posts\/51624","targetHints":{"allow":["GET"]}}],"collection":[{"href":"https:\/\/vocesparalelas.com.ar\/sitio\/wp-json\/wp\/v2\/posts"}],"about":[{"href":"https:\/\/vocesparalelas.com.ar\/sitio\/wp-json\/wp\/v2\/types\/post"}],"author":[{"embeddable":true,"href":"https:\/\/vocesparalelas.com.ar\/sitio\/wp-json\/wp\/v2\/users\/3"}],"replies":[{"embeddable":true,"href":"https:\/\/vocesparalelas.com.ar\/sitio\/wp-json\/wp\/v2\/comments?post=51624"}],"version-history":[{"count":1,"href":"https:\/\/vocesparalelas.com.ar\/sitio\/wp-json\/wp\/v2\/posts\/51624\/revisions"}],"predecessor-version":[{"id":51626,"href":"https:\/\/vocesparalelas.com.ar\/sitio\/wp-json\/wp\/v2\/posts\/51624\/revisions\/51626"}],"wp:featuredmedia":[{"embeddable":true,"href":"https:\/\/vocesparalelas.com.ar\/sitio\/wp-json\/wp\/v2\/media\/20916"}],"wp:attachment":[{"href":"https:\/\/vocesparalelas.com.ar\/sitio\/wp-json\/wp\/v2\/media?parent=51624"}],"wp:term":[{"taxonomy":"category","embeddable":true,"href":"https:\/\/vocesparalelas.com.ar\/sitio\/wp-json\/wp\/v2\/categories?post=51624"},{"taxonomy":"post_tag","embeddable":true,"href":"https:\/\/vocesparalelas.com.ar\/sitio\/wp-json\/wp\/v2\/tags?post=51624"}],"curies":[{"name":"wp","href":"https:\/\/api.w.org\/{rel}","templated":true}]}}