{"id":51614,"date":"2022-08-12T20:56:33","date_gmt":"2022-08-12T23:56:33","guid":{"rendered":"https:\/\/vocesparalelas.com.ar\/sitio\/?p=51614"},"modified":"2022-08-15T13:08:49","modified_gmt":"2022-08-15T16:08:49","slug":"se-celebra-el-mes-de-las-infancias-con-magia-diversion-y-en-familia","status":"publish","type":"post","link":"https:\/\/vocesparalelas.com.ar\/sitio\/se-celebra-el-mes-de-las-infancias-con-magia-diversion-y-en-familia\/","title":{"rendered":"Se celebra el Mes de las Infancias con magia, diversi\u00f3n y en familia"},"content":{"rendered":"<div class=\"itemFullText\">\n<p>El Museo de Bellas Artes Franklin Rawson, dependiente del Ministerio de Turismo y Cultura del Gobierno de San Juan, celebra con magia y diversi\u00f3n el Mes de las Infancias.<\/p>\n<p>Todos los Domingos de Agosto de 2022, hay actividades recreativas para ni\u00f1os, ni\u00f1as y familias a las que guste pintar, cantar, bailar o crear.<\/p>\n<p>En un ambiente de juego se comparten momentos de disfrute y creatividad, celebrando en familia el derecho a vivir una infancia feliz, nutrida por el libre acceso a la cultura.<\/p>\n<p>Las actividades son\u00a0gratuitas y con cupos reducidos.<\/p>\n<p><span style=\"color: #ff6600;\"><strong>Cronograma<\/strong><\/span><\/p>\n<p><span style=\"color: #ff6600;\"><strong>Domingos 14; <\/strong><strong>21 y 28 de Agosto, a las 17 hs.<\/strong><\/span><\/p>\n<p><span style=\"color: #ff6600;\"><strong>Descubriendo la Colecci\u00f3n<\/strong><\/span><\/p>\n<ul>\n<li>Profesoras: Victoria Rivera y Roc\u00edo L\u00f3pez.<\/li>\n<li>El taller propone trabajar con la colecci\u00f3n permanente del museo, a trav\u00e9s de propuestas did\u00e1cticas y l\u00fadicas que faciliten el acercamiento de los ni\u00f1os al patrimonio cultural de forma entretenida. Descubrirse en el rol de artista es una gran posibilidad para mirar a trav\u00e9s del arte nuevas formas y colores.<\/li>\n<\/ul>\n<p><span style=\"color: #ff6600;\"><strong>Domingos, 21 y 28 de Agosto, a las 17:30hs<\/strong><\/span><\/p>\n<p><span style=\"color: #ff6600;\"><strong>Taller de cosplay, dise\u00f1o de m\u00e1scaras y creaci\u00f3n de personajes<\/strong><\/span><\/p>\n<ul>\n<li>Profesores: Mauricio Camargo y Eduardo Riquelme.<\/li>\n<li>Los chicos podr\u00e1n dise\u00f1ar el disfraz de su personaje favorito o de alg\u00fan ser imaginario, utilizando diversos materiales con mucho color y creatividad.<\/li>\n<\/ul>\n<p><span style=\"color: #ff6600;\"><strong>Mural colectivo<\/strong><\/span><\/p>\n<ul>\n<li>En la explanada del Museo pintar\u00e1n y dibujar\u00e1n un gran mural colectivo, con muchas pinceladas, textura y color.<\/li>\n<\/ul>\n<p><span style=\"color: #ff6600;\"><strong>Domingos, 21 y 28 de Agosto, a las 18:30 hs.<\/strong><\/span><\/p>\n<p><span style=\"color: #ff6600;\"><strong>Comparto mi talento<\/strong><\/span><\/p>\n<ul>\n<li>Ni\u00f1as y ni\u00f1os de San Juan tienen la oportunidad de compartir su talento en el Museo. Si act\u00faas, bailas o cantas, es la oportunidad de mostrarlo.<\/li>\n<li>Con inscripci\u00f3n previa<strong>:<\/strong>\u00a0presencial en Recepci\u00f3n del Museo. Cupo limitado.<\/li>\n<li>Domingo, 21 de Agosto: inscripci\u00f3n del 16 al 19 de Agosto, de 13 a 20 hs.<\/li>\n<li>Domingo, 28 de Agosto: inscripci\u00f3n del 23 al 26 de Agosto, de 13 a 20 hs.<\/li>\n<\/ul>\n<\/div>\n<div class=\"clr\">Publicado el Viernes, 12 de Agosto de 2022<\/div>\n","protected":false},"excerpt":{"rendered":"<p>El Museo de Bellas Artes Franklin Rawson, dependiente del Ministerio de Turismo y Cultura del Gobierno de San Juan, celebra<\/p>\n","protected":false},"author":3,"featured_media":34190,"comment_status":"closed","ping_status":"closed","sticky":false,"template":"","format":"standard","meta":{"_acf_changed":false,"_seopress_robots_primary_cat":"none","_seopress_titles_title":"","_seopress_titles_desc":"","_seopress_robots_index":"","colormag_page_container_layout":"default_layout","colormag_page_sidebar_layout":"default_layout","footnotes":""},"categories":[20],"tags":[],"class_list":["post-51614","post","type-post","status-publish","format-standard","has-post-thumbnail","hentry","category-cartelera"],"acf":[],"_links":{"self":[{"href":"https:\/\/vocesparalelas.com.ar\/sitio\/wp-json\/wp\/v2\/posts\/51614","targetHints":{"allow":["GET"]}}],"collection":[{"href":"https:\/\/vocesparalelas.com.ar\/sitio\/wp-json\/wp\/v2\/posts"}],"about":[{"href":"https:\/\/vocesparalelas.com.ar\/sitio\/wp-json\/wp\/v2\/types\/post"}],"author":[{"embeddable":true,"href":"https:\/\/vocesparalelas.com.ar\/sitio\/wp-json\/wp\/v2\/users\/3"}],"replies":[{"embeddable":true,"href":"https:\/\/vocesparalelas.com.ar\/sitio\/wp-json\/wp\/v2\/comments?post=51614"}],"version-history":[{"count":1,"href":"https:\/\/vocesparalelas.com.ar\/sitio\/wp-json\/wp\/v2\/posts\/51614\/revisions"}],"predecessor-version":[{"id":51616,"href":"https:\/\/vocesparalelas.com.ar\/sitio\/wp-json\/wp\/v2\/posts\/51614\/revisions\/51616"}],"wp:featuredmedia":[{"embeddable":true,"href":"https:\/\/vocesparalelas.com.ar\/sitio\/wp-json\/wp\/v2\/media\/34190"}],"wp:attachment":[{"href":"https:\/\/vocesparalelas.com.ar\/sitio\/wp-json\/wp\/v2\/media?parent=51614"}],"wp:term":[{"taxonomy":"category","embeddable":true,"href":"https:\/\/vocesparalelas.com.ar\/sitio\/wp-json\/wp\/v2\/categories?post=51614"},{"taxonomy":"post_tag","embeddable":true,"href":"https:\/\/vocesparalelas.com.ar\/sitio\/wp-json\/wp\/v2\/tags?post=51614"}],"curies":[{"name":"wp","href":"https:\/\/api.w.org\/{rel}","templated":true}]}}