{"id":51606,"date":"2022-08-12T20:42:56","date_gmt":"2022-08-12T23:42:56","guid":{"rendered":"https:\/\/vocesparalelas.com.ar\/sitio\/?p=51606"},"modified":"2022-08-12T20:44:09","modified_gmt":"2022-08-12T23:44:09","slug":"los-diputados-aprobaron-por-unanimidad-el-nuevo-codigo-procesal-civil-de-san-juan","status":"publish","type":"post","link":"https:\/\/vocesparalelas.com.ar\/sitio\/los-diputados-aprobaron-por-unanimidad-el-nuevo-codigo-procesal-civil-de-san-juan\/","title":{"rendered":"Los Diputados aprobaron por unanimidad el nuevo C\u00f3digo Procesal Civil de San Juan"},"content":{"rendered":"<div class=\"itemFullText jbintrotext\">\n<p>Por unanimidad, la C\u00e1mara de Diputados de San Juan otorg\u00f3 acuerdo a la readecuaci\u00f3n de la norma de procedimiento al nuevo C\u00f3digo Civil y Comercial de la Naci\u00f3n y a la modernizaci\u00f3n y adaptaci\u00f3n del Poder Judicial a las nuevas modalidades de gesti\u00f3n y organizaci\u00f3n.<\/p>\n<p>Esta iniciativa impulsada por la Corte de Justicia de San Juan implic\u00f3 un minucioso trabajo por parte de la Legislatura a fin de contribuir a la construcci\u00f3n de una justicia moderna y cercana a la comunidad, que resuelva los conflictos de forma r\u00e1pida y eficaz favoreciendo el cumplimiento del mandato del pre\u00e1mbulo de la Constituci\u00f3n Nacional que es afianzar la justicia.<\/p>\n<\/div>\n<div class=\"itemFullText\">\n<p>Asimismo, durante la Novena Sesi\u00f3n del per\u00edodo ordinario, el cuerpo legislativo ratific\u00f3 un convenio firmado con el Instituto Nacional de Asociativismo y Econom\u00eda Social; aprob\u00f3 un Acta Acuerdo de Intenci\u00f3n entre el Ministerio de Desarrollo Productivo y la provincia y un convenio de pr\u00e9stamo con el Fondo Nacional de Desarrollo Productivo (FONDEP).<\/p>\n<p>Tambi\u00e9n otorg\u00f3 acuerdo a un tercer convenio marco de adhesi\u00f3n al Sistema de Identificaci\u00f3n Nacional Tributario y Social (SINTYS) firmado entre el gobierno de la provincia de San Juan y el gobierno Nacional, y aprob\u00f3 el acuerdo de Implementaci\u00f3n y puesta en funcionamiento de la Unidad de Coordinaci\u00f3n provincial del SINTYS.<\/p>\n<p>Por otra parte, ratific\u00f3 dos convenios con la Direcci\u00f3n Provincial de Vialidad para la ejecuci\u00f3n de obras de pavimentaci\u00f3n: uno firmado con las Municipalidades de Rawson y Santa Lucia y, otro, con la Municipalidad de la Capital.<\/p>\n<p>Adem\u00e1s, la C\u00e1mara modific\u00f3 la Ley de Ministerios y Secretar\u00edas de Estado (Ley N\u00ba1101-A) y la Ley que crea y regula el Departamento de Aeron\u00e1utica (Ley 162-A).<\/p>\n<p>Y, por \u00faltimo, impuso el nombre a una escuela de Nivel Inicial en Capital.<\/p>\n<p><span style=\"color: #800080;\"><strong>Nuevo C\u00f3digo Procesal Civil<\/strong><\/span><\/p>\n<p>Tras la presentaci\u00f3n de los argumentos por parte de la diputada Celina Ramella, la Legislatura resolvi\u00f3 aprobar el nuevo C\u00f3digo Procesal Civil.<\/p>\n<p>En la ocasi\u00f3n, la legisladora sostuvo que \u201cla Corte de Justicia de San Juan consider\u00f3 necesario y oportuno remitir este proyecto legislativo que permita por una parte la readecuaci\u00f3n de las normas de procedimiento al nuevo C\u00f3digo Civil y Comercial de la Naci\u00f3n y por otra parte la revisi\u00f3n general de los institutos procesales y las competencias funcionales para lograr la modernizaci\u00f3n y adaptaci\u00f3n a las nuevas modalidades de gesti\u00f3n y organizaci\u00f3n del Poder Judicial\u201d.<\/p>\n<p>\u201cEsta C\u00e1mara de Diputados no es indiferente a estos cambios y como tal se desarroll\u00f3 un trabajo minucioso, a consciencia por el cual me siento profundamente agradecida, no solo con los diputados que participaron en el trabajo desde la Comisi\u00f3n de Justicia y Seguridad y la Comisi\u00f3n de Legislaci\u00f3n y Asuntos Constitucionales, a cargo \u00a0de su presidenta Marcela Monti, sino tambi\u00e9n con los miembros de la Comisi\u00f3n de Reforma integrada por los doctores Juan Carlos P\u00e9rez, Abel Soria Vega y Edgardo Navarro, a quienes les agradezco porque realmente fue fruct\u00edfera la reuni\u00f3n porque pudimos evacuar muchas dudas y al mismo tiempo coordinar varias cuestiones de redacci\u00f3n y t\u00e9cnica legislativa\u201d, expres\u00f3 la diputada en su alocuci\u00f3n.<\/p>\n<p>Seguidamente agreg\u00f3 que \u201ctambi\u00e9n quiero agradecer a la Direcci\u00f3n Legislativa de esta C\u00e1mara por el gran aporte y a todos los que de alguna manera apoyaron en esta ardua pero honrada tarea\u201d.<\/p>\n<p>\u201cAl sancionar este C\u00f3digo de Procedimiento Civil adecuamos su normativa a las acciones, derechos y garant\u00edas establecidos en la Constituci\u00f3n Nacional, Provincial y en este nuevo C\u00f3digo Civil y Comercial de la Naci\u00f3n\u201d, se\u00f1al\u00f3 la diputada Ramella.<\/p>\n<p>A continuaci\u00f3n, sostuvo que \u201cen el nuevo c\u00f3digo se incorporan, por una parte, principios procesales, que como dice el abogado y doctor en Derecho Lino Palacios, son las directivas y orientaciones generales en las que se funda cada ordenamiento jur\u00eddico procesal. Estos concretan las garant\u00edas constitucionales. El mismo C\u00f3digo establece que \u00e9stas normas deben ser interpretadas y aplicadas con arreglo a los principios de: buena fe, cooperaci\u00f3n, igualdad entre las partes, de inmediaci\u00f3n, de concentraci\u00f3n, simplificaci\u00f3n, publicidad de los actos, pluralidad de forma y eficacia\u201d.<\/p>\n<p>Por \u00faltimo, la diputada dio a conocer los principales asuntos que se incorporan en este C\u00f3digo Procesal Civil y dijo \u201cse destaca el Proceso Colectivo, la Acci\u00f3n de Tutela Preventiva del Da\u00f1o, la implementaci\u00f3n de tecnolog\u00eda digital efectivizando la paulatina eliminaci\u00f3n del uso de papel y el acceso remoto de los operadores jur\u00eddicos a la constancia del proceso con una perspectiva de llegar al expediente digital lo m\u00e1s pronto posible. Adem\u00e1s, la suspensi\u00f3n de los plazos procesales que pueden pedir los abogados litigantes en momentos de parto, adopci\u00f3n, cuidado de un familiar enfermo, internaci\u00f3n, entre otras causales, resguardando as\u00ed sus derechos fundamentales\u201d.<\/p>\n<p>\u201cPor otra parte, se actualizan las imposiciones del domicilio, domicilio electr\u00f3nico, el proceso arbitral y el proceso sucesorio haci\u00e9ndolo justamente en base a las normas del C\u00f3digo Civil y Comercial de la Naci\u00f3n. Se ha modificado y adaptado la estructura y las funciones de los organismos judiciales, las reglas de competencias; se acent\u00faa el prop\u00f3sito de otorgar celeridad al tr\u00e1mite de las causas, no solamente con la inmediatez del juez y de las partes en todos los actos procesales sino adem\u00e1s en la concentraci\u00f3n en la audiencia inicial de todo lo que tiene que ver con la prueba y con las peticiones de las partes\u201d, agreg\u00f3 la diputada.<\/p>\n<p>\u201cTambi\u00e9n amplia los supuestos de notificaciones electr\u00f3nicas y faculta a la Corte a incorporar la notificaci\u00f3n por c\u00e9dula mediante este mecanismo electr\u00f3nico. Regula adem\u00e1s la subasta electr\u00f3nica como medio \u00e1gil, transparente y seguro para proceder a la venta forzada de los bienes en la etapa de ejecuci\u00f3n de la sentencia. Simplifica el proceso del beneficio de litigar sin gastos en orden a enfatizar el objetivo de facilitar el acceso a la justicia de las personas vulnerables. Aten\u00faa los requisitos e interposici\u00f3n de la acci\u00f3n otorgando al juez un rol m\u00e1s activo en la gesti\u00f3n de la prueba. Por otra parte, adec\u00faa el proceso de adquisici\u00f3n de dominio por Usucapi\u00f3n para el que se dispone un tr\u00e1mite del proceso ordinario y se incorpora la comunicaci\u00f3n previa al fiscal de Estado a fin de ejercer la oportuna y eficaz defensa de los derechos de la provincia, y con esto resguardar el inter\u00e9s fiscal. Estas ser\u00edan las cuestiones m\u00e1s importantes del C\u00f3digo\u201d, concluy\u00f3 la legisladora Celina Ramella.<\/p>\n<p><span style=\"color: #800080;\"><strong>Modificaci\u00f3n de la Ley de Ministerios y Secretar\u00edas de Estado (Ley 1101-A)<\/strong><\/span><\/p>\n<p>Tambi\u00e9n, la Legislatura otorg\u00f3 acuerdo a la modificaci\u00f3n de los art\u00edculos 2\u00ba, 23\u00ba y 30\u00ba de la Ley 1101-A. Este punto del orden del d\u00eda fue fundamentado por el diputado Gustavo Rodr\u00edguez quien destac\u00f3 unificaci\u00f3n de las secretar\u00edas de Obras P\u00fablicas y la secretar\u00eda de Servicios P\u00fablicos dentro del Ministerio de Obras y Servicios P\u00fablicos; y la creaci\u00f3n de la Secretar\u00eda de Gesti\u00f3n Integral de Riesgos y Emergencias dentro del Ministerio de Salud P\u00fablica.<\/p>\n<p>De esta forma, los art\u00edculos quedaron redactados de la siguiente manera:<\/p>\n<p><strong>\u201cART\u00cdCULO 2\u00b0-<\/strong>\u00a0Los Ministerios integran bajo su direcci\u00f3n, las siguientes Secretar\u00edas:<\/p>\n<p><span style=\"color: #800080;\"><strong>MINISTERIO DE GOBIERNO<\/strong><\/span><\/p>\n<ul>\n<li>Secretar\u00eda de Gobierno, Justicia y Derechos Humanos.<\/li>\n<li>Secretar\u00eda de Relaciones Institucionales.<\/li>\n<li>Secretar\u00eda de Tr\u00e1nsito y Transporte.<\/li>\n<\/ul>\n<p><strong><span style=\"color: #800080;\">MINISTERIO DE DESARRROLLO HUMANO Y PROMOCI\u00d3N SOCIAL<\/span><\/strong><\/p>\n<ul>\n<li>\u00a0Secretar\u00eda de Promoci\u00f3n Social.<\/li>\n<\/ul>\n<p><strong>\u00a0<span style=\"color: #800080;\">MINISTERIO DE EDUCACI\u00d3N<\/span><\/strong><\/p>\n<ul>\n<li>Secretar\u00eda de Educaci\u00f3n.<\/li>\n<li>Secretar\u00eda de Coordinaci\u00f3n Administrativa Financiera.<\/li>\n<\/ul>\n<p><span style=\"color: #800080;\"><strong>MINISTERIO DE HACIENDA Y FINANZAS<\/strong><\/span><\/p>\n<ul>\n<li>Secretar\u00eda de Hacienda y Finanzas.<\/li>\n<li>Secretar\u00eda de la Gesti\u00f3n P\u00fablica.<\/li>\n<\/ul>\n<p><span style=\"color: #800080;\"><strong>MINISTERIO DE OBRAS Y SERVICIOS P\u00daBLICOS<\/strong><\/span><\/p>\n<ul>\n<li>Secretar\u00eda de Obras y Servicios P\u00fablicos Secretar\u00eda de Vivienda y H\u00e1bitat.<\/li>\n<li>Secretar\u00eda de Agua y Energ\u00eda.<\/li>\n<li>Secretar\u00eda de la Coordinaci\u00f3n de la Obra P\u00fablica.<\/li>\n<\/ul>\n<p><span style=\"color: #800080;\"><strong>MINISTERIO DE MINER\u00cdA<\/strong><\/span><\/p>\n<ul>\n<li>Secretar\u00eda T\u00e9cnica.<\/li>\n<li>\u00a0Secretar\u00eda de Gesti\u00f3n Ambiental y Control Minero.<\/li>\n<li>Secretar\u00eda de Desarrollo Minero Sustentable<\/li>\n<\/ul>\n<p><span style=\"color: #800080;\"><strong>MINISTERIO DE PRODUCCI\u00d3N Y DESARROLLO ECON\u00d3MICO<\/strong><\/span><\/p>\n<ul>\n<li>Secretar\u00eda de Agricultura, Ganader\u00eda y Agroindustria.<\/li>\n<li>\u00a0Secretar\u00eda de Industria, Comercio y Servicios.<\/li>\n<li>Secretar\u00eda de Pol\u00edtica Econ\u00f3mica.<\/li>\n<\/ul>\n<p><span style=\"color: #800080;\"><strong>MINISTERIO DE SALUD P\u00daBLICA<\/strong><\/span><\/p>\n<ul>\n<li>Secretar\u00eda T\u00e9cnica.<\/li>\n<li>Secretar\u00eda de Coordinaci\u00f3n Administrativa Financiera.<\/li>\n<li>Secretar\u00eda de Planeamiento y Control de Gesti\u00f3n Sanitaria.<\/li>\n<li>Secretar\u00eda de Gesti\u00f3n Integral de Riesgos y Emergencias<\/li>\n<\/ul>\n<p><span style=\"color: #800080;\"><strong>MINISTERIO DE TURISMO Y CULTURA<\/strong><\/span><\/p>\n<ul>\n<li>Secretar\u00eda de Turismo.<\/li>\n<li>Secretar\u00eda de Cultura\u201d<\/li>\n<\/ul>\n<p><strong>\u201cARTICULO 23\u00b0.<\/strong>&#8211; Compete a este Ministerio los asuntos inherentes a la salud en todo el territorio de la Provincia. En especial, es de su competencia:<\/p>\n<ol>\n<li>Lo atinente a la planificaci\u00f3n, coordinaci\u00f3n y ejecuci\u00f3n de las pol\u00edticas de salud en el territorio de la Provincia, y la integraci\u00f3n arm\u00f3nica de estas pol\u00edticas con los planes y programas de la Naci\u00f3n, atendiendo a los principios de prevenci\u00f3n y recuperaci\u00f3n de la salud p\u00fablica.<\/li>\n<li>\u00a0El contralor de la calidad de las atenciones m\u00e9dicas y hospitalarias brindadas por los entes p\u00fablicos y privados en todo el territorio de la Provincia, ejerciendo el poder de la polic\u00eda &#8216;sanitaria en los establecimientos.<\/li>\n<li>Intervenir en las pol\u00edticas de control y regulaci\u00f3n de equipos, instrumentos y productos vinculados con la salud, y los que pudieran afectarla en forma directa o indirecta.<\/li>\n<li>El diagn\u00f3stico, planificaci\u00f3n y ejecuci\u00f3n de las pol\u00edticas preventivas y en la promoci\u00f3n de una cultura preventiva en la comunidad.<\/li>\n<li>La administraci\u00f3n de la protecci\u00f3n social de la salud de los agentes del Estado Provincial y Sociedades del Estado.<\/li>\n<li>La Gesti\u00f3n Integral de Riesgos, Emergencias y Desastres en todo el territorio de la Provincia de San Juan, mediante la prevenci\u00f3n, asistencia, mitigaci\u00f3n, rehabilitaci\u00f3n y reconstrucci\u00f3n, estableciendo mecanismos adecuados de informaci\u00f3n, monitoreo, evaluaci\u00f3n y seguimientos de dichos procesos\u201d<\/li>\n<\/ol>\n<p>\u201cART\u00cdCULO 30.- Se faculta al Gobernador para transferir, modificar y suprimir servicios, como asimismo, el funcionamiento de Secretar\u00edas, Subsecretar\u00edas, Direcciones y dem\u00e1s organismos centralizados y los descentralizados dependientes de los Ministerios y Secretar\u00edas de Estado del Poder Ejecutivo. La facultad delegada es a efectos de lograr la mayor eficiencia en el funcionamiento del referido poder\u201d.<\/p>\n<p><span style=\"color: #800080;\"><strong>Convenio con el Instituto Nacional de Asociativismo y Econom\u00eda Social<\/strong><\/span><\/p>\n<p>Luego, el diputado Silvio Atencio expuso los fundamentos de este proyecto del Poder Ejecutivo que propone aprobar un convenio marco de colaboraci\u00f3n celebrado entre el Instituto Nacional de Asociativismo y Econom\u00eda Social INAES y el Ministerio de Desarrollo Humano y Promoci\u00f3n Social de San Juan.<\/p>\n<p>El legislador explic\u00f3 que el acuerdo tiene por objeto promover la equidad de g\u00e9nero en el \u00e1mbito de la Econom\u00eda Social, Solidaria, Popular y Transfeminista; fundamentando el reconocimiento de proyectos que incorporen en sus acciones e iniciativas una perspectiva transversal de g\u00e9nero y diversidad, proponiendo la transversalizaci\u00f3n de la perspectiva de g\u00e9nero como principio rector de las pol\u00edticas p\u00fablicas hacia la igualdad de g\u00e9neros en continuidad de esa l\u00ednea y con el objetivo de promover la equidad en las entidades de la econ\u00f3mica social y solidaria, se cre\u00f3 el Fondo para la Igualdad de G\u00e9neros INAES (FIGI).<\/p>\n<p><span style=\"color: #800080;\"><strong>Pr\u00e9stamo de FONDEP a la provincia<\/strong><\/span><\/p>\n<p>Despu\u00e9s, la C\u00e1mara de Diputados ratific\u00f3 el \u00abActa Acuerdo de Intenci\u00f3n\u00bb, suscripta el 3 de noviembre de 2021, entre el Ministerio de Desarrollo Productivo y la provincia; y tambi\u00e9n, aprob\u00f3 el \u00abModelo de convenio de pr\u00e9stamo a suscribir entre el Fondo Nacional de Desarrollo Productivo (FONDEP) y San Juan por la suma de Cuatroscientos Noventa y Seis millones de pesos ($496.000.000,00), sin intereses; facult\u00e1ndose al Ministerio de Hacienda y Finanzas para actuar en los tr\u00e1mites de negociaci\u00f3n, modificaci\u00f3n, celebraci\u00f3n y suscripci\u00f3n de los contratos y documentaci\u00f3n que resulten necesarios para la implementaci\u00f3n e instrumentaci\u00f3n del endeudamiento mencionado.<\/p>\n<p>Este punto del orden del d\u00eda fue fundamentado por el diputado Rodolfo Jalife, quien se\u00f1al\u00f3 que el gobierno nacional con el esp\u00edritu de seguir acompa\u00f1ando el desarrollo del sector MIPyMES, con medidas concretas y directas a trav\u00e9s del FONDEP, consigui\u00f3 una serie de asistencias financieras a las Provincias, destinadas a incrementar los Fondos de Garant\u00eda de car\u00e1cter P\u00fablico Provincial, para dar oportunidad a las MIPyMES locales de un mayor acceso al cr\u00e9dito.<\/p>\n<p>Por otro lado inform\u00f3 que la Asistencia Financiera se hace en el marco de autorizaci\u00f3n acordada por el art\u00edculo 16\u00ba de la Ley de Presupuesto A\u00f1o 2022 N\u00b0 2342-1, que faculta al Poder Ejecutivo Provincial, a tramitar aportes provenientes del Tesoro Nacional y\/o contraer obligaciones con el Gobierno de la Naci\u00f3n y\/o acudir a fuentes alternativas de fondos, y\/u otorgar avales y\/o garant\u00edas, con las limitaciones dispuestas por los Programas de Asistencia financiera, u otro que los sustituyan o reemplacen, aprobados por leyes provinciales, conforme a las condiciones del mercado, con personas f\u00edsicas o jur\u00eddicas que operen legalmente en la Rep\u00fablica Argentina o en el exterior, cuyo objeto social sea posible de concretar, pudiendo garantizar las operaciones con los fondos provenientes del R\u00e9gimen de Coparticipaci\u00f3n Federal de Impuestos (Ley Nacional N\u00b0 23548) o cualquier otro r\u00e9gimen que lo modifique o sustituya, o ceder en pago los fondos antes indicados, cuando el monto del financiamiento no supere el veinte por ciento (20%) del Presupuesto Total de Gastos.<\/p>\n<p><span style=\"color: #800080;\"><strong>Ejecuci\u00f3n de obra de pavimentaci\u00f3n en Rawson y Santa Luc\u00eda<\/strong><\/span><\/p>\n<p>Asimismo, los legisladores y legisladoras aprobaron un convenio entre la Direcci\u00f3n Provincial de Vialidad y las Municipalidades de Rawson y Santa Luc\u00eda firmado el 12 de mayo de 2022.<\/p>\n<p>En la ocasi\u00f3n, habl\u00f3 el diputado Jos\u00e9 Luis Esteve como miembro informante, quien explic\u00f3 que el presente acuerdo busca concretar la ejecuci\u00f3n de la: \u00abObra B\u00e1sica y Pavimentaci\u00f3n calle G\u00fcemes-Tramo: Ruta Provincial N\u00b0 108 (Calle Gorriti) a calle Belgrano, departamentos Rawson-Santa Lucia\u00bb. \u00a0La construcci\u00f3n insumir\u00e1 un costo total de Treinta y Siete millones Ciento Veinticinco mil pesos ($37.125.000,00).<\/p>\n<p>El objeto consiste en mejorar la Red Vial Urbana Municipal, la cual se encuentra sometida a un importante desgaste por el incremento de la ocupaci\u00f3n residencial y asegurar as\u00ed adecuadas condiciones de transitabilidad a los servicios de transporte p\u00fablico de pasajeros y a los usuarios en general, facilitando la circulaci\u00f3n hasta los lugares de trabajo, centros de salud y educaci\u00f3n, como as\u00ed tambi\u00e9n a las \u00e1reas comerciales (Supermercado Mayorista &#8211; Casa central), productivas y de esparcimiento p\u00fablico; mejorando de tal forma la calidad de vida de la poblaci\u00f3n de cada departamento de San Juan.<\/p>\n<p><span style=\"color: #800080;\"><strong>Adhesi\u00f3n al Sistema de Identificaci\u00f3n Nacional Tributario y Social<\/strong><\/span><\/p>\n<p>Por otra parte, la Legislatura ratific\u00f3 un acuerdo marco de adhesi\u00f3n al Sistema de Identificaci\u00f3n Nacional Tributario y Social (SINTYS) firmado entre el gobierno de la provincia de San Juan y el gobierno Nacional y por el otro lado, aprob\u00f3 el acuerdo de Implementaci\u00f3n y puesta en funcionamiento de la Unidad de Coordinaci\u00f3n provincial del SINTYS, suscripto entre el Consejo Nacional de Coordinaci\u00f3n de Pol\u00edticas Sociales de la Presidencia de la Naci\u00f3n, y la provincia de San Juan.<\/p>\n<p>En esta oportunidad, el diputado Gast\u00f3n Berenguer explic\u00f3 los argumentos del presente proyecto y sostuvo que tiene por objeto establecer los mecanismos necesarios para realizar el intercambio y cruzamiento de informaci\u00f3n entre sus propios organismos, con los organismos de car\u00e1cter nacional y las dem\u00e1s provincias adheridas al SINTYS y viceversa; as\u00ed como establecer la obligatoriedad de la registraci\u00f3n del CUIT\/CUIL\/CDI o de la clave\/b nominaci\u00f3n que a criterio de SINTYS sea necesaria para sustituir a los mismos. Asimismo, el acuerdo marco habilita la celebraci\u00f3n de acuerdos instrumentales, y actas complementarias destinados a agilizar e instrumentar el intercambio y cruzamiento de informaci\u00f3n entre los adherentes al SINTYS, y especificar las caracter\u00edsticas de la asistencia t\u00e9cnica a implementar en cada proyecto.<\/p>\n<p>Por otra parte, sostuvo que el convenio de implementaci\u00f3n y puesta en funcionamiento de la Unidad de la Coordinaci\u00f3n provincial del SINTYS, las partes acuerdan establecer la creaci\u00f3n en el \u00e1mbito de la Administraci\u00f3n P\u00fablica Provincial de la Unidad de Coordinaci\u00f3n Provincial.<\/p>\n<p><span style=\"color: #800080;\"><strong>Repavimentaci\u00f3n de las principales Avenidas de San Juan<\/strong><\/span><\/p>\n<p>M\u00e1s tarde, el cuerpo parlamentario aprob\u00f3 un convenio entre la Direcci\u00f3n Provincial de Vialidad y la Municipalidad de Capital firmado el 11 de abril de 2022. El diputado Juan Carlos Abarca fue el encargado de fundamentar este asunto que propone la ejecuci\u00f3n de la obra \u00abRepavimentaci\u00f3n de Avenida Libertador General San Mart\u00edn, Avenida C\u00f3rdoba y Avenida Jos\u00e9 Ignacio de la Roza\u201d.<\/p>\n<p>En la ocasi\u00f3n, el legislador inform\u00f3 que el costo que requiere la mencionada obra es de quinientos sesenta y un millones trescientos sesenta y ocho mil ochenta y uno con 59\/100 pesos ($561.368.081,59).<\/p>\n<p>Adem\u00e1s, indic\u00f3 que las obras mejorar\u00e1n las condiciones de transitabilidad a los servicios de transporte p\u00fablico de pasajeros y a los usuarios en general, facilitando la circulaci\u00f3n hasta los lugares de trabajo, centros de salud y educaci\u00f3n, como as\u00ed tambi\u00e9n a las \u00e1reas comerciales, productivas y de esparcimiento p\u00fablico.<strong>\u00a0<\/strong><\/p>\n<p><span style=\"color: #800080;\"><strong>Imposici\u00f3n de nombre a una escuela de Nivel Inicial de Capital<\/strong><\/span><\/p>\n<p>Seguidamente, el Poder Legislativo aprob\u00f3 el proyecto de Ley presentado por la diputada Fernanda Paredes que propone imponer el nombre Escuela de Nivel Inicial \u00abLos Colibr\u00edes\u00bb a la Escuela de Nivel Inicial N\u00b0 53, ubicada en calle San Lorenzo Este 281, entre calles Mendoza y Tucum\u00e1n, en el distrito Concepci\u00f3n, Capital. Cabe se\u00f1alar que estuvieron presentes los directivos y docentes de la instituci\u00f3n educativa.<\/p>\n<p><span style=\"color: #800080;\"><strong>Modificaci\u00f3n de la Ley que regula el Departamento de Aeron\u00e1utica<\/strong><\/span><\/p>\n<p>A continuaci\u00f3n, la Legislatura aprob\u00f3 la modificaci\u00f3n de la Ley N\u00ba 162-A sobre la creaci\u00f3n y regulaci\u00f3n del Departamento Aeron\u00e1utica Provincial. En esta ocasi\u00f3n, habl\u00f3 la diputada Marcela Monti como miembro informante, quien explic\u00f3 los cambios a realizar debido a que actualmente el piloto del avi\u00f3n y helic\u00f3ptero oficial accedi\u00f3 a los beneficios de la jubilaci\u00f3n y los pilotos que se presentaron para el cargo no cumplen con el requisito de la edad.<\/p>\n<p>De esta manera, fue sustituido el art\u00edculo 22 de la presente normativa por el siguiente texto:<\/p>\n<p>\u201cART\u00cdCULO 22.- El ingreso a la Direcci\u00f3n Provincial de Aeron\u00e1utica del Personal de Pilotos, est\u00e1 sujeto a las siguientes condiciones:<\/p>\n<p>1) Poseer licencia de Piloto Comercial o Piloto Comercial de 1\u00b0 clase.<\/p>\n<p>2) Demostrar capacidad t\u00e9cnica ante una Comisi\u00f3n designada a tal efecto.<\/p>\n<p>3) Acreditar antecedentes aeron\u00e1uticos que, a criterio de la autoridad, sean satisfactorios.<\/p>\n<p>4) Ser argentino, no tener menos de veinticinco (25) anos y no m\u00e1s de cincuenta y cinco (55).<\/p>\n<p>Adem\u00e1s, los legisladores sustituyeron en los art\u00edculos 1\u00b0, 2\u00b0, 3\u00b0, 4\u00b0, 5\u00b0, 6\u00b0, 7\u00b0, 8\u00b0, 9\u00b0, 10, 11, 14, 22, 27, 28, 29 de la normativa antes mencionada, la frase \u00abDepartamento Provincial de Aeron\u00e1utica\u00bb, por \u00abDirecci\u00f3n Provincial de Aeron\u00e1utica\u00bb. Se debe adecuar la contracci\u00f3n y el articulo que le antecede a cada sustituci\u00f3n.<\/p>\n<p><span style=\"color: #800080;\"><strong>Resoluciones<\/strong><\/span><\/p>\n<p>Luego, el cuerpo Legislativo declar\u00f3 de inter\u00e9s:<\/p>\n<ul>\n<li>Deportivo y Social, la \u00ab5\u00b0 Copa Argentina de Master V\u00f3ley\u00bb, organizada por la Federaci\u00f3n Sanjuanina de V\u00f3leibol (FSV) conjuntamente con el equipo de Master V\u00f3ley de la Universidad Nacional de San Juan (UNSJ), con el auspicio de la Federaci\u00f3n del V\u00f3leibol Argentino (FEVA) y la Direcci\u00f3n General de Deporte dependiente de la Secretaria de Bienestar Universitario ( SECBIEN) de la Universidad Nacional de San Juan , a realizarse desde el d\u00eda 12 al 14 de Agosto del a\u00f1o 2022 en la Provincia de San Juan. (Diputado Gustavo Us\u00edn)<\/li>\n<li>Social y Cultural, el Festival Nacional de Coros SAN JUAN CANTA 2022, organizado por el Coro Arturo Beruti y el Ministerio de Turismo y Cultura de la Provincia de San Juan, que se llevar\u00e1 a cabo los d\u00edas 11 al 15 de agosto de 2022. (Diputada Fernanda Paredes)<\/li>\n<li>Educativo, Social y Cultural, el programa \u00abCosechando buenos h\u00e1bitos\u00bb, organizado en el marco de la campa\u00f1a \u00abAlimentando Voluntades\u00bb del Programa Nutrici\u00f3n en Vivo, en conjunto con la Fundaci\u00f3n Modo de Vida y el Ministerio de Educaci\u00f3n de la Provincia, a desarrollarse durante los meses de septiembre y octubre del corriente a\u00f1o. (Diputado Juan Carlos Abarca)<\/li>\n<li>Social y Cultural, la 20\u00ba Cabalgata a la Difunta Teresa a realizarse el d\u00eda 13 al 15 el mes de agosto del 2022. Organizado por la Agrupaci\u00f3n Gaucha Difunta Teresa. (Diputado Marcelo Mallea)<\/li>\n<li>Social, Educativo y Cient\u00edfico, la \u201cIII Reuni\u00f3n Plenaria Anual de la Abogac\u00eda Joven F.A.C.A.\u201d que se llevar\u00e1n a cabo el d\u00eda 13 de agosto de 2022, en el Sal\u00f3n Sarmiento del foro de Abogados de San Juan. (Diputada Celina Ramella)<\/li>\n<li>Social, Educativo y Cient\u00edfico la \u00abJornada de Derecho Ambiental\u00bb, que se llevar\u00e1n a cabo el d\u00eda 26 de agosto de 2022, en el Centro de Convenciones Guillermo Barrena Guzm\u00e1n. (Diputada Celina Ramella)<\/li>\n<li>Educativo, Cultural y Social la VIII Edici\u00f3n del proyecto J\u00f3venes Construyendo Democracia 2022. (Diputada Marcela Monti)<\/li>\n<li>Cultural, Social y Educativo, el proyecto del Festival de Teatro para las infancias \u201cSanjuaniii\u00f1os\u201d que se llevar\u00e1 a cabo durante los d\u00edas 16, 17, 18, 19, 20 y 21 de agosto, con una programaci\u00f3n de car\u00e1cter nacional, que incluir\u00e1 obras y presentaciones art\u00edsticas de San Juan y otras provincias. (Diputado Andr\u00e9s Chanampa)<\/li>\n<\/ul>\n<p><span style=\"color: #800080;\"><strong>Comunicaci\u00f3n<\/strong><\/span><\/p>\n<p>Por \u00faltimo, la C\u00e1mara de Diputados aprob\u00f3 un proyecto de Comunicaci\u00f3n de autor\u00eda del diputado Carlos Platero, por el cual solicita al Poder Ejecutivo inste a la empresa Obras Sanitarias Sociedad del Estado \u2014 OSSE- a realizar los estudios de factibilidad t\u00e9cnico-econ\u00f3mica necesarios para la extensi\u00f3n de la red cloacal sobre calle Avenida Col\u00f3n entre Avenida Libertador General San Martin y calle Sarmiento ubicada en el departamento de Santa Luc\u00eda.<\/p>\n<p>&nbsp;<\/p>\n<\/div>\n","protected":false},"excerpt":{"rendered":"<p>Por unanimidad, la C\u00e1mara de Diputados de San Juan otorg\u00f3 acuerdo a la readecuaci\u00f3n de la norma de procedimiento al<\/p>\n","protected":false},"author":3,"featured_media":51608,"comment_status":"closed","ping_status":"closed","sticky":false,"template":"","format":"standard","meta":{"_acf_changed":false,"_seopress_robots_primary_cat":"none","_seopress_titles_title":"","_seopress_titles_desc":"","_seopress_robots_index":"","colormag_page_container_layout":"default_layout","colormag_page_sidebar_layout":"default_layout","footnotes":""},"categories":[1],"tags":[],"class_list":["post-51606","post","type-post","status-publish","format-standard","has-post-thumbnail","hentry","category-destacadas"],"acf":[],"_links":{"self":[{"href":"https:\/\/vocesparalelas.com.ar\/sitio\/wp-json\/wp\/v2\/posts\/51606","targetHints":{"allow":["GET"]}}],"collection":[{"href":"https:\/\/vocesparalelas.com.ar\/sitio\/wp-json\/wp\/v2\/posts"}],"about":[{"href":"https:\/\/vocesparalelas.com.ar\/sitio\/wp-json\/wp\/v2\/types\/post"}],"author":[{"embeddable":true,"href":"https:\/\/vocesparalelas.com.ar\/sitio\/wp-json\/wp\/v2\/users\/3"}],"replies":[{"embeddable":true,"href":"https:\/\/vocesparalelas.com.ar\/sitio\/wp-json\/wp\/v2\/comments?post=51606"}],"version-history":[{"count":3,"href":"https:\/\/vocesparalelas.com.ar\/sitio\/wp-json\/wp\/v2\/posts\/51606\/revisions"}],"predecessor-version":[{"id":51611,"href":"https:\/\/vocesparalelas.com.ar\/sitio\/wp-json\/wp\/v2\/posts\/51606\/revisions\/51611"}],"wp:featuredmedia":[{"embeddable":true,"href":"https:\/\/vocesparalelas.com.ar\/sitio\/wp-json\/wp\/v2\/media\/51608"}],"wp:attachment":[{"href":"https:\/\/vocesparalelas.com.ar\/sitio\/wp-json\/wp\/v2\/media?parent=51606"}],"wp:term":[{"taxonomy":"category","embeddable":true,"href":"https:\/\/vocesparalelas.com.ar\/sitio\/wp-json\/wp\/v2\/categories?post=51606"},{"taxonomy":"post_tag","embeddable":true,"href":"https:\/\/vocesparalelas.com.ar\/sitio\/wp-json\/wp\/v2\/tags?post=51606"}],"curies":[{"name":"wp","href":"https:\/\/api.w.org\/{rel}","templated":true}]}}