{"id":51599,"date":"2022-08-12T16:31:57","date_gmt":"2022-08-12T19:31:57","guid":{"rendered":"https:\/\/vocesparalelas.com.ar\/sitio\/?p=51599"},"modified":"2022-08-14T23:54:01","modified_gmt":"2022-08-15T02:54:01","slug":"5-edicion-de-sanjuaniiinos","status":"publish","type":"post","link":"https:\/\/vocesparalelas.com.ar\/sitio\/5-edicion-de-sanjuaniiinos\/","title":{"rendered":"5\u00b0 edici\u00f3n de \u00abSANJUANIII\u00d1OS\u00bb"},"content":{"rendered":"<p>Desde el 17 al 21 de Agosto se realiza la 5ta edici\u00f3n del \u201cSANJUANIII\u00d1OS\u201d con diferentes actividades destinadas a toda la comunidad. Esta propuesta es cogestionada y declarada de inter\u00e9s cultural por el Ministerio de Turismo y Cultura de la provincia de San Juan y cuenta con el apoyo del Instituto Nacional del Teatro<\/p>\n<p>Este festival para las infancias tiene como objetivo principal acercar a los ni\u00f1os y ni\u00f1as al teatro, promoviendo espacios creativos que logren una participaci\u00f3n activa en el desarrollo de la cultura, generando inter\u00e9s en la actividad teatral y reflexionando sobre las vivencias del espect\u00e1culo art\u00edstico. Es importante destacar que esta quinta edici\u00f3n se realiza en el mes de agosto con motivo del festejo del d\u00eda de las infancias.<\/p>\n<p>En esta edici\u00f3n cuenta con obras de San Juan, C\u00f3rdoba y Entre R\u00edos que se desarrollar\u00e1n en diferentes espacios culturales de nuestra provincia. A continuaci\u00f3n, detallamos las distintas actividades que se realizar\u00e1n:<\/p>\n<p><span style=\"color: #ff6600;\"><strong>Funciones para Escuelas<\/strong><strong>\u00a0<\/strong><\/span><\/p>\n<p><strong><span style=\"color: #ff6600;\">Mi\u00e9rcoles, 17 de agosto, a las 10:30hs. en el Teatro Sarmiento<\/span><\/strong><\/p>\n<ul>\n<li>\u201cLa troupe de la familia Volantin\u00bb Intervenci\u00f3n de acrobacias de La Chacota Provincia de San Juan<\/li>\n<li>\u201cTeatralicanci\u00f3n\u201d \u2013 Rikitit\u00e1 Provincia de San Juan<\/li>\n<\/ul>\n<p><span style=\"color: #ff6600;\"><strong>Jueves, 18 de Agosto, a las 10.30 hs. en el Teatro Albard\u00f3n<\/strong><\/span><\/p>\n<ul>\n<li>\u201cLaboratorio de burbujas\u201d Intervenci\u00f3n de circo &#8211; La Chacota Provincia de San Juan<\/li>\n<li>\u201cCuentos disparatados\u201d- Contadores de historias Provincia de San Juan<\/li>\n<\/ul>\n<p><span style=\"color: #ff6600;\"><strong>Funciones para el P\u00fablico en General<\/strong><\/span><\/p>\n<p><strong><span style=\"color: #ff6600;\"><u>Venta de entradas<\/u><\/span><\/strong><\/p>\n<ul>\n<li>$650.- anticipada de venta online<\/li>\n<\/ul>\n<p><a href=\"https:\/\/www.eventbrite.com\/cc\/sanjuaniiinos-942969\">https:\/\/www.eventbrite.com\/cc\/sanjuaniiinos-942969<\/a><\/p>\n<ul>\n<li>$800, en la Boleter\u00eda del Espacio Teatral TES, T\u00edteres en serio<\/li>\n<\/ul>\n<p><span style=\"color: #ff6600;\"><strong>Programa<\/strong><\/span><\/p>\n<ul>\n<li>S\u00e1bado, 20 de Agosto, a las\u00a018 hs.; en el Espacio Teatral TES, T\u00edteres en serio, Juan B. Justo 335 sur- Rivadavia, \u201cLa ni\u00f1a que fue Cyrano\u201d \u2013La Mucca Teatro, Provincia de C\u00f3rdoba.<\/li>\n<li>Domingo, 21 de Agosto, a las\u00a018 hs en el Espacio Teatral TES, T\u00edteres en serio, Juan B. Justo 335 sur- Rivadavia, \u201cSuite criolla\u201d- Compa\u00f1\u00eda teatral Provincia de Entre R\u00edos.<\/li>\n<\/ul>\n<p><span style=\"color: #ff6600;\"><strong>Para m\u00e1s informaci\u00f3n<\/strong><\/span><\/p>\n<p>E-mail: <a href=\"festinfantilsanjuanino@gmail.com\">festinfantilsanjuanino@gmail.com<\/a><\/p>\n<p>Facebook\/Instagram:\u00a0<a href=\"http:\/\/@festivalsanjuaniiino}\">http:\/\/@festivalsanjuaniiino}<\/a><\/p>\n<p>Publicado el Viernes, 12 de Agosto de 2022<\/p>\n","protected":false},"excerpt":{"rendered":"<p>Desde el 17 al 21 de Agosto se realiza la 5ta edici\u00f3n del \u201cSANJUANIII\u00d1OS\u201d con diferentes actividades destinadas a toda<\/p>\n","protected":false},"author":3,"featured_media":41798,"comment_status":"closed","ping_status":"closed","sticky":false,"template":"","format":"standard","meta":{"_acf_changed":false,"_seopress_robots_primary_cat":"none","_seopress_titles_title":"","_seopress_titles_desc":"","_seopress_robots_index":"","colormag_page_container_layout":"default_layout","colormag_page_sidebar_layout":"default_layout","footnotes":""},"categories":[20],"tags":[],"class_list":["post-51599","post","type-post","status-publish","format-standard","has-post-thumbnail","hentry","category-cartelera"],"acf":[],"_links":{"self":[{"href":"https:\/\/vocesparalelas.com.ar\/sitio\/wp-json\/wp\/v2\/posts\/51599","targetHints":{"allow":["GET"]}}],"collection":[{"href":"https:\/\/vocesparalelas.com.ar\/sitio\/wp-json\/wp\/v2\/posts"}],"about":[{"href":"https:\/\/vocesparalelas.com.ar\/sitio\/wp-json\/wp\/v2\/types\/post"}],"author":[{"embeddable":true,"href":"https:\/\/vocesparalelas.com.ar\/sitio\/wp-json\/wp\/v2\/users\/3"}],"replies":[{"embeddable":true,"href":"https:\/\/vocesparalelas.com.ar\/sitio\/wp-json\/wp\/v2\/comments?post=51599"}],"version-history":[{"count":1,"href":"https:\/\/vocesparalelas.com.ar\/sitio\/wp-json\/wp\/v2\/posts\/51599\/revisions"}],"predecessor-version":[{"id":51601,"href":"https:\/\/vocesparalelas.com.ar\/sitio\/wp-json\/wp\/v2\/posts\/51599\/revisions\/51601"}],"wp:featuredmedia":[{"embeddable":true,"href":"https:\/\/vocesparalelas.com.ar\/sitio\/wp-json\/wp\/v2\/media\/41798"}],"wp:attachment":[{"href":"https:\/\/vocesparalelas.com.ar\/sitio\/wp-json\/wp\/v2\/media?parent=51599"}],"wp:term":[{"taxonomy":"category","embeddable":true,"href":"https:\/\/vocesparalelas.com.ar\/sitio\/wp-json\/wp\/v2\/categories?post=51599"},{"taxonomy":"post_tag","embeddable":true,"href":"https:\/\/vocesparalelas.com.ar\/sitio\/wp-json\/wp\/v2\/tags?post=51599"}],"curies":[{"name":"wp","href":"https:\/\/api.w.org\/{rel}","templated":true}]}}