{"id":51590,"date":"2022-08-11T21:32:13","date_gmt":"2022-08-12T00:32:13","guid":{"rendered":"https:\/\/vocesparalelas.com.ar\/sitio\/?p=51590"},"modified":"2022-08-12T02:32:25","modified_gmt":"2022-08-12T05:32:25","slug":"se-inauguro-la-plazoleta-del-barrio-cooperarq-viii-para-disfrutar-en-familia-en-rivadavia","status":"publish","type":"post","link":"https:\/\/vocesparalelas.com.ar\/sitio\/se-inauguro-la-plazoleta-del-barrio-cooperarq-viii-para-disfrutar-en-familia-en-rivadavia\/","title":{"rendered":"Se inaugur\u00f3 la Plazoleta del Barrio Cooperarq VIII para disfrutar en familia en Rivadavia"},"content":{"rendered":"<p>La Municipalidad de Rivadavia realiz\u00f3 un trabajo de obra p\u00fablica en el Barrio Cooperarq VIII en la construcci\u00f3n de una plazoleta en un espacio libre que pone color a la esquina y que permite que los ni\u00f1os puedan disfrutar de los juegos como hamacas, toboganes y subibajas que son utilizados para todas edades, adem\u00e1s, las veredas permiten caminar o andar en bicicleta o patines sin peligros. La iluminaci\u00f3n LED que da al espacio una propuesta diferente.<\/p>\n<p>Por ello, el Intendente Dr. Fabi\u00e1n Mart\u00edn explic\u00f3 a periodistas San Juan la Obra p\u00fablica que se realiz\u00f3 con fondos municipales y\u00a0 del Gobierno de San Juan que permite seguir trabajando para un Rivadavia Futuro.<\/p>\n<p><iframe loading=\"lazy\" title=\"DR FABI\u00c1N MART\u00cdN\" width=\"800\" height=\"450\" src=\"https:\/\/www.youtube.com\/embed\/eCTP00wXUZU?feature=oembed\" frameborder=\"0\" allow=\"accelerometer; autoplay; clipboard-write; encrypted-media; gyroscope; picture-in-picture\" allowfullscreen><\/iframe><\/p>\n<p>Autoridades y gran cantidad de vecinos se sumaron a tan importante avance en el Barrio y fundamentalmente, con la alegr\u00eda de los ni\u00f1os que tienen ahora la posibilidad de disfrutar el espacio verde con juegos infantiles y la familia.<\/p>\n<p><img loading=\"lazy\" decoding=\"async\" class=\"alignnone size-full wp-image-51577\" src=\"https:\/\/vocesparalelas.com.ar\/sitio\/wp-content\/uploads\/2022\/08\/RIVADAVIA-PLAZA-02.jpg\" alt=\"\" width=\"800\" height=\"533\" srcset=\"https:\/\/vocesparalelas.com.ar\/sitio\/wp-content\/uploads\/2022\/08\/RIVADAVIA-PLAZA-02.jpg 800w, https:\/\/vocesparalelas.com.ar\/sitio\/wp-content\/uploads\/2022\/08\/RIVADAVIA-PLAZA-02-300x200.jpg 300w, https:\/\/vocesparalelas.com.ar\/sitio\/wp-content\/uploads\/2022\/08\/RIVADAVIA-PLAZA-02-768x512.jpg 768w\" sizes=\"auto, (max-width: 800px) 100vw, 800px\" \/><\/p>\n<p><img loading=\"lazy\" decoding=\"async\" class=\"alignnone size-full wp-image-51578\" src=\"https:\/\/vocesparalelas.com.ar\/sitio\/wp-content\/uploads\/2022\/08\/RIVADAVIA-PLAZA-03.jpg\" alt=\"\" width=\"800\" height=\"533\" srcset=\"https:\/\/vocesparalelas.com.ar\/sitio\/wp-content\/uploads\/2022\/08\/RIVADAVIA-PLAZA-03.jpg 800w, https:\/\/vocesparalelas.com.ar\/sitio\/wp-content\/uploads\/2022\/08\/RIVADAVIA-PLAZA-03-300x200.jpg 300w, https:\/\/vocesparalelas.com.ar\/sitio\/wp-content\/uploads\/2022\/08\/RIVADAVIA-PLAZA-03-768x512.jpg 768w\" sizes=\"auto, (max-width: 800px) 100vw, 800px\" \/><\/p>\n<p>Publicado el Jueves, 11 de Agosto de 2022<\/p>\n","protected":false},"excerpt":{"rendered":"<p>La Municipalidad de Rivadavia realiz\u00f3 un trabajo de obra p\u00fablica en el Barrio Cooperarq VIII en la construcci\u00f3n de una<\/p>\n","protected":false},"author":3,"featured_media":51576,"comment_status":"closed","ping_status":"closed","sticky":false,"template":"","format":"video","meta":{"_acf_changed":false,"_seopress_robots_primary_cat":"none","_seopress_titles_title":"","_seopress_titles_desc":"","_seopress_robots_index":"","colormag_page_container_layout":"default_layout","colormag_page_sidebar_layout":"default_layout","footnotes":""},"categories":[1,7],"tags":[],"class_list":["post-51590","post","type-post","status-publish","format-video","has-post-thumbnail","hentry","category-destacadas","category-videos","post_format-post-format-video"],"acf":[],"_links":{"self":[{"href":"https:\/\/vocesparalelas.com.ar\/sitio\/wp-json\/wp\/v2\/posts\/51590","targetHints":{"allow":["GET"]}}],"collection":[{"href":"https:\/\/vocesparalelas.com.ar\/sitio\/wp-json\/wp\/v2\/posts"}],"about":[{"href":"https:\/\/vocesparalelas.com.ar\/sitio\/wp-json\/wp\/v2\/types\/post"}],"author":[{"embeddable":true,"href":"https:\/\/vocesparalelas.com.ar\/sitio\/wp-json\/wp\/v2\/users\/3"}],"replies":[{"embeddable":true,"href":"https:\/\/vocesparalelas.com.ar\/sitio\/wp-json\/wp\/v2\/comments?post=51590"}],"version-history":[{"count":1,"href":"https:\/\/vocesparalelas.com.ar\/sitio\/wp-json\/wp\/v2\/posts\/51590\/revisions"}],"predecessor-version":[{"id":51592,"href":"https:\/\/vocesparalelas.com.ar\/sitio\/wp-json\/wp\/v2\/posts\/51590\/revisions\/51592"}],"wp:featuredmedia":[{"embeddable":true,"href":"https:\/\/vocesparalelas.com.ar\/sitio\/wp-json\/wp\/v2\/media\/51576"}],"wp:attachment":[{"href":"https:\/\/vocesparalelas.com.ar\/sitio\/wp-json\/wp\/v2\/media?parent=51590"}],"wp:term":[{"taxonomy":"category","embeddable":true,"href":"https:\/\/vocesparalelas.com.ar\/sitio\/wp-json\/wp\/v2\/categories?post=51590"},{"taxonomy":"post_tag","embeddable":true,"href":"https:\/\/vocesparalelas.com.ar\/sitio\/wp-json\/wp\/v2\/tags?post=51590"}],"curies":[{"name":"wp","href":"https:\/\/api.w.org\/{rel}","templated":true}]}}