{"id":51569,"date":"2022-08-11T22:01:27","date_gmt":"2022-08-12T01:01:27","guid":{"rendered":"https:\/\/vocesparalelas.com.ar\/sitio\/?p=51569"},"modified":"2022-08-12T02:01:40","modified_gmt":"2022-08-12T05:01:40","slug":"una-firma-de-convenio-para-el-equipamiento-de-la-brigada-de-incendio-forestal-de-san-juan","status":"publish","type":"post","link":"https:\/\/vocesparalelas.com.ar\/sitio\/una-firma-de-convenio-para-el-equipamiento-de-la-brigada-de-incendio-forestal-de-san-juan\/","title":{"rendered":"Una firma de convenio para el equipamiento de la Brigada de Incendio Forestal de San Juan"},"content":{"rendered":"<p>El acto comenz\u00f3 con la firma del convenio entre la Secretar\u00eda de Estado de Ambiente y Desarrollo Sustentable, el Ministerio de Ambiente y Desarrollo Sostenible de la Naci\u00f3n Argentina y el Gobierno de San Juan, para articular y financiar el combate de incendios forestales y fortalecimiento del cuerpo de brigadistas de San Juan. Adem\u00e1s, Naci\u00f3n destinar\u00e1 fondos para la renovaci\u00f3n de la cinta transportadora del PTA.<\/p>\n<p><img loading=\"lazy\" decoding=\"async\" class=\"alignnone size-full wp-image-51579\" src=\"https:\/\/vocesparalelas.com.ar\/sitio\/wp-content\/uploads\/2022\/08\/AMBIENTE-NACION-07.jpg\" alt=\"\" width=\"800\" height=\"533\" srcset=\"https:\/\/vocesparalelas.com.ar\/sitio\/wp-content\/uploads\/2022\/08\/AMBIENTE-NACION-07.jpg 800w, https:\/\/vocesparalelas.com.ar\/sitio\/wp-content\/uploads\/2022\/08\/AMBIENTE-NACION-07-300x200.jpg 300w, https:\/\/vocesparalelas.com.ar\/sitio\/wp-content\/uploads\/2022\/08\/AMBIENTE-NACION-07-768x512.jpg 768w\" sizes=\"auto, (max-width: 800px) 100vw, 800px\" \/><\/p>\n<p>&nbsp;<\/p>\n<p><img loading=\"lazy\" decoding=\"async\" class=\"alignnone size-large wp-image-51581\" src=\"https:\/\/vocesparalelas.com.ar\/sitio\/wp-content\/uploads\/2022\/08\/AMBIENTE-NACION-05.jpg\" alt=\"\" width=\"800\" height=\"533\" srcset=\"https:\/\/vocesparalelas.com.ar\/sitio\/wp-content\/uploads\/2022\/08\/AMBIENTE-NACION-05.jpg 800w, https:\/\/vocesparalelas.com.ar\/sitio\/wp-content\/uploads\/2022\/08\/AMBIENTE-NACION-05-300x200.jpg 300w, https:\/\/vocesparalelas.com.ar\/sitio\/wp-content\/uploads\/2022\/08\/AMBIENTE-NACION-05-768x512.jpg 768w\" sizes=\"auto, (max-width: 800px) 100vw, 800px\" \/><\/p>\n<p>&nbsp;<\/p>\n<p><img loading=\"lazy\" decoding=\"async\" class=\"alignnone size-large wp-image-51580\" src=\"https:\/\/vocesparalelas.com.ar\/sitio\/wp-content\/uploads\/2022\/08\/AMBIENTE-NACION-06.jpg\" alt=\"\" width=\"800\" height=\"533\" srcset=\"https:\/\/vocesparalelas.com.ar\/sitio\/wp-content\/uploads\/2022\/08\/AMBIENTE-NACION-06.jpg 800w, https:\/\/vocesparalelas.com.ar\/sitio\/wp-content\/uploads\/2022\/08\/AMBIENTE-NACION-06-300x200.jpg 300w, https:\/\/vocesparalelas.com.ar\/sitio\/wp-content\/uploads\/2022\/08\/AMBIENTE-NACION-06-768x512.jpg 768w\" sizes=\"auto, (max-width: 800px) 100vw, 800px\" \/><\/p>\n<p>&nbsp;<\/p>\n<p>Posteriormente, el Gobierno de San Juan entreg\u00f3 la Declaraci\u00f3n de Impacto Ambiental a empresas y certificados a Evaluadores Ambientales.<\/p>\n<p>El encuentro estuvo presidido por el gobernador de San Juan, Dr. Sergio U\u00f1ac, acompa\u00f1ado por el ministro de Ambiente y Desarrollo Sostenible de la Naci\u00f3n Argentina, Lic. Juan Cabandi\u00e9; el ministro de Producci\u00f3n y Desarrollo Econ\u00f3mico, Ing. Ariel Lucero, los secretarios de Ambiente y Desarrollo Sustentable, Francisco Guevara y de Seguridad y Orden P\u00fablico, Dr. Carlos Munisaga;<\/p>\n<p>Adem\u00e1s, estuvo el jefe de Polic\u00eda de San Juan, Crio. General Luis Mart\u00ednez; el director de Protecci\u00f3n Civil, Francisco Suraci; Bomberos Voluntarios de la Provincia y autoridades de la Secretar\u00eda de Estado de Ambiente y Desarrollo Sustentable.<\/p>\n<p><img loading=\"lazy\" decoding=\"async\" class=\"alignnone size-full wp-image-51575\" src=\"https:\/\/vocesparalelas.com.ar\/sitio\/wp-content\/uploads\/2022\/08\/AMBIENTE-NACION-04.jpg\" alt=\"\" width=\"800\" height=\"533\" srcset=\"https:\/\/vocesparalelas.com.ar\/sitio\/wp-content\/uploads\/2022\/08\/AMBIENTE-NACION-04.jpg 800w, https:\/\/vocesparalelas.com.ar\/sitio\/wp-content\/uploads\/2022\/08\/AMBIENTE-NACION-04-300x200.jpg 300w, https:\/\/vocesparalelas.com.ar\/sitio\/wp-content\/uploads\/2022\/08\/AMBIENTE-NACION-04-768x512.jpg 768w\" sizes=\"auto, (max-width: 800px) 100vw, 800px\" \/><\/p>\n<p>En el marco del Sistema Federal de Manejo del Fuego, San Juan conform\u00f3 la primera Brigada Forestal Provincial, cuyas funciones son las de prevenir, alertar y combatir incendios forestales en todo el territorio.<\/p>\n<p>Mediante este convenio, la Provincia adhiere, a trav\u00e9s de la Secretar\u00eda de Estado de Ambiente y Desarrollo Sustentable, a un sistema federal para gestionar m\u00e1s recursos operativos y log\u00edsticos como camionetas autobombas, c\u00e1maras t\u00e9rmicas, vestimenta de trabajo, herramientas y un software de alerta temprana, para combatir y prevenir incendios forestales.<\/p>\n<p>El Secretario de Ambiente y Desarrollo Sustentable, Francisco Guevara destac\u00f3 que \u00abla Brigada de Incendio Forestal es producto del trabajo de Polic\u00eda de San Juan, Bomberos Voluntarios, Protecci\u00f3n Civil y Ambiente. Hac\u00eda falta normalizar esta brigada. A partir del convenio firmado hoy, agradezco a Cabandi\u00e9 la gesti\u00f3n de los recursos para equipar el grupo. San Juan no es ajena a lo que ocurre en el mundo con respecto a los cambios clim\u00e1ticos y la crisis h\u00eddrica, sin duda, gener\u00f3 la sequedad de nuestros campos, como vimos recientemente en el incendio del Parque Sarmiento y alrededores, con un total de 50 focos de incendio en el territorio\u201d.<\/p>\n<p><iframe loading=\"lazy\" title=\"SAN JUAN\" width=\"800\" height=\"450\" src=\"https:\/\/www.youtube.com\/embed\/P1EETVEaUzc?feature=oembed\" frameborder=\"0\" allow=\"accelerometer; autoplay; clipboard-write; encrypted-media; gyroscope; picture-in-picture\" allowfullscreen><\/iframe><\/p>\n<p>Seguidamente, el ministro de Ambiente y Desarrollo Sostenible de la Naci\u00f3n Argentina, Lic. Juan Cabandi\u00e9, entreg\u00f3 casi 60 millones de pesos en concepto del fortalecimiento de la Brigada Forestal Provincial, para la adquisici\u00f3n de insumos destinados a combatir incendios forestales\u00bb.<\/p>\n<p><iframe loading=\"lazy\" title=\"SAN JUAN\" width=\"800\" height=\"450\" src=\"https:\/\/www.youtube.com\/embed\/y5twVHYb14c?feature=oembed\" frameborder=\"0\" allow=\"accelerometer; autoplay; clipboard-write; encrypted-media; gyroscope; picture-in-picture\" allowfullscreen><\/iframe><\/p>\n<p>Finalmente, el Gobernador de San Juan, Dr. Sergio U\u00f1ac remarc\u00f3 que \u00abhay un camino que hemos trazado hace m\u00e1s de 20 a\u00f1os, que ha sido muy significativo. Hay muchos pa\u00edses que limitaron su actividad econ\u00f3mica en nombre del cuidado del medioambiente, obstaculizando actividades como la miner\u00eda. As\u00ed, hay provincias argentinas que hicieron esto. Nosotros decimos que el camino es inverso, porque la sociedad, naturalmente, necesita trabajo, que es la dignificaci\u00f3n del ser humano para ganarse su pan, lo que debe ser asegurado y promocionado por el Estado\u201d.<\/p>\n<p><iframe loading=\"lazy\" title=\"SAN JUAN DR SERGIO U\u00d1AC\" width=\"800\" height=\"450\" src=\"https:\/\/www.youtube.com\/embed\/cplvMeRX1fQ?feature=oembed\" frameborder=\"0\" allow=\"accelerometer; autoplay; clipboard-write; encrypted-media; gyroscope; picture-in-picture\" allowfullscreen><\/iframe><\/p>\n<p>&nbsp;<\/p>\n<p><strong style=\"color: #339966;\">M\u00e1s sobre el Sistema de Manejo del Fuego<\/strong><\/p>\n<div class=\"itemFullText\">\n<p>Entre los objetivos del Sistema Federal de Manejo del Fuego se destacan proteger y preservar el medio ambiente del da\u00f1o generado por los incendios; cuidar la seguridad de la poblaci\u00f3n en general y de las personas que combaten los incendios; concientizar a la poblaci\u00f3n sobre el impacto del uso del fuego, fomentando el cambio de los h\u00e1bitos perjudiciales para el ambiente; establecer mecanismos para que el Estado intervenga con eficiencia en materia de incendios.<\/p>\n<p>El cuidado del ambiente es pol\u00edtica de Estado en la provincia. El Gobierno de San Juan, a trav\u00e9s de la Secretar\u00eda de Estado de Ambiente y Desarrollo Sustentable se ha posicionado en estos \u00faltimos a\u00f1os como modelo a nivel nacional en gesti\u00f3n ambiental.<\/p>\n<p>Para esto, la Secretar\u00eda de estado de Ambiente, el coordinaci\u00f3n con el Ministerio de Ambiente de la Naci\u00f3n, realiz\u00f3 un trabajo interinstitucional para implementar diferentes programas, proyectos, planes y concret\u00f3 grandes obras de infraestructura<\/p>\n<p>Por otra parte, la Secretar\u00eda de Estado de Ambiente trabaja en dise\u00f1ar estrategias en el control, como as\u00ed tambi\u00e9n contribuir, a trav\u00e9s de soluciones t\u00e9cnicas, al saneamiento de los recursos involucrados y a la optimizaci\u00f3n de las condiciones actuales de la industria.<\/p>\n<\/div>\n<div class=\"clr\">\n<p><img loading=\"lazy\" decoding=\"async\" class=\"size-full wp-image-51572\" src=\"https:\/\/vocesparalelas.com.ar\/sitio\/wp-content\/uploads\/2022\/08\/AMBIENTE-NACION-02.jpg\" alt=\"\" width=\"800\" height=\"533\" srcset=\"https:\/\/vocesparalelas.com.ar\/sitio\/wp-content\/uploads\/2022\/08\/AMBIENTE-NACION-02.jpg 800w, https:\/\/vocesparalelas.com.ar\/sitio\/wp-content\/uploads\/2022\/08\/AMBIENTE-NACION-02-300x200.jpg 300w, https:\/\/vocesparalelas.com.ar\/sitio\/wp-content\/uploads\/2022\/08\/AMBIENTE-NACION-02-768x512.jpg 768w\" sizes=\"auto, (max-width: 800px) 100vw, 800px\" \/><\/p>\n<\/div>\n<div class=\"itemContentFooter\"><span class=\"itemDateModified\">Publicado el Jueves, 11 de Agosto de 2022<\/span><\/div>\n","protected":false},"excerpt":{"rendered":"<p>El acto comenz\u00f3 con la firma del convenio entre la Secretar\u00eda de Estado de Ambiente y Desarrollo Sustentable, el Ministerio<\/p>\n","protected":false},"author":3,"featured_media":51571,"comment_status":"closed","ping_status":"closed","sticky":false,"template":"","format":"video","meta":{"_acf_changed":false,"_seopress_robots_primary_cat":"none","_seopress_titles_title":"","_seopress_titles_desc":"","_seopress_robots_index":"","colormag_page_container_layout":"default_layout","colormag_page_sidebar_layout":"default_layout","footnotes":""},"categories":[1,7],"tags":[],"class_list":["post-51569","post","type-post","status-publish","format-video","has-post-thumbnail","hentry","category-destacadas","category-videos","post_format-post-format-video"],"acf":[],"_links":{"self":[{"href":"https:\/\/vocesparalelas.com.ar\/sitio\/wp-json\/wp\/v2\/posts\/51569","targetHints":{"allow":["GET"]}}],"collection":[{"href":"https:\/\/vocesparalelas.com.ar\/sitio\/wp-json\/wp\/v2\/posts"}],"about":[{"href":"https:\/\/vocesparalelas.com.ar\/sitio\/wp-json\/wp\/v2\/types\/post"}],"author":[{"embeddable":true,"href":"https:\/\/vocesparalelas.com.ar\/sitio\/wp-json\/wp\/v2\/users\/3"}],"replies":[{"embeddable":true,"href":"https:\/\/vocesparalelas.com.ar\/sitio\/wp-json\/wp\/v2\/comments?post=51569"}],"version-history":[{"count":1,"href":"https:\/\/vocesparalelas.com.ar\/sitio\/wp-json\/wp\/v2\/posts\/51569\/revisions"}],"predecessor-version":[{"id":51582,"href":"https:\/\/vocesparalelas.com.ar\/sitio\/wp-json\/wp\/v2\/posts\/51569\/revisions\/51582"}],"wp:featuredmedia":[{"embeddable":true,"href":"https:\/\/vocesparalelas.com.ar\/sitio\/wp-json\/wp\/v2\/media\/51571"}],"wp:attachment":[{"href":"https:\/\/vocesparalelas.com.ar\/sitio\/wp-json\/wp\/v2\/media?parent=51569"}],"wp:term":[{"taxonomy":"category","embeddable":true,"href":"https:\/\/vocesparalelas.com.ar\/sitio\/wp-json\/wp\/v2\/categories?post=51569"},{"taxonomy":"post_tag","embeddable":true,"href":"https:\/\/vocesparalelas.com.ar\/sitio\/wp-json\/wp\/v2\/tags?post=51569"}],"curies":[{"name":"wp","href":"https:\/\/api.w.org\/{rel}","templated":true}]}}