{"id":51557,"date":"2022-08-10T20:28:44","date_gmt":"2022-08-10T23:28:44","guid":{"rendered":"https:\/\/vocesparalelas.com.ar\/sitio\/?p=51557"},"modified":"2022-08-13T00:09:44","modified_gmt":"2022-08-13T03:09:44","slug":"cursos-para-la-comunidad-judicial-de-san-juan","status":"publish","type":"post","link":"https:\/\/vocesparalelas.com.ar\/sitio\/cursos-para-la-comunidad-judicial-de-san-juan\/","title":{"rendered":"Cursos para la comunidad Judicial de San Juan"},"content":{"rendered":"<div class=\"itemFullText\">\n<p>La Secretar\u00eda de Estado de Ciencia, Tecnolog\u00eda e Innovaci\u00f3n del Gobierno de San Juan inicia un ciclo de formaci\u00f3n realizada por los profesionales del\u00a0Consejo Nacional de Investigaciones Cient\u00edficas y T\u00e9cnicas &#8211; CONICET.<\/p>\n<p>SECITI\u00a0apoya estas iniciativas de intercambio de conocimientos para aportar a la ciencia, tecnolog\u00eda e innovaci\u00f3n en los diversos \u00e1mbitos.<\/p>\n<p><span style=\"color: #99cc00;\"><strong>Cursos<\/strong><\/span><\/p>\n<ul>\n<li>Teor\u00edas y T\u00e9cnicas de Interpretaci\u00f3n Jur\u00eddica<\/li>\n<li>Justicia Restaurativa<\/li>\n<li>Sobre el Servicio Penitenciario<\/li>\n<\/ul>\n<p>En este \u00faltimo curso\u00a0SECITI trabaja en forma conjunta con la Secretaria de Estado de Seguridad y Orden P\u00fablico. El cursado es virtual y con cupos limitados.<\/p>\n<p>Los cursos sobre Teor\u00edas y T\u00e9cnicas de Interpretaci\u00f3n Jur\u00eddica y Capacitaci\u00f3n en Justicia Restaurativa est\u00e1n destinados a la comunidad judicial tanto a magistrados, operadores de justicia, abogador, incluso alumnos avanzados en la carrera de derecho tambi\u00e9n podr\u00e1n participar.<\/p>\n<p>La subsecretaria de Promoci\u00f3n de la Actividad Cient\u00edfica y Tecnol\u00f3gica, Ing. Sandra Noriega dio a conocer algunos detalles de los cursos. \u201cLos dos primeros cursos son de modo virtual con un cupo limitado de cien inscriptos. El primero de ellos arranca el 18 de Agosto hasta el 9 de Septiembre. El segundo curso tiene una duraci\u00f3n de un d\u00eda, es el 15 de Septiembre. En tanto el tercero sobre el servicio penitenciario se dividir\u00e1 en dos m\u00f3dulos, uno el 20 y 21 de Septiembre y el restante el 7 y 8 de Noviembre\u201d.<\/p>\n<p>La secretaria de Estado de la SECITI, Ing. Marita Benavente agreg\u00f3 que \u201chace tiempo ven\u00edamos con la idea de sumar un programa que Conicet ya viene dando que es Ciencia y Justicia. Lo conseguimos, ya logramos los acuerdos con Conicet, donde la provincia va colaborar con fondos para el dictado de tres cursos en este caso para los abogados. En este caso podr\u00e1n incrementar su capital humano con los mejores expertos nacionales e internacionales que Conicet dispone. Estamos sumando a investigadores y juristas pertenecientes a ese organismo para estos tres cursos a dictar. Los cursos a dictarse est\u00e1n avalados por CONICET,\u00a0sirviendo a la formaci\u00f3n de cada uno de los participantes. Seguramente habr\u00e1 mucha expectativa y una gran cantidad de inscriptos, por lo cual la SECITI continuar\u00e1 de manera permanente con Conicet con el dictado de cursos el a\u00f1o pr\u00f3ximo\u201d.<\/p>\n<p>\u00abEn cuanto a los temas de los cursos surgieron del Acuerdo San Juan, cuando salieron los temas, muchos de los profesionales de Derecho nos hablaban de estos temas, como tambi\u00e9n los de interpretaci\u00f3n jur\u00eddica. Vamos a ir abordando todas las tem\u00e1ticas son importantes para su profesi\u00f3n. El a\u00f1o que viene avanzamos con una agenda mucho m\u00e1s nutrida de cursos Conicet en el programa provincia-nacional Ciencia y Justicia\u201d &#8211; concluyo la Ing. Benavente.<\/p>\n<p><span style=\"color: #99cc00;\"><strong>M\u00e1s informaci\u00f3n<\/strong><\/span><\/p>\n<p><a href=\"https:\/\/forms.gle\/6SftqLKJuc6wMnHEA\">https:\/\/forms.gle\/6SftqLKJuc6wMnHEA<\/a><strong>\u00a0<\/strong><\/p>\n<p>y en las p\u00e1ginas de Facebook e Instagram de la SECITI.<\/p>\n<p>Publicado el Mi\u00e9rcoles, 10 de Agosto de 2022<\/p>\n<\/div>\n","protected":false},"excerpt":{"rendered":"<p>La Secretar\u00eda de Estado de Ciencia, Tecnolog\u00eda e Innovaci\u00f3n del Gobierno de San Juan inicia un ciclo de formaci\u00f3n realizada<\/p>\n","protected":false},"author":3,"featured_media":51559,"comment_status":"closed","ping_status":"closed","sticky":false,"template":"","format":"standard","meta":{"_acf_changed":false,"_seopress_robots_primary_cat":"none","_seopress_titles_title":"","_seopress_titles_desc":"","_seopress_robots_index":"","colormag_page_container_layout":"default_layout","colormag_page_sidebar_layout":"default_layout","footnotes":""},"categories":[9],"tags":[],"class_list":["post-51557","post","type-post","status-publish","format-standard","has-post-thumbnail","hentry","category-cursos"],"acf":[],"_links":{"self":[{"href":"https:\/\/vocesparalelas.com.ar\/sitio\/wp-json\/wp\/v2\/posts\/51557","targetHints":{"allow":["GET"]}}],"collection":[{"href":"https:\/\/vocesparalelas.com.ar\/sitio\/wp-json\/wp\/v2\/posts"}],"about":[{"href":"https:\/\/vocesparalelas.com.ar\/sitio\/wp-json\/wp\/v2\/types\/post"}],"author":[{"embeddable":true,"href":"https:\/\/vocesparalelas.com.ar\/sitio\/wp-json\/wp\/v2\/users\/3"}],"replies":[{"embeddable":true,"href":"https:\/\/vocesparalelas.com.ar\/sitio\/wp-json\/wp\/v2\/comments?post=51557"}],"version-history":[{"count":2,"href":"https:\/\/vocesparalelas.com.ar\/sitio\/wp-json\/wp\/v2\/posts\/51557\/revisions"}],"predecessor-version":[{"id":51561,"href":"https:\/\/vocesparalelas.com.ar\/sitio\/wp-json\/wp\/v2\/posts\/51557\/revisions\/51561"}],"wp:featuredmedia":[{"embeddable":true,"href":"https:\/\/vocesparalelas.com.ar\/sitio\/wp-json\/wp\/v2\/media\/51559"}],"wp:attachment":[{"href":"https:\/\/vocesparalelas.com.ar\/sitio\/wp-json\/wp\/v2\/media?parent=51557"}],"wp:term":[{"taxonomy":"category","embeddable":true,"href":"https:\/\/vocesparalelas.com.ar\/sitio\/wp-json\/wp\/v2\/categories?post=51557"},{"taxonomy":"post_tag","embeddable":true,"href":"https:\/\/vocesparalelas.com.ar\/sitio\/wp-json\/wp\/v2\/tags?post=51557"}],"curies":[{"name":"wp","href":"https:\/\/api.w.org\/{rel}","templated":true}]}}