{"id":51553,"date":"2022-08-10T21:15:24","date_gmt":"2022-08-11T00:15:24","guid":{"rendered":"https:\/\/vocesparalelas.com.ar\/sitio\/?p=51553"},"modified":"2022-08-13T00:10:44","modified_gmt":"2022-08-13T03:10:44","slug":"concurso-de-fotografia-anchipurac-2022-de-san-juan-y-sus-ganadores","status":"publish","type":"post","link":"https:\/\/vocesparalelas.com.ar\/sitio\/concurso-de-fotografia-anchipurac-2022-de-san-juan-y-sus-ganadores\/","title":{"rendered":"Concurso de fotograf\u00eda Anchipurac 2022 de San Juan y sus ganadores"},"content":{"rendered":"<div class=\"itemFullText\">\n<p>El secretario de Estado de Ambiente y Desarrollo Sustentable del Gobierno de San Juan, Francisco Guevara, junto al equipo organizador del Concurso de Fotograf\u00eda Anchipurac 2022, entregaron art\u00edculos de uso fotogr\u00e1fico a los 3 ganadores, cada uno de ellos agradecieron distintos aspectos del Certamen.<\/p>\n<p><strong><span style=\"color: #339966;\">Las fotograf\u00edas seleccionadas pertenecen a <\/span><\/strong><\/p>\n<ul>\n<li>Edgardo Daniel Fern\u00e1ndez, de la Categor\u00eda Principiante<\/li>\n<li>Agust\u00edn Sarmiento, en la Categor\u00eda Amateur<\/li>\n<li>Adri\u00e1n Carrizo, en la Categor\u00eda Profesional<\/li>\n<\/ul>\n<p>Cada uno de los 3 participantes agradeci\u00f3 distintos aspectos del certamen. Adri\u00e1n Carrizo dijo que \u201cestoy muy agradecido a la Secretar\u00eda y a Anchipurac, fue muy buena la organizaci\u00f3n. Fue realmente un concurso que cumpli\u00f3. Se estipul\u00f3 un reglamento con horario y d\u00eda de cierre, cu\u00e1ndo se juntaba el jurado, cu\u00e1ndo se decid\u00eda los ganadores y la entrega de premios, y todo se cumpli\u00f3 en tiempo y forma. Los felicito, nos dan m\u00e1s ganas de participar de estos concursos\u201d.<\/p>\n<p>A su vez, Edgardo Fern\u00e1ndez destac\u00f3 que \u00abel taller sobre fotograf\u00eda que se brind\u00f3 desde Anchipurac en el marco del Concurso fue excelente y para los que estamos arrancando nos sirve much\u00edsimo. Y que esa capacitaci\u00f3n haya sido parte del concurso fue muy motivante y gratuito\u201d.<\/p>\n<p>Por su parte, Agust\u00edn Sarmiento afirm\u00f3 que \u201csoy un amante de la fotograf\u00eda amateur, por eso estoy agradecido de que hubo 3 categor\u00edas en el concurso que abarc\u00f3 a gente con diversos conocimientos sobre el tema\u201d.<\/p>\n<p>En el acto de entrega de premios, Francisco Guevara agradeci\u00f3 a los 3 ganadores y a todos los que participaron del concurso destacando la gran convocatoria, casi 80 personas, y el alto nivel de cada trabajo. Adem\u00e1s, dijo que \u201ces importa que nosotros podamos entregar un obsequio o recurso que los motive y les sirva para su trabajo, nos hace sentir muy bien. Y espero que esto les sirva para que contin\u00faen con sus trabajos fotogr\u00e1ficos\u201d.<\/p>\n<p>Adem\u00e1s, el funcionario sum\u00f3 elogios sobre el trabajo que debi\u00f3 llevar cada toma. En una imagen se muestra un incendio al que lleg\u00f3 Carrizo \u201csiguiendo el humo\u201d como \u00e9l describi\u00f3. En otra, que pertenece a Sarmiento, se mezcla naturaleza y deporte con un paisaje impactante de Ullum; y la tercera, que fue tomada por Fern\u00e1ndez, se observa unas mulas junto a cerros y agua, que fue sacada en Calingasta.<\/p>\n<p>Al final del acto, los 3 ganadores se llevaron sus premios. Para la categor\u00eda Principiante se entreg\u00f3 un tr\u00edpode de aluminio de una altura m\u00e1xima de 1,5 metros. Para la Amateur, una mochila para fotograf\u00eda y para la Profesionales, un disco r\u00edgido externo de 1 tb de almacenamiento.<\/p>\n<p>Los 3 trabajos elegidos junto a otros preseleccionados que se presentaron en el Concurso, ser\u00e1n expuestos en las pantallas de Anchipurac para que todos los visitantes los conozcan y a sus autores, ya que cada foto tendr\u00e1 el nombre de su autor.<\/p>\n<\/div>\n<div class=\"clr\"><\/div>\n<div class=\"itemContentFooter\"><span class=\"itemDateModified\">Publicado el Mi\u00e9rcoles, 10 de Agosto de 2022\u00a0<\/span><\/div>\n","protected":false},"excerpt":{"rendered":"<p>El secretario de Estado de Ambiente y Desarrollo Sustentable del Gobierno de San Juan, Francisco Guevara, junto al equipo organizador<\/p>\n","protected":false},"author":3,"featured_media":51555,"comment_status":"closed","ping_status":"closed","sticky":false,"template":"","format":"standard","meta":{"_acf_changed":false,"_seopress_robots_primary_cat":"none","_seopress_titles_title":"","_seopress_titles_desc":"","_seopress_robots_index":"","colormag_page_container_layout":"default_layout","colormag_page_sidebar_layout":"default_layout","footnotes":""},"categories":[8],"tags":[],"class_list":["post-51553","post","type-post","status-publish","format-standard","has-post-thumbnail","hentry","category-concursos"],"acf":[],"_links":{"self":[{"href":"https:\/\/vocesparalelas.com.ar\/sitio\/wp-json\/wp\/v2\/posts\/51553","targetHints":{"allow":["GET"]}}],"collection":[{"href":"https:\/\/vocesparalelas.com.ar\/sitio\/wp-json\/wp\/v2\/posts"}],"about":[{"href":"https:\/\/vocesparalelas.com.ar\/sitio\/wp-json\/wp\/v2\/types\/post"}],"author":[{"embeddable":true,"href":"https:\/\/vocesparalelas.com.ar\/sitio\/wp-json\/wp\/v2\/users\/3"}],"replies":[{"embeddable":true,"href":"https:\/\/vocesparalelas.com.ar\/sitio\/wp-json\/wp\/v2\/comments?post=51553"}],"version-history":[{"count":1,"href":"https:\/\/vocesparalelas.com.ar\/sitio\/wp-json\/wp\/v2\/posts\/51553\/revisions"}],"predecessor-version":[{"id":51556,"href":"https:\/\/vocesparalelas.com.ar\/sitio\/wp-json\/wp\/v2\/posts\/51553\/revisions\/51556"}],"wp:featuredmedia":[{"embeddable":true,"href":"https:\/\/vocesparalelas.com.ar\/sitio\/wp-json\/wp\/v2\/media\/51555"}],"wp:attachment":[{"href":"https:\/\/vocesparalelas.com.ar\/sitio\/wp-json\/wp\/v2\/media?parent=51553"}],"wp:term":[{"taxonomy":"category","embeddable":true,"href":"https:\/\/vocesparalelas.com.ar\/sitio\/wp-json\/wp\/v2\/categories?post=51553"},{"taxonomy":"post_tag","embeddable":true,"href":"https:\/\/vocesparalelas.com.ar\/sitio\/wp-json\/wp\/v2\/tags?post=51553"}],"curies":[{"name":"wp","href":"https:\/\/api.w.org\/{rel}","templated":true}]}}