{"id":51548,"date":"2022-08-10T22:43:36","date_gmt":"2022-08-11T01:43:36","guid":{"rendered":"https:\/\/vocesparalelas.com.ar\/sitio\/?p=51548"},"modified":"2022-08-11T01:02:24","modified_gmt":"2022-08-11T04:02:24","slug":"centro-de-reparacion-para-mineria-y-de-formacion-tecnica-en-san-juan","status":"publish","type":"post","link":"https:\/\/vocesparalelas.com.ar\/sitio\/centro-de-reparacion-para-mineria-y-de-formacion-tecnica-en-san-juan\/","title":{"rendered":"Centro de reparaci\u00f3n para miner\u00eda y de formaci\u00f3n t\u00e9cnica en San Juan"},"content":{"rendered":"<div class=\"itemFullText jbintrotext\">\n<p>La empresa Finning CAT Argentina puso en marcha un centro de reparaci\u00f3n de componentes para la miner\u00eda y un nuevo centro de formaci\u00f3n para operadores y t\u00e9cnicos en San Juan, en el marco de un encuentro del que particip\u00f3 el vicegobernador en ejercicio del Poder Ejecutivo, CPN Roberto Gattoni; los ministros de Miner\u00eda, Ing. Carlos Astudillo y de Producci\u00f3n y Desarrollo Econ\u00f3mico, Ing. Ariel Lucero, entre otros.<\/p>\n<\/div>\n<div class=\"itemFullText\">\n<p>A su arribo a la planta ubicada en Santa Luc\u00eda las autoridades encabezadas por el vicegobernador Gattoni, fueron recibidas por el vicepresidente de operaciones y country manager, Germ\u00e1n Wilson y la gerente de Soporte para Miner\u00eda en Argentina Valentina Moya y adem\u00e1s estuvieron presentes otros funcionarios; empleados de la empresa, proveedores, invitados especiales.<\/p>\n<p>En tal sentido, el objetivo de la apertura es el de apoyar el crecimiento y desarrollo de la industria minera en San Juan, para lo cual abri\u00f3 su Centro de Reparaci\u00f3n de Componentes para la miner\u00eda (CRC) y un nuevo Finning Instrucci\u00f3n T\u00e9cnica (FIT).<\/p>\n<p>Es oportuno consignar que esta iniciativa permitir\u00e1 generar mayores oportunidades de empleabilidad calificada para las localidades de la zona, con foco en la formaci\u00f3n de mujeres, en continuidad con la evoluci\u00f3n de una miner\u00eda sostenible.<\/p>\n<p>El CRC cuenta con una superficie de tres hect\u00e1reas de terreno y dos edificaciones de 1900 y 2600 metros cuadrados respectivamente y est\u00e1 estrat\u00e9gicamente localizado en el acceso que une el aeropuerto con la ciudad.<\/p>\n<p>Por otra parte, el centro de formaci\u00f3n para operadores y t\u00e9cnicos en Argentina FIT San Juan dispone de salas de clases, simuladores y talleres de entrenamiento, entre otras dependencias y ofrece capacitaci\u00f3n t\u00e9cnica para mujeres, con la finalidad de incorporarlas a la industria minera.<\/p>\n<p>Siguiendo, puso en valor el Centro de Reconstrucci\u00f3n de Componentes y Finning y Construcci\u00f3n T\u00e9cnica, que es el que es el primero en Argentina, con una inversi\u00f3n de 6 millones de d\u00f3lares desde el 2017, cuando lo adquirieron.<\/p>\n<p><iframe loading=\"lazy\" title=\"Finning Cat inaugur\u00f3 un centro de reparaci\u00f3n de componentes mineros y otro de formaci\u00f3n de t\u00e9cnicos\" width=\"800\" height=\"450\" src=\"https:\/\/www.youtube.com\/embed\/fSumt4ST5vA?feature=oembed\" frameborder=\"0\" allow=\"accelerometer; autoplay; clipboard-write; encrypted-media; gyroscope; picture-in-picture\" allowfullscreen><\/iframe><\/p>\n<p>El vicepresidente de operaciones y country manager, Germ\u00e1n Wilson destac\u00f3 que \u201choy es un hito muy importante, Finning es el coraz\u00f3n de lo que hacemos y la celebraci\u00f3n de hoy est\u00e1 enfocada en ello\u201d y al respecto rememor\u00f3 que la empresa canadiense tiene noventa a\u00f1os y tiene la visi\u00f3n de \u201cdar soportes a lo que vendemos\u201d, al mismo tiempo que puso de manifiesto y destac\u00f3 la sociedad con Caterpillar, el personal de la empresa y los treinta a\u00f1os que est\u00e1n radicados en la Argentina.<\/p>\n<p>Ofreci\u00f3 detalles del predio, la composici\u00f3n de la f\u00e1brica y dio su visi\u00f3n sobre la importancia de \u201ccaminar en conjunto con la provincia de San Juan, para pasar las etapas de evoluci\u00f3n de una miner\u00eda sustentable, con los m\u00e1s altos est\u00e1ndares de seguridad, con incorporaci\u00f3n de tecnolog\u00eda como camiones el\u00e9ctricos, uso inteligente de la data, ese es nuestro desaf\u00edo y el compromiso con nuestros clientes y la provincia de San Juan. Es transitar en conjunto estas etapas\u201d.<\/p>\n<p>Luego, Wilson habl\u00f3 sobre los beneficios de la capacitaci\u00f3n a nuevos operarios locales y la incorporaci\u00f3n de mujeres a la empresa. \u201cLa miner\u00eda del futuro necesita capacitaci\u00f3n para ser habilitada. La pr\u00e1ctica que recibir\u00e1n es indispensable para el presente y el futuro de la actividad en la Provincia\u201d.<\/p>\n<p>Para concluir, el gerente agradeci\u00f3 la presencia a los asistentes y se refiri\u00f3 al trabajo mancomunado entre gobierno y la actividad privada, como pr\u00e1ctica relevante en el rubro.<\/p>\n<p>El vicegobernador Gattoni al hacer uso de la palabra expres\u00f3 que \u201cSan Juan es una provincia que tiene estabilidad fiscal desde hace casi 20 a\u00f1os. Nos generan ciertas condiciones que son propicias para que la gente venga e invierta en la provincia, entre ellas la baja conflictividad social que genera mejores condiciones de productividad\u201d.<\/p>\n<p>Asimismo, el vicegobernador puntualiz\u00f3 los beneficios que obtienen las empresas que se radican en San Juan y rese\u00f1\u00f3 que uno de ellos es la pol\u00edtica tributaria local, que desde hace 20 a\u00f1os no aumenta los impuestos y en algunos casos los ha disminuido y seguridad jur\u00eddica, dado que San Juan cumple con los acuerdos legales con cada uno de los inversores.<\/p>\n<p>Aludi\u00f3 al respecto que \u201centendemos que el privado y la inversi\u00f3n privada generan empleos genuinos. Tenemos un fuerte compromiso, por eso en San Juan existen las pol\u00edticas de cr\u00e9dito de inversi\u00f3n con tasas subsidiadas, hay una permanente intenci\u00f3n de bajar la presi\u00f3n tributaria, de encontrar los consensos, de invitar al dialogo para que este sea un lugar propicio para generar mejores condiciones\u201d, manifest\u00f3.<\/p>\n<p>Finalmente, Gattoni destac\u00f3 el Centro de Reparaci\u00f3n de Componentes, ya que \u00absignifica la incorporaci\u00f3n de mano de obra local capacitada por lo que se incorporan salarios de calidad, genera valor a la cadena productiva de miner\u00eda y sustituye importaciones, que ahorran d\u00f3lares e incorporan materiales nacionales contribuyendo a la necesidad que tiene Argentina de contar con un super\u00e1vit comercial y con d\u00f3lares suficientes para hacer sustentable nuestro pa\u00eds\u00bb.<\/p>\n<div class=\"itemFullText\">\n<p><span style=\"color: #339966;\"><strong>M\u00e1s sobre los nuevos centros de Finning<\/strong><\/span><\/p>\n<p>La miner\u00eda significa para San Juan casi el 50 por ciento del Producto Bruto Geogr\u00e1fico y m\u00e1s del 70 de nuestras exportaciones, mientras que la provincia representa el 45 por ciento de la explotaci\u00f3n minera del pa\u00eds.<\/p>\n<p>En esta l\u00ednea, cabe agregar que el CRC cuenta con 2 naves donde funcionan un taller de servicios de reparaci\u00f3n de componentes mayores (mandos finales, diferenciales, masas, suspensiones); una bodega de repuestos, pa\u00f1ol, zona de overhaul y armado de equipos mineros y un sector para la fabricaci\u00f3n de mazos de cable que apuntan al el desarrollo de insumos y proveedores locales y en el resto del pa\u00eds. A futuro, y con el despliegue de la cartera de proyectos mineros en el territorio, la empresa proyecta ampliar sus servicios y capacidades para acompa\u00f1ar los desaf\u00edos del mercado minero.<\/p>\n<p>Con respecto al FIT, tendr\u00e1 capacidad para desarrollar las habilidades y conocimientos que demanda la miner\u00eda actual, donde priman operaciones con equipos el\u00e9ctricos y tecnolog\u00eda en autonom\u00eda, entre otras capacidades que demanda esta industria en sinergia con un desarrollo m\u00e1s sustentable.<\/p>\n<\/div>\n<div class=\"clr\"><\/div>\n<div class=\"itemContentFooter\"><span class=\"itemDateModified\">Publicado el Mi\u00e9rcoles, 10 de Agosto de 2022<\/span><\/div>\n<\/div>\n","protected":false},"excerpt":{"rendered":"<p>La empresa Finning CAT Argentina puso en marcha un centro de reparaci\u00f3n de componentes para la miner\u00eda y un nuevo<\/p>\n","protected":false},"author":3,"featured_media":51550,"comment_status":"closed","ping_status":"closed","sticky":false,"template":"","format":"video","meta":{"_acf_changed":false,"_seopress_robots_primary_cat":"none","_seopress_titles_title":"","_seopress_titles_desc":"","_seopress_robots_index":"","colormag_page_container_layout":"default_layout","colormag_page_sidebar_layout":"default_layout","footnotes":""},"categories":[1,7],"tags":[],"class_list":["post-51548","post","type-post","status-publish","format-video","has-post-thumbnail","hentry","category-destacadas","category-videos","post_format-post-format-video"],"acf":[],"_links":{"self":[{"href":"https:\/\/vocesparalelas.com.ar\/sitio\/wp-json\/wp\/v2\/posts\/51548","targetHints":{"allow":["GET"]}}],"collection":[{"href":"https:\/\/vocesparalelas.com.ar\/sitio\/wp-json\/wp\/v2\/posts"}],"about":[{"href":"https:\/\/vocesparalelas.com.ar\/sitio\/wp-json\/wp\/v2\/types\/post"}],"author":[{"embeddable":true,"href":"https:\/\/vocesparalelas.com.ar\/sitio\/wp-json\/wp\/v2\/users\/3"}],"replies":[{"embeddable":true,"href":"https:\/\/vocesparalelas.com.ar\/sitio\/wp-json\/wp\/v2\/comments?post=51548"}],"version-history":[{"count":1,"href":"https:\/\/vocesparalelas.com.ar\/sitio\/wp-json\/wp\/v2\/posts\/51548\/revisions"}],"predecessor-version":[{"id":51551,"href":"https:\/\/vocesparalelas.com.ar\/sitio\/wp-json\/wp\/v2\/posts\/51548\/revisions\/51551"}],"wp:featuredmedia":[{"embeddable":true,"href":"https:\/\/vocesparalelas.com.ar\/sitio\/wp-json\/wp\/v2\/media\/51550"}],"wp:attachment":[{"href":"https:\/\/vocesparalelas.com.ar\/sitio\/wp-json\/wp\/v2\/media?parent=51548"}],"wp:term":[{"taxonomy":"category","embeddable":true,"href":"https:\/\/vocesparalelas.com.ar\/sitio\/wp-json\/wp\/v2\/categories?post=51548"},{"taxonomy":"post_tag","embeddable":true,"href":"https:\/\/vocesparalelas.com.ar\/sitio\/wp-json\/wp\/v2\/tags?post=51548"}],"curies":[{"name":"wp","href":"https:\/\/api.w.org\/{rel}","templated":true}]}}