{"id":51545,"date":"2022-08-11T00:07:57","date_gmt":"2022-08-11T03:07:57","guid":{"rendered":"https:\/\/vocesparalelas.com.ar\/sitio\/?p=51545"},"modified":"2022-08-11T00:34:33","modified_gmt":"2022-08-11T03:34:33","slug":"se-desarrolla-la-novena-sesion-de-la-camara-de-diputados-de-san-juan","status":"publish","type":"post","link":"https:\/\/vocesparalelas.com.ar\/sitio\/se-desarrolla-la-novena-sesion-de-la-camara-de-diputados-de-san-juan\/","title":{"rendered":"Se desarrolla la Novena Sesi\u00f3n de la C\u00e1mara de Diputados de San Juan"},"content":{"rendered":"<div class=\"itemFullText jbintrotext\">\n<p>Tras ocho meses y medio de un trabajo intenso de estudio y an\u00e1lisis en las comisiones de Legislaci\u00f3n y Asuntos Constitucionales y Justicia y Seguridad, la C\u00e1mara de Diputados tratar\u00e1, en la Novena Sesi\u00f3n, el proyecto de Ley remitido por el Poder Judicial que propone modificar el C\u00f3digo Procesal Civil, Comercial y Miner\u00eda de la provincial, el cual hab\u00eda tomado estado parlamentario el pasado 25 de noviembre de 2021 en la Decimoquinta Sesi\u00f3n Ordinaria.<\/p>\n<\/div>\n<div class=\"itemFullText\">\n<p>Por otra parte, el cuerpo parlamentario pondr\u00e1 a consideraci\u00f3n cinco proyectos de Ley que proponen ratificar un convenio firmado con el Instituto Nacional de Asociativismo y Econom\u00eda Social; aprobar un Acta Acuerdo de Intenci\u00f3n entre el Ministerio de Desarrollo Productivo y la provincia y un convenio de pr\u00e9stamo con el Fondo Nacional de Desarrollo Productivo (FONDEP). Tambi\u00e9n deliberar\u00e1n sobre ratificar un tercer acuerdo marco de adhesi\u00f3n al Sistema de Identificaci\u00f3n Nacional Tributario y Social (SINTYS) firmado entre el gobierno de la provincia de San Juan y el gobierno Nacional y aprobar el acuerdo de Implementaci\u00f3n y puesta en funcionamiento de la Unidad de Coordinaci\u00f3n provincial del SINTYS.<\/p>\n<p>Asimismo, abordar\u00e1 dos convenios con la Direcci\u00f3n Provincial de Vialidad para la ejecuci\u00f3n de obras de pavimentaci\u00f3n: uno firmado con las Municipalidades de Rawson y Santa Lucia y, otro, con la Municipalidad de la Capital.<\/p>\n<p>Adem\u00e1s, los diputados y diputadas debatir\u00e1n dos proyectos de Ley que modifican, por un lado, la Ley de Ministerios y Secretar\u00edas de Estado (Ley N\u00ba1101-A) y la Ley que crea y regula el Departamento de Aeron\u00e1utica (Ley 162-A).<\/p>\n<p>Y, por \u00faltimo, tratar\u00e1n un proyecto de Ley por el cual se impone el nombre a una escuela de Nivel Inicial en Capital.<\/p>\n<p><span style=\"color: #800080;\"><strong>C\u00f3digo Procesal Civil<\/strong><\/span><\/p>\n<p>Con despacho positivo de las respectivas comisiones, la Legislatura pondr\u00e1 a consideraci\u00f3n el proyecto de Ley remitido por la Corte de Justicia, por el cual se modifica el C\u00f3digo Procesal Civil, con el objeto de readecuar las normas de procedimiento al Nuevo C\u00f3digo Civil y Comercial de la Naci\u00f3n y, por otra parte, lograr con los institutos procesales y las competencias funcionales, una modernizaci\u00f3n y adaptaci\u00f3n a las nuevas modalidades de gesti\u00f3n y organizaci\u00f3n, implementadas en el Poder Judicial.<\/p>\n<p>En tal sentido, se incorpora el Proceso Colectivo, la Acci\u00f3n de Tutela Preventiva de Da\u00f1o y se actualizan las disposiciones sobre Domicilio, Proceso Arbitral y Proceso Sucesorio, entre otros. En funci\u00f3n de las reformas a nivel de organizaci\u00f3n y gesti\u00f3n emprendidas por la Corte de Justicia, se ha modificado y adaptado lo referido a estructura y funciones de los organismos judiciales y lo relativo a las reglas de competencia. Tambi\u00e9n se incorporan normas que permiten la implementaci\u00f3n de tecnolog\u00eda digital para dejar de utilizar el papel y efectivizar el acceso remoto de los operadores jur\u00eddicos a todas las constancias del proceso. Asimismo, acent\u00faa el prop\u00f3sito de otorgar celeridad al tr\u00e1mite de las causas, ampl\u00eda los supuestos da notificaciones electr\u00f3nicas y faculta a la Corte de Justicia a incorporar la notificaci\u00f3n por c\u00e9dula mediante este mecanismo. Adem\u00e1s, regula la subasta electr\u00f3nica como un medio \u00e1gil, transparente y seguro de proceder a la venta forzada de bienes, en la etapa de ejecuci\u00f3n de sentencia.<\/p>\n<p>En orden a enfatizar el objetivo de facilitar el acceso a la Justicia de las personas vulnerables, simplifica el Proceso de Beneficio de Litigar sin Gastos, aten\u00faa los requisitos de interposici\u00f3n de la acci\u00f3n y otorgando al Juez o Jueza un rol m\u00e1s activo en la gesti\u00f3n de la prueba.<\/p>\n<p>Por otro lado, y a fin de resguardar el inter\u00e9s estatal, adecua el proceso de Adquisici\u00f3n de Dominio por Usucapi\u00f3n, para lo cual dispone que el mismo tr\u00e1mite por las reglas del Proceso Ordinario, incorpora la comunicaci\u00f3n previa al Fiscal de Estado, para que ejerza la oportuna y eficaz defensa de los derechos de la Provincia. Resulta trascendente destacar la incorporaci\u00f3n de la suspensi\u00f3n de los plazos procesales, que pueden peticionar los abogados litigantes, en los supuestos de parto, adopci\u00f3n, embarazo, internaci\u00f3n por motivos de salud de los hijos, entre otras causales, resguardando as\u00ed sus derechos humanos fundamentales.<\/p>\n<p><span style=\"color: #800080;\"><strong>Convenio con el Instituto Nacional de Asociativismo y Econom\u00eda Social<\/strong><\/span><\/p>\n<p>Luego, el cuerpo Legislativo, pondr\u00e1 a consideraci\u00f3n un proyecto de Ley presentado por el Poder Ejecutivo, mediante Mensaje N\u00ba 33, el cual propone aprobar un convenio marco de colaboraci\u00f3n celebrado entre el Instituto Nacional de Asociativismo y Econom\u00eda Social INAES y el Ministerio de Desarrollo Humano y Promoci\u00f3n Social de San Juan.<\/p>\n<p>El referido acuerdo tiene por objeto promover la equidad de g\u00e9nero en el \u00e1mbito de la Econom\u00eda Social, Solidaria, Popular y Transfeminista; fundamentando el reconocimiento de proyectos que incorporen en sus acciones e iniciativas una perspectiva transversal de g\u00e9nero y diversidad, proponiendo la transversalizaci\u00f3n de la perspectiva de g\u00e9nero como principio rector de las pol\u00edticas p\u00fablicas hacia la igualdad de g\u00e9neros en continuidad de esa l\u00ednea y con el objetivo de promover la equidad en las entidades de la econ\u00f3mica social y solidaria, se cre\u00f3 el Fondo para la Igualdad de G\u00e9neros INAES (FIGI).<\/p>\n<p><span style=\"color: #800080;\"><strong>Pr\u00e9stamo de FONDEP a la provincia<\/strong><\/span><\/p>\n<p>Despu\u00e9s, la C\u00e1mara de Diputados tratar\u00e1 un proyecto de Ley del Poder Ejecutivo, Mensaje N\u00ba 37, que propone ratificar el \u00abActa Acuerdo de Intenci\u00f3n\u00bb, suscripta el 3 de noviembre de 2021, entre el Ministerio de Desarrollo Productivo y la provincia; y tambi\u00e9n, aprobar el \u00abModelo de convenio de pr\u00e9stamo a suscribir entre el Fondo Nacional de Desarrollo Productivo (FONDEP) y San Juan por la suma de Cuatroscientos Noventa y Seis millones de pesos ($496.000.000,00), sin intereses; facult\u00e1ndose al Ministerio de Hacienda y Finanzas para actuar en los tr\u00e1mites de negociaci\u00f3n, modificaci\u00f3n, celebraci\u00f3n y suscripci\u00f3n de los contratos y documentaci\u00f3n que resulten necesarios para la implementaci\u00f3n e instrumentaci\u00f3n del endeudamiento mencionado.<\/p>\n<p>Cabe se\u00f1alar que, el gobierno nacional con el esp\u00edritu de seguir acompa\u00f1ando el desarrollo del sector MIPyMES, con medidas concretas y directas a trav\u00e9s del FONDEP, consigui\u00f3 una serie de asistencias financieras a las Provincias, destinadas a incrementar los Fondos de Garant\u00eda de car\u00e1cter P\u00fablico Provincial, para dar oportunidad a las MIPyMES locales de un mayor acceso al cr\u00e9dito.<\/p>\n<p>Cabe se\u00f1alar que la pretendida Asistencia Financiera se hace en el marco de autorizaci\u00f3n acordada por el art\u00edculo 16\u00ba de la Ley de Presupuesto A\u00f1o 2022 N\u00b0 2342-1, que faculta al Poder Ejecutivo Provincial, a tramitar aportes provenientes del Tesoro Nacional y\/o contraer obligaciones con el Gobierno de la Naci\u00f3n y\/o acudir a fuentes alternativas de fondos, y\/u otorgar avales y\/o garant\u00edas, con las limitaciones dispuestas por los Programas de Asistencia financiera, u otro que los sustituyan o reemplacen, aprobados por leyes provinciales, conforme a las condiciones del mercado, con personas f\u00edsicas o jur\u00eddicas que operen legalmente en la Rep\u00fablica Argentina o en el exterior, cuyo objeto social sea posible de concretar, pudiendo garantizar las operaciones con los fondos provenientes del R\u00e9gimen de Coparticipaci\u00f3n Federal de Impuestos (Ley Nacional N\u00b0 23548) o cualquier otro r\u00e9gimen que lo modifique o sustituya, o ceder en pago los fondos antes indicados, cuando el monto del financiamiento no supere el veinte por ciento (20%) del Presupuesto Total de Gastos.<\/p>\n<p><span style=\"color: #800080;\"><strong>Ejecuci\u00f3n de obra de pavimentaci\u00f3n en Rawson y Santa Luc\u00eda<\/strong><\/span><\/p>\n<p>Asimismo, los legisladores y legisladoras deber\u00e1n considerar un proyecto de Ley remitido por el Poder Ejecutivo mediante Mensaje N\u00ba 38, que propone aprobar un convenio entre la Direcci\u00f3n Provincial de Vialidad y las Municipalidades de Rawson y Santa Lucia firmado el 12 de mayo de 2022.<\/p>\n<p>El acuerdo busca concretar la ejecuci\u00f3n de la: \u00abObra B\u00e1sica y Pavimentaci\u00f3n calle G\u00fcemes-Tramo: Ruta Provincial N\u00b0 108 (Calle Gorriti) a calle Belgrano, departamentos Rawson-Santa Lucia\u00bb. \u00a0La construcci\u00f3n insumir\u00e1 un costo total de Treinta y Siete millones Ciento Veinticinco mil pesos ($37.125.000,00).<\/p>\n<p>El objeto consiste en mejorar la Red Vial Urbana Municipal, la cual se encuentra sometida a un importante desgaste por el incremento de la ocupaci\u00f3n residencial y asegurar as\u00ed adecuadas condiciones de transitabilidad a los servicios de transporte p\u00fablico de pasajeros y a los usuarios en general, facilitando la circulaci\u00f3n hasta los lugares de trabajo, centros de salud y educaci\u00f3n, como as\u00ed tambi\u00e9n a las \u00e1reas comerciales (Supermercado Mayorista &#8211; Casa central), productivas y de esparcimiento p\u00fablico; mejorando de tal forma la calidad de vida de la poblaci\u00f3n de cada departamento de San Juan.<\/p>\n<p><span style=\"color: #800080;\"><strong>Adhesi\u00f3n al Sistema de Identificaci\u00f3n Nacional Tributario y Social<\/strong><\/span><\/p>\n<p>Por otra parte, la Legislatura abordar\u00e1 un proyecto de Ley del Poder Ejecutivo, mediante Mensaje N\u00ba 40, que propone ratificar, por un lado, el acuerdo marco de adhesi\u00f3n al Sistema de Identificaci\u00f3n Nacional Tributario y Social (SINTYS) firmado entre el gobierno de la provincia de San Juan y el gobierno Nacional y por el otro lado, propone aprobar el acuerdo de Implementaci\u00f3n y puesta en funcionamiento de la Unidad de Coordinaci\u00f3n provincial del SINTYS, suscripto entre el Consejo Nacional de Coordinaci\u00f3n de Pol\u00edticas Sociales de la Presidencia de la Naci\u00f3n, y la provincia de San Juan.<\/p>\n<p>El acuerdo de adhesi\u00f3n tiene por objeto establecer los mecanismos necesarios para realizar el intercambio y cruzamiento de informaci\u00f3n entre sus propios organismos, con los organismos de car\u00e1cter nacional y las dem\u00e1s provincias adheridas al SINTYS y viceversa; as\u00ed como establecer la obligatoriedad de la registraci\u00f3n del CUIT\/CUIL\/CDI o de la clave\/b nominaci\u00f3n que a criterio de SINTYS sea necesaria para sustituir a los mismos. Asimismo, el acuerdo marco habilita la celebraci\u00f3n de acuerdos instrumentales, y actas complementarias destinados a agilizar e instrumentar el intercambio y cruzamiento de informaci\u00f3n entre los adherentes al SINTYS, y especificar las caracter\u00edsticas de la asistencia t\u00e9cnica a implementar en cada proyecto.<\/p>\n<p>En cuanto al convenio de implementaci\u00f3n y puesta en funcionamiento de la Unidad de la Coordinaci\u00f3n provincial del SINTYS, las partes acuerdan establecer la creaci\u00f3n en el \u00e1mbito de la Administraci\u00f3n P\u00fablica Provincial de la Unidad de Coordinaci\u00f3n Provincial.<\/p>\n<p><span style=\"color: #800080;\"><strong>Repavimentaci\u00f3n de las principales Avenidas de San Juan<\/strong><\/span><\/p>\n<p>M\u00e1s tarde, el cuerpo parlamentario pondr\u00e1 a consideraci\u00f3n un proyecto de Ley remitido por el Poder Ejecutivo, mediante Mensaje N\u00ba 41, el cual propone aprobar un convenio entre la Direcci\u00f3n Provincial de Vialidad y las Municipalidad de Capital firmado el 11 de abril de 2022, para la ejecuci\u00f3n de la obra \u00abRepavimentaci\u00f3n de Avenida Libertador General San Mart\u00edn, Avenida C\u00f3rdoba y Avenida Jos\u00e9 Ignacio de la Roza\u201d. El costo que requiere la mencionada obra es de quinientos sesenta y un millones trescientos sesenta y ocho mil ochenta y uno con 59\/100 pesos ($561.368.081,59).<\/p>\n<p>El objeto de las obras consiste en mejorar las condiciones de transitabilidad a los servicios de transporte p\u00fablico de pasajeros y a los usuarios en general, facilitando la circulaci\u00f3n hasta los lugares de trabajo, centros de salud y educaci\u00f3n, como as\u00ed tambi\u00e9n a las \u00e1reas comerciales, productivas y de esparcimiento p\u00fablico.<\/p>\n<p><span style=\"color: #800080;\"><strong>Modificaci\u00f3n de la Ley de Ministerios y Secretar\u00edas de Estado (Ley 1101-A)<\/strong><\/span><\/p>\n<p>Tambi\u00e9n, la Legislatura abordar\u00e1 un proyecto de Ley presentado por el Poder Ejecutivo, mediante mensaje N\u00ba 42, que propone modificar los art\u00edculos 2\u00ba, 23\u00ba y 30\u00ba de la Ley 1101-A, los cuales quedar\u00e1n redactado de la siguiente manera:<\/p>\n<p><strong>\u201cART\u00cdCULO 2\u00b0-<\/strong>\u00a0Los Ministerios integran bajo su direcci\u00f3n, las siguientes Secretar\u00edas:<\/p>\n<p><span style=\"color: #800080;\"><strong>MINISTERIO DE GOBIERNO<\/strong><\/span><\/p>\n<ul>\n<li>Secretar\u00eda de Gobierno, Justicia y Derechos Humanos.<\/li>\n<li>Secretar\u00eda de Relaciones Institucionales.<\/li>\n<li>Secretar\u00eda de Tr\u00e1nsito y Transporte.<\/li>\n<\/ul>\n<p><span style=\"color: #800080;\"><strong>MINISTERIO DE DESARRROLLO HUMANO Y PROMOCI\u00d3N SOCIAL<\/strong><\/span><\/p>\n<ul>\n<li>\u00a0Secretar\u00eda de Promoci\u00f3n Social<\/li>\n<\/ul>\n<p><span style=\"color: #800080;\"><strong>\u00a0MINISTERIO DE EDUCACI\u00d3N<\/strong><\/span><\/p>\n<ul>\n<li>Secretar\u00eda de Educaci\u00f3n<\/li>\n<li>\u00a0Secretar\u00eda de Coordinaci\u00f3n Administrativa Financiera<\/li>\n<\/ul>\n<p><span style=\"color: #800080;\"><strong>MINISTERIO DE HACIENDA Y FINANZAS<\/strong><\/span><\/p>\n<ul>\n<li>Secretar\u00eda de Hacienda y Finanzas.<\/li>\n<li>Secretar\u00eda de la Gesti\u00f3n P\u00fablica.<\/li>\n<\/ul>\n<p><span style=\"color: #800080;\"><strong>MINISTERIO DE OBRAS Y SERVICIOS P\u00daBLICOS<\/strong><\/span><\/p>\n<ul>\n<li>\u00a0Secretar\u00eda de Obras y Servicios P\u00fablicos Secretar\u00eda de Vivienda y H\u00e1bitat<\/li>\n<li>Secretar\u00eda de Agua y Energ\u00eda.<\/li>\n<li>Secretar\u00eda de la Coordinaci\u00f3n de la Obra P\u00fablica.<\/li>\n<\/ul>\n<p><span style=\"color: #800080;\"><strong>MINISTERIO DE MINER\u00cdA<\/strong><\/span><\/p>\n<ul>\n<li>Secretar\u00eda T\u00e9cnica<\/li>\n<li>Secretar\u00eda de Gesti\u00f3n Ambiental y Control Minero<\/li>\n<li>Secretar\u00eda de Desarrollo Minero Sustentable<\/li>\n<\/ul>\n<p><span style=\"color: #800080;\"><strong>MINISTERIO DE PRODUCCI\u00d3N Y DESARROLLO ECON\u00d3MICO<\/strong><\/span><\/p>\n<ul>\n<li>\u00a0Secretar\u00eda de Agricultura, Ganader\u00eda y Agroindustria<\/li>\n<li>\u00a0Secretar\u00eda de Industria, Comercio y Servicios<\/li>\n<li>Secretar\u00eda de Pol\u00edtica Econ\u00f3mica<\/li>\n<\/ul>\n<p><span style=\"color: #800080;\"><strong>MINISTERIO DE SALUD P\u00daBLICA<\/strong><\/span><\/p>\n<ul>\n<li>Secretar\u00eda T\u00e9cnica<\/li>\n<li>Secretar\u00eda de Coordinaci\u00f3n Administrativa Financiera<\/li>\n<li>Secretar\u00eda de Planeamiento y Control de Gesti\u00f3n Sanitaria<\/li>\n<li>Secretar\u00eda de Gesti\u00f3n Integral de Riesgos y Emergencias<\/li>\n<\/ul>\n<p><span style=\"color: #800080;\"><strong>MINISTERIO DE TURISMO Y CULTURA<\/strong><\/span><\/p>\n<ul>\n<li>Secretar\u00eda de Turismo<\/li>\n<li>Secretar\u00eda de Cultura<\/li>\n<\/ul>\n<p><strong>\u201cARTICULO 23\u00b0.<\/strong>&#8211; Compete a este Ministerio los asuntos inherentes a la salud en todo el territorio de la Provincia. En especial, es de su competencia:<\/p>\n<ol>\n<li>Lo atinente a la planificaci\u00f3n, coordinaci\u00f3n y ejecuci\u00f3n de las pol\u00edticas de salud en el territorio de la Provincia, y la integraci\u00f3n arm\u00f3nica de estas pol\u00edticas con los planes y programas de la Naci\u00f3n, atendiendo a los principios de prevenci\u00f3n y recuperaci\u00f3n de la salud p\u00fablica.<\/li>\n<li>\u00a0El contralor de la calidad de las atenciones m\u00e9dicas y hospitalarias brindadas por los entes p\u00fablicos y privados en todo el territorio de la Provincia, ejerciendo el poder de la polic\u00eda &#8216;sanitaria en los establecimientos.<\/li>\n<li>Intervenir en las pol\u00edticas de control y regulaci\u00f3n de equipos, instrumentos y productos vinculados con la salud, y los que pudieran afectarla en forma directa o indirecta.<\/li>\n<li>El diagn\u00f3stico, planificaci\u00f3n y ejecuci\u00f3n de las pol\u00edticas preventivas y en la promoci\u00f3n de una cultura preventiva en la comunidad.<\/li>\n<li>La administraci\u00f3n de la protecci\u00f3n social de la salud de los agentes del Estado Provincial y Sociedades del Estado.<\/li>\n<li>La Gesti\u00f3n Integral de Riesgos, Emergencias y Desastres en todo el territorio de la Provincia de San Juan, mediante la prevenci\u00f3n, asistencia, mitigaci\u00f3n, rehabilitaci\u00f3n y reconstrucci\u00f3n, estableciendo mecanismos adecuados de informaci\u00f3n, monitoreo, evaluaci\u00f3n y seguimientos de dichos procesos\u201d<\/li>\n<\/ol>\n<p>\u201cART\u00cdCULO 30.- Se faculta al Gobernador para transferir, modificar y suprimir servicios, como asimismo, el funcionamiento de Secretar\u00edas, Subsecretar\u00edas, Direcciones y dem\u00e1s organismos centralizados y los descentralizados dependientes de los Ministerios y Secretar\u00edas de Estado del Poder Ejecutivo. La facultad delegada es a efectos de lograr la mayor eficiencia en el funcionamiento del referido poder\u201d.<\/p>\n<p><span style=\"color: #800080;\"><strong>Imposici\u00f3n de nombre a una escuela de Nivel Inicial de Capital<\/strong><\/span><\/p>\n<p>Seguidamente, el Poder Legislativo tratar\u00e1 un proyecto de Ley presentado por la diputada Fernanda Paredes que propone imponer el nombre Escuela de Nivel Inicial \u00abLos Colibr\u00edes\u00bb a la Escuela de Nivel Inicial N\u00b0 53, ubicada en calle San Lorenzo Este 281, entre calles Mendoza y Tucum\u00e1n, en el distrito Concepci\u00f3n, Capital.<\/p>\n<p><span style=\"color: #800080;\"><strong>Modificaci\u00f3n de la Ley que regula el Departamento de Aeron\u00e1utica<\/strong><\/span><\/p>\n<p>A continuaci\u00f3n, la Legislatura abordar\u00e1 sobre tablas, un proyecto de Ley remitido por el Poder Ejecutivo, mediante mensaje N\u00ba 40, el cual propone modificar la Ley N\u00ba 162-A sobre la creaci\u00f3n y regulaci\u00f3n del Departamento Aeron\u00e1utica Provincial.<\/p>\n<p>El proyecto propone sustituir el art\u00edculo 22 el que queda redactado de la siguiente forma:<\/p>\n<p>\u201cART\u00cdCULO 22.- El ingreso a la Direcci\u00f3n Provincial de Aeron\u00e1utica del Personal de Pilotos, est\u00e1 sujeto a las siguientes condiciones:<\/p>\n<p>1) Poseer licencia de Piloto Comercial o Piloto Comercial de 1\u00b0 clase.<\/p>\n<p>2) Demostrar capacidad t\u00e9cnica ante una Comisi\u00f3n designada a tal efecto.<\/p>\n<p>3) Acreditar antecedentes aeron\u00e1uticos que, a criterio de la autoridad, sean satisfactorios.<\/p>\n<p>4) Ser argentino, no tener menos de veinticinco (25) anos y no m\u00e1s de cincuenta y cinco (55).<\/p>\n<p>Adem\u00e1s, propone sustituir en los art\u00edculos 1\u00b0, 2\u00b0, 3\u00b0, 4\u00b0, 5\u00b0, 6\u00b0, 7\u00b0, 8\u00b0, 9\u00b0, 10, 11, 14, 22, 27, 28, 29 de la normativa antes mencionada, la frase \u00abDepartamento Provincial de Aeron\u00e1utica\u00bb, por \u00abDirecci\u00f3n Provincial de Aeron\u00e1utica\u00bb. Se debe adecuar la contracci\u00f3n y el articulo que le antecede a cada sustituci\u00f3n.<\/p>\n<p><span style=\"color: #800080;\"><strong>Proyectos de Resoluci\u00f3n<\/strong><\/span><\/p>\n<p>Luego, el cuerpo Legislativo pondr\u00e1 a consideraci\u00f3n los siguientes proyectos de Resoluci\u00f3n que proponen declarar de inter\u00e9s:<\/p>\n<ul>\n<li>Deportivo y Social, la \u00ab5\u00b0 Copa Argentina de Master V\u00f3ley\u00bb, organizada por la Federaci\u00f3n Sanjuanina de V\u00f3leibol (FSV) conjuntamente con el equipo de Master V\u00f3ley de la Universidad Nacional de San Juan (UNSJ), con el auspicio de la Federaci\u00f3n del V\u00f3leibol Argentino (FEVA) y la Direcci\u00f3n General de Deporte dependiente de la Secretaria de Bienestar Universitario ( SECBIEN) de la Universidad Nacional de San Juan , a realizarse desde el d\u00eda 12 al 14 de Agosto del a\u00f1o 2022 en la Provincia de San Juan. (Diputado Gustavo Us\u00edn)<\/li>\n<li>Social y Cultural, el Festival Nacional de Coros SAN JUAN CANTA 2022, organizado por el Coro Arturo Beruti y el Ministerio de Turismo y Cultura de la Provincia de San Juan, que se llevar\u00e1 a cabo los d\u00edas 11 al 15 de agosto de 2022. (Diputada Fernanda Paredes)<\/li>\n<li>Educativo, Social y Cultural, el programa \u00abCosechando buenos h\u00e1bitos\u00bb, organizado en el marco de la campa\u00f1a \u00abAlimentando Voluntades\u00bb del Programa Nutrici\u00f3n en Vivo, en conjunto con la Fundaci\u00f3n Modo de Vida y el Ministerio de Educaci\u00f3n de la Provincia, a desarrollarse durante los meses de septiembre y octubre del corriente a\u00f1o. (Diputado Juan Carlos Abarca)<\/li>\n<li>Social y Cultural, la 20\u00ba Cabalgata a la Difunta Teresa a realizarse el d\u00eda 13 al 15 el mes de agosto del 2022. Organizado por la Agrupaci\u00f3n Gaucha Difunta Teresa. (Diputado Marcelo Mallea)<\/li>\n<li>Social, Educativo y Cient\u00edfico, la \u201cIII Reuni\u00f3n Plenaria Anual de la Abogac\u00eda Joven F.A.C.A.\u201d que se llevar\u00e1n a cabo el d\u00eda 13 de agosto de 2022, en el Sal\u00f3n Sarmiento del foro de Abogados de San Juan. (Diputada Celina Ramella)<\/li>\n<li>Social, Educativo y Cient\u00edfico la \u00abJornada de Derecho Ambiental\u00bb, que se llevar\u00e1n a cabo el d\u00eda 26 de agosto de 2022, en el Centro de Convenciones Guillermo Barrena Guzm\u00e1n. (Diputada Celina Ramella)<\/li>\n<\/ul>\n<p><span style=\"color: #800080;\"><strong>Proyecto de Comunicaci\u00f3n<\/strong><\/span><\/p>\n<p>Por \u00faltimo, la C\u00e1mara de Diputados abordar\u00e1 un proyecto de Comunicaci\u00f3n de autor\u00eda del diputado Carlos Platero, por el cual solicita al Poder Ejecutivo inste a la empresa Obras Sanitarias Sociedad del Estado \u2014 OSSE- a realizar los estudios de factibilidad t\u00e9cnico-econ\u00f3mica necesarios para la extensi\u00f3n de la red cloacal sobre calle Avenida Col\u00f3n entre Avenida Libertador General San Martin y calle Sarmiento ubicada en el departamento de Santa Luc\u00eda.<\/p>\n<p><span style=\"color: #800080;\"><strong>Proyectos presentados<\/strong><\/span><\/p>\n<p>Durante la Novena Sesi\u00f3n, ingres\u00f3 a la C\u00e1mara de Diputados para su tratamiento en comisiones los siguientes proyectos de Ley que proponen:<\/p>\n<ul>\n<li>Ratificar el Convenio Marco de Cooperaci\u00f3n entre la provincia de San Juan y la Administraci\u00f3n Federal de Ingresos P\u00fablicos. (Poder Ejecutivo)<\/li>\n<li>Aprobar el Convenio de Adquisici\u00f3n Directa de Inmueble suscripto entre la Direcci\u00f3n Nacional de Vialidad y el Gobierno de la Provincia de San Juan. (Poder Ejecutivo)<\/li>\n<li>\u00a0Regular la actividad de personas dedicadas al acopio de metales no ferrosos. (Poder Ejecutivo)<\/li>\n<li>Modificar la Ley N\u00b0 162-A, que crea y regula el Departamento de Aeron\u00e1utica Provincial. (Poder Ejecutivo)<\/li>\n<li>Ratificar el convenio marco de colaboraci\u00f3n \u00abAprovechamiento Hidroenerg\u00e9tico El Tambolar y F\u00e1brica de Paneles Solares Fotovoltaicos\u00bb y su Adenda. (Poder Ejecutivo)<\/li>\n<\/ul>\n<p>Tambi\u00e9n, ingres\u00f3 una Comunicaci\u00f3n Oficial presentada por el Ente Provincial Regulador de la Electricidad \u2013EPRE- con la que acompa\u00f1a un ejemplar del informe institucional \u00abE.P.R.E. San Juan &#8211; Anuario 2021, hasta junio 2022\u00bb; y una Comunicaci\u00f3n Particular de la C\u00e1mara Argentina de la Construcci\u00f3n, Delegaci\u00f3n San Juan, por la que informa sobre la comunicaci\u00f3n que la Instituci\u00f3n curs\u00f3 a la Directora de Planeamiento y Desarrollo Urbano.<\/p>\n<p>Por otra parte, tomaron estado parlamentario los siguientes proyectos de Ley de autor\u00eda de diferentes diputados, que proponen:<\/p>\n<ul>\n<li>Declarar bien integrante del patrimonio cultural y natural de la Provincia, el edificio en el que se emplaza el Club Atl\u00e9tico Sanjuanino Juniors, Departamento Rivadavia. (Diputado Sergio Miodowsky y diputada Nancy Pic\u00f3n)<\/li>\n<li>Crear el Programa de Asistencia y Rehabilitaci\u00f3n Neurol\u00f3gica. (Diputado Edgardo Sancassani)<\/li>\n<li>Crear el Gabinete Psicol\u00f3gico Departamento N\u00e1utica (GPN). (Diputado Sergio Miodowsky y diputada Nancy Pic\u00f3n)<\/li>\n<li>Adherir a la Ley Nacional N\u00b0 27671 sobre capacitaci\u00f3n obligatoria, peri\u00f3dica y permanente en la \u00abCuesti\u00f3n de las Islas Malvinas\u00bb. \u00a0(Diputados Juan Carlos Gioja y Leonardo Gioja y diputada Graciela Seva)<\/li>\n<li>Autorizar a los permisionarios de taxis, remises y transporte p\u00fablico de pasajeros a utilizar videoc\u00e1maras. (Diputado Edgardo Sancassani)<\/li>\n<\/ul>\n<p>Adem\u00e1s, ingresar\u00e1n a las respectivas comisiones los siguientes proyectos de Resoluci\u00f3n que proponen declarar de inter\u00e9s:<\/p>\n<ul>\n<li>Social, educativo y cient\u00edfico la \u00abIII Reuni\u00f3n Plenaria Anual de la Abogac\u00eda Joven F.A.C.A.\u00bb. (Diputada Celina Ramella)<\/li>\n<li>Deportivo, social y cultural los 111 aniversario del Club Social y Cultural Angaqueros del Sud. (Diputado Miguel S\u00e1nchez)<\/li>\n<li>Social, cultural y educativo las actividades que va a llevar a cabo el Movimiento Scout con motivo de su creaci\u00f3n. (Diputado Enzo Cornejo)<\/li>\n<li>Social y cultural el 2\u00b0 encuentro nacional de folklore \u00abSan Juan Danza 2022\u00bb. (Diputada Fernanda Paredes)<\/li>\n<li>Educativo y cient\u00edfico la celebraci\u00f3n de la semana mundial de la lactancia materna. (Diputado Enzo Cornejo)<\/li>\n<li>Social, educativo y cient\u00edfico el evento \u00abI Jornada de Archivolog\u00eda San Juan Argentina 2022: Conociendo la Archivolog\u00eda, su valor y utilidad en las instituciones p\u00fablicas y privadas\u00bb. (Diputada Marcela Monti)<\/li>\n<li>Educativo, cultural y social la VIII Edici\u00f3n del Proyecto \u00abJ\u00f3venes Construyendo Democracia 2022\u00bb. \u00a0(Diputada Marcela Monti)<\/li>\n<li>Social, educativo y cient\u00edfico la \u00abJornada de Derecho Ambiental\u00bb. (Diputada Celina Ramella)<\/li>\n<li>Social, cultural y educativo el proyecto de Voluntariado de Extensi\u00f3n \u00abBit\u00e1coras Universitarias\u00bb. (Diputada Fernanda Paredes)<\/li>\n<li>Social, Educativo y Cient\u00edfico, la \u201cConferencia sobre Realismo y Teor\u00eda del Delito\u201d. (Diputada Celina Ramella)<\/li>\n<\/ul>\n<p>Tambi\u00e9n, ingresar\u00e1 un proyecto de Resoluci\u00f3n presentado por el bloque Lealtad por el que modifica el art\u00edculo 150 del Reglamento Interno de la C\u00e1mara de Diputados.<\/p>\n<p>Y, por \u00faltimo, tomar\u00e1 estado parlamentario un proyecto de Declaraci\u00f3n presentado por el bloque Frente Grande Unidad Ciudadana, por el que se expresa un en\u00e9rgico repudio a la persecuci\u00f3n judicial a la que est\u00e1 siendo sometido el presidente del partido Frente Grande Nacional, Mario Secco.<\/p>\n<\/div>\n","protected":false},"excerpt":{"rendered":"<p>Tras ocho meses y medio de un trabajo intenso de estudio y an\u00e1lisis en las comisiones de Legislaci\u00f3n y Asuntos<\/p>\n","protected":false},"author":3,"featured_media":37951,"comment_status":"closed","ping_status":"closed","sticky":false,"template":"","format":"standard","meta":{"_acf_changed":false,"_seopress_robots_primary_cat":"none","_seopress_titles_title":"","_seopress_titles_desc":"","_seopress_robots_index":"","colormag_page_container_layout":"default_layout","colormag_page_sidebar_layout":"default_layout","footnotes":""},"categories":[1],"tags":[],"class_list":["post-51545","post","type-post","status-publish","format-standard","has-post-thumbnail","hentry","category-destacadas"],"acf":[],"_links":{"self":[{"href":"https:\/\/vocesparalelas.com.ar\/sitio\/wp-json\/wp\/v2\/posts\/51545","targetHints":{"allow":["GET"]}}],"collection":[{"href":"https:\/\/vocesparalelas.com.ar\/sitio\/wp-json\/wp\/v2\/posts"}],"about":[{"href":"https:\/\/vocesparalelas.com.ar\/sitio\/wp-json\/wp\/v2\/types\/post"}],"author":[{"embeddable":true,"href":"https:\/\/vocesparalelas.com.ar\/sitio\/wp-json\/wp\/v2\/users\/3"}],"replies":[{"embeddable":true,"href":"https:\/\/vocesparalelas.com.ar\/sitio\/wp-json\/wp\/v2\/comments?post=51545"}],"version-history":[{"count":1,"href":"https:\/\/vocesparalelas.com.ar\/sitio\/wp-json\/wp\/v2\/posts\/51545\/revisions"}],"predecessor-version":[{"id":51547,"href":"https:\/\/vocesparalelas.com.ar\/sitio\/wp-json\/wp\/v2\/posts\/51545\/revisions\/51547"}],"wp:featuredmedia":[{"embeddable":true,"href":"https:\/\/vocesparalelas.com.ar\/sitio\/wp-json\/wp\/v2\/media\/37951"}],"wp:attachment":[{"href":"https:\/\/vocesparalelas.com.ar\/sitio\/wp-json\/wp\/v2\/media?parent=51545"}],"wp:term":[{"taxonomy":"category","embeddable":true,"href":"https:\/\/vocesparalelas.com.ar\/sitio\/wp-json\/wp\/v2\/categories?post=51545"},{"taxonomy":"post_tag","embeddable":true,"href":"https:\/\/vocesparalelas.com.ar\/sitio\/wp-json\/wp\/v2\/tags?post=51545"}],"curies":[{"name":"wp","href":"https:\/\/api.w.org\/{rel}","templated":true}]}}