{"id":51537,"date":"2022-08-10T23:13:23","date_gmt":"2022-08-11T02:13:23","guid":{"rendered":"https:\/\/vocesparalelas.com.ar\/sitio\/?p=51537"},"modified":"2022-08-13T00:08:25","modified_gmt":"2022-08-13T03:08:25","slug":"firma-de-convenio-para-equipamiento-de-la-tecnicatura-universitaria-en-diseno-de-indumentaria-y-textil-de-la-faud-de-la-unsj","status":"publish","type":"post","link":"https:\/\/vocesparalelas.com.ar\/sitio\/firma-de-convenio-para-equipamiento-de-la-tecnicatura-universitaria-en-diseno-de-indumentaria-y-textil-de-la-faud-de-la-unsj\/","title":{"rendered":"Firma de convenio para equipamiento de la\u00a0Tecnicatura Universitaria en Dise\u00f1o de Indumentaria y Textil de la FAUD de la UNSJ"},"content":{"rendered":"<p>La Universidad Nacional de San Juan a trav\u00e9s de la Facultad de Arquitectura, Urbanismo y Dise\u00f1o firm\u00f3 el acta complementaria con el Gobierno de San Juan a trav\u00e9s de la Secretar\u00eda de Estado de Ciencia, Tecnolog\u00eda e Innovaci\u00f3n &#8211; SECITI.<\/p>\n<p>La SECITI, acord\u00f3, en el acta, potenciar con equipamiento la\u00a0Tecnicatura Universitaria en Dise\u00f1o de Indumentaria y Textil, que se dicta en el departamento de J\u00e1chal.<\/p>\n<p>Espec\u00edficamente la Secretar\u00eda aporta fondos para la adquisici\u00f3n de maquinarias y as\u00ed extender el dictado de estas tecnicaturas a mayor cantidad de estudiantes.<\/p>\n<p>Firmaron el acta complementaria, el decano de la FAUD de la UNSJ, Arq. Guillermo Velasco, el rector de la UNSJ, Ing. Tadeo Berenguer y la Secretaria del SECITI,\u00a0Ing. Marita Benavente.<\/p>\n<p>&nbsp;<\/p>\n<figure id=\"attachment_51543\" aria-describedby=\"caption-attachment-51543\" style=\"width: 800px\" class=\"wp-caption alignnone\"><img loading=\"lazy\" decoding=\"async\" class=\"size-full wp-image-51543\" src=\"https:\/\/vocesparalelas.com.ar\/sitio\/wp-content\/uploads\/2022\/08\/FAUD-SECITI-09.jpg\" alt=\"\" width=\"800\" height=\"533\" srcset=\"https:\/\/vocesparalelas.com.ar\/sitio\/wp-content\/uploads\/2022\/08\/FAUD-SECITI-09.jpg 800w, https:\/\/vocesparalelas.com.ar\/sitio\/wp-content\/uploads\/2022\/08\/FAUD-SECITI-09-300x200.jpg 300w, https:\/\/vocesparalelas.com.ar\/sitio\/wp-content\/uploads\/2022\/08\/FAUD-SECITI-09-768x512.jpg 768w\" sizes=\"auto, (max-width: 800px) 100vw, 800px\" \/><figcaption id=\"caption-attachment-51543\" class=\"wp-caption-text\">Decano de la FAUD de la UNSJ, Arq. Guillermo Velasco<\/figcaption><\/figure>\n<p>&nbsp;<\/p>\n<figure id=\"attachment_51542\" aria-describedby=\"caption-attachment-51542\" style=\"width: 800px\" class=\"wp-caption alignnone\"><img loading=\"lazy\" decoding=\"async\" class=\"size-full wp-image-51542\" src=\"https:\/\/vocesparalelas.com.ar\/sitio\/wp-content\/uploads\/2022\/08\/FAUD-SECITI-07.jpg\" alt=\"\" width=\"800\" height=\"495\" srcset=\"https:\/\/vocesparalelas.com.ar\/sitio\/wp-content\/uploads\/2022\/08\/FAUD-SECITI-07.jpg 800w, https:\/\/vocesparalelas.com.ar\/sitio\/wp-content\/uploads\/2022\/08\/FAUD-SECITI-07-300x186.jpg 300w, https:\/\/vocesparalelas.com.ar\/sitio\/wp-content\/uploads\/2022\/08\/FAUD-SECITI-07-768x475.jpg 768w\" sizes=\"auto, (max-width: 800px) 100vw, 800px\" \/><figcaption id=\"caption-attachment-51542\" class=\"wp-caption-text\">Rector de la UNSJ, Ing. Tadeo Berenguer<\/figcaption><\/figure>\n<p>&nbsp;<\/p>\n<figure id=\"attachment_51541\" aria-describedby=\"caption-attachment-51541\" style=\"width: 800px\" class=\"wp-caption alignnone\"><img loading=\"lazy\" decoding=\"async\" class=\"size-full wp-image-51541\" src=\"https:\/\/vocesparalelas.com.ar\/sitio\/wp-content\/uploads\/2022\/08\/FAUD-SECITI-05.jpg\" alt=\"\" width=\"800\" height=\"598\" srcset=\"https:\/\/vocesparalelas.com.ar\/sitio\/wp-content\/uploads\/2022\/08\/FAUD-SECITI-05.jpg 800w, https:\/\/vocesparalelas.com.ar\/sitio\/wp-content\/uploads\/2022\/08\/FAUD-SECITI-05-300x224.jpg 300w, https:\/\/vocesparalelas.com.ar\/sitio\/wp-content\/uploads\/2022\/08\/FAUD-SECITI-05-768x574.jpg 768w\" sizes=\"auto, (max-width: 800px) 100vw, 800px\" \/><figcaption id=\"caption-attachment-51541\" class=\"wp-caption-text\">Secretaria del SECITI, Ing. Marita Benavente<\/figcaption><\/figure>\n<p>Es importante recordar que la Tecnicatura de Dise\u00f1o en Indumentaria y Textil que la dicta la FAUD de la UNSJ, forma profesionales para trabajar en \u00e1mbitos p\u00fablicos, privados y ONG.<\/p>\n<p><strong><span style=\"color: #33cccc;\">Capacitaci\u00f3n Laboral<\/span><\/strong><\/p>\n<p>En el \u00e1mbito p\u00fablico el T\u00e9cnicos puede desempe\u00f1arse en proyectos sociales, apuntando a una transformaci\u00f3n de la realidad a trav\u00e9s de la mirada de la Innovaci\u00f3n Social.<\/p>\n<p>En el campo de la producci\u00f3n privada, puede desempe\u00f1arse en talleres de micro emprendimientos autogestionados, en talleres desde las mipymes, y f\u00e1bricas de producci\u00f3n industrial a diferentes escalas.<\/p>\n<p>Tambi\u00e9n, puede insertarse laboralmente como auxiliar en procesos de capacitaci\u00f3n laboral.<\/p>\n<p><span style=\"color: #33cccc;\"><strong>La unidad del aporte de las instituciones<\/strong><\/span><\/p>\n<p>Adem\u00e1s, el SECITI\u00a0promueve el conocimiento como eje del desarrollo econ\u00f3mico y bienestar social generando mejor distribuci\u00f3n del ingreso, con mayor inclusi\u00f3n, mejorando la calidad de vida de los habitantes y busca fomentar la generaci\u00f3n y utilizaci\u00f3n del conocimiento, la ciencia, la tecnolog\u00eda y la innovaci\u00f3n vincul\u00e1ndola con la soluci\u00f3n de los problemas de la sociedad sanjuanina, aprovechamiento de oportunidades y desarrollando los recursos humanos necesarios para impulsar el progreso social y econ\u00f3mico inclusivo y sustentable de la Provincia de San Juan.<\/p>\n<p>Mientras que, la UNSJ contribuye a la democratizaci\u00f3n de la educaci\u00f3n y la formaci\u00f3n de graduados de acuerdo con las necesidades locales, y regionales, consolidando espacios de formaci\u00f3n universitaria en articulaci\u00f3n con sus instituciones.<\/p>\n<p>Luego, la FAUD de la UNSJ como generadora de la Tecnicatura Universitaria en Dise\u00f1o de Indumentaria y Textil, entre sus prop\u00f3sitos encuentra la necesidad de impulsar y favorecer la inserci\u00f3n del egresado en la provincia y en la regi\u00f3n, con una presencia activa en el proceso de su desarrollo, con criterio de sustentabilidad f\u00edsico-ambiental.<\/p>\n<p>El convenio firmado consisten en los fondos aportados por la SECITI que se destina a la compra de maquinarias, equipamiento y herramientas para el alumnado que cursa la Tecnicatura en Dise\u00f1o en Indumentaria y Textil a dictarse en J\u00e1chal, que atienden las necesidades de formaci\u00f3n en Educaci\u00f3n Superior de los departamentos de\u00a0Iglesia, Calingasta, Rodeo y Valle F\u00e9rtil, con la visi\u00f3n de consolidar su desarrollo educativo.<\/p>\n<p>Por ello, la Secretaria del SECITI, Ing. Marita Benavente manifest\u00f3 que \u00abSECITI tom\u00f3 la decisi\u00f3n de tener una pol\u00edtica orientada para financiar proyectos basados en las plataformas estrat\u00e9gicas de desarrollo de manera efectiva pata tener soberan\u00eda tecnol\u00f3gica y poder crecer como provincia. El ecosistema cient\u00edfico tiene que poder acompa\u00f1ar las necesidades de la comunidad, apelando a la transversalidad para generar trabajo para todos y todas, con equidad e inclusi\u00f3n\u00bb.<\/p>\n<p>Luego, el Rector de la UNSJ, Ing. Tadeo Berenguer puntualiz\u00f3 que \u00abes importante acompa\u00f1ar esta pol\u00edtica que tiene el gobierno de San Juan a trav\u00e9s de la SECITI, de apostar por el conocimiento, por el desarrollo de nuestra comunidad sanjuanina. La Universidad siempre apoya estas actividades, as\u00ed como el desarrollo de la industria textil y de indumentaria. La funci\u00f3n principal de la universidad estar al lado de la comunidad para brindar excelencia y acercarse a quienes la necesitan\u201d.<\/p>\n<p>Finalmente, el Decano de la FAUD de la UNSJ, Arq. Guillermo Velasco reamarc\u00f3 que \u00abconsidero que el apoyo a esta interacci\u00f3n entre la Universidad y el Gobierno es responsabilidad de universidad p\u00fablica. Recibimos un gran apoyo de la SECITI para la tecnicatura que estamos dictando en el Departamento J\u00e1chal. Buscamos que los oficios que estamos dictando lleguen a todos los departamentos, democratizando la inserci\u00f3n de la universidad\u201d.<\/p>\n<p>Publicado el Mi\u00e9rcoles, 10 de Agosto de 2022<\/p>\n<p>&nbsp;<\/p>\n","protected":false},"excerpt":{"rendered":"<p>La Universidad Nacional de San Juan a trav\u00e9s de la Facultad de Arquitectura, Urbanismo y Dise\u00f1o firm\u00f3 el acta complementaria<\/p>\n","protected":false},"author":3,"featured_media":51540,"comment_status":"closed","ping_status":"closed","sticky":false,"template":"","format":"standard","meta":{"_acf_changed":false,"_seopress_robots_primary_cat":"none","_seopress_titles_title":"","_seopress_titles_desc":"","_seopress_robots_index":"","colormag_page_container_layout":"default_layout","colormag_page_sidebar_layout":"default_layout","footnotes":""},"categories":[15],"tags":[],"class_list":["post-51537","post","type-post","status-publish","format-standard","has-post-thumbnail","hentry","category-posgrados"],"acf":[],"_links":{"self":[{"href":"https:\/\/vocesparalelas.com.ar\/sitio\/wp-json\/wp\/v2\/posts\/51537","targetHints":{"allow":["GET"]}}],"collection":[{"href":"https:\/\/vocesparalelas.com.ar\/sitio\/wp-json\/wp\/v2\/posts"}],"about":[{"href":"https:\/\/vocesparalelas.com.ar\/sitio\/wp-json\/wp\/v2\/types\/post"}],"author":[{"embeddable":true,"href":"https:\/\/vocesparalelas.com.ar\/sitio\/wp-json\/wp\/v2\/users\/3"}],"replies":[{"embeddable":true,"href":"https:\/\/vocesparalelas.com.ar\/sitio\/wp-json\/wp\/v2\/comments?post=51537"}],"version-history":[{"count":1,"href":"https:\/\/vocesparalelas.com.ar\/sitio\/wp-json\/wp\/v2\/posts\/51537\/revisions"}],"predecessor-version":[{"id":51544,"href":"https:\/\/vocesparalelas.com.ar\/sitio\/wp-json\/wp\/v2\/posts\/51537\/revisions\/51544"}],"wp:featuredmedia":[{"embeddable":true,"href":"https:\/\/vocesparalelas.com.ar\/sitio\/wp-json\/wp\/v2\/media\/51540"}],"wp:attachment":[{"href":"https:\/\/vocesparalelas.com.ar\/sitio\/wp-json\/wp\/v2\/media?parent=51537"}],"wp:term":[{"taxonomy":"category","embeddable":true,"href":"https:\/\/vocesparalelas.com.ar\/sitio\/wp-json\/wp\/v2\/categories?post=51537"},{"taxonomy":"post_tag","embeddable":true,"href":"https:\/\/vocesparalelas.com.ar\/sitio\/wp-json\/wp\/v2\/tags?post=51537"}],"curies":[{"name":"wp","href":"https:\/\/api.w.org\/{rel}","templated":true}]}}