{"id":51533,"date":"2022-08-10T22:19:18","date_gmt":"2022-08-11T01:19:18","guid":{"rendered":"https:\/\/vocesparalelas.com.ar\/sitio\/?p=51533"},"modified":"2022-08-13T00:08:51","modified_gmt":"2022-08-13T03:08:51","slug":"comenzo-la-feria-de-educacion-artes-ciencias-y-tecnologia-en-san-juan","status":"publish","type":"post","link":"https:\/\/vocesparalelas.com.ar\/sitio\/comenzo-la-feria-de-educacion-artes-ciencias-y-tecnologia-en-san-juan\/","title":{"rendered":"Comenz\u00f3 la Feria de Educaci\u00f3n, Artes, Ciencias y Tecnolog\u00eda en San Juan"},"content":{"rendered":"<p>Con una gran participaci\u00f3n se inici\u00f3 en forma presencial la Instancia Regional de la Feria de Educaci\u00f3n, Artes, Ciencias y Tecnolog\u00eda, del Ministerio de Educaci\u00f3n del Gobierno de San Juan, etapa de selecci\u00f3n de trabajos de estudiantes de diferentes niveles y modalidades, para luego, participar en las instancias Provincial y Nacional.<\/p>\n<p>La Instancia Regional en San Juan, se divide en 11 regiones. La primera se desarroll\u00f3 en Calingasta, Regi\u00f3n N\u00ba1, en el Colegio Secundario de Barreal. En la muestra participaron 20 proyectos que fueron evaluados por un equipo de docentes y profesionales especializados en el programa de feria de ciencias. Tambi\u00e9n particip\u00f3 el Centro de D\u00eda \u00abNuestro Espacio\u00bb, que expusieron el trabajo que hacen en el cuidado del ambiente. Acompa\u00f1aron la realizaci\u00f3n: desde el \u00c1rea de Actividades Cient\u00edficas &#8211; Centro de Educaci\u00f3n Cient\u00edfica y Tecnol\u00f3gica, Pol\u00edticas Socioeducativas y la Subsecretar\u00eda de Planeamiento Educativo del Ministerio de Educaci\u00f3n.<\/p>\n<p>A cargo, se encuentra el equipo del \u00c1rea de Actividades Cient\u00edficas conformado por: Valeria Lezcano, Anal\u00eda Aballay, Claudia Pedrozo y Gabriela Vargas y los referentes del departamento: Mario Herrera, Maite Gonz\u00e1lez, Roque Contreras y Rosana Vera.<\/p>\n<p>Tras la exposici\u00f3n se destacaron los proyectos seleccionados para participar en la instancia Provincial. En la oportunidad, la empresa Glencore Pach\u00f3n entreg\u00f3 a cada estudiante un kit escolar como reconocimiento a su trabajo y compromiso.<\/p>\n<p><strong><span style=\"color: #339966;\">Los trabajos destacados<\/span><\/strong><\/p>\n<ul>\n<li><strong><span style=\"color: #339966;\">Tem\u00e1tica Ambiental:<\/span> <\/strong>\u201cQue tierra necesitan las semillas para crecer \u201c &#8211; JINZ N\u00b0 2 Calingasta anexo Escuela Jorge Newbery<\/li>\n<li><span style=\"color: #339966;\"><strong>Educaci\u00f3n Rural:\u00a0<\/strong><\/span>\u201cRevalorizando el cultivo de casta\u00f1as en Calingasta\u201d &#8211; JINZ N\u00b0 24 Anexo Escuela Francisco Javier Mu\u00f1iz<\/li>\n<li><strong><span style=\"color: #339966;\">Educaci\u00f3n de J\u00f3venes y Adultos:<\/span>\u00a0<\/strong>\u201cDe San Juan, el membrillo Amarillo\u201d &#8211; CENS Tamber\u00edas<\/li>\n<li><strong><span style=\"color: #339966;\">Nivel Inicial:<\/span>\u00a0<\/strong>La quinua en Calingasta\u00bb &#8211; JINZ N\u00b02 Anexo Escuela Juan Pedro Esnaola;\u00a0\u201cUn cielo estrellado de Calingasta\u201d Saturnino S. Ar\u00e1oz;\u00a0\u201cDescubrir nuestro entorno para conocernos\u201d &#8211; JINZ N 24 Anexo Escuela Batalla De Chacabuco y\u00a0\u00abJugando, jugando historias vamos creando\u00bb &#8211; Colegio Nuestra Sra. de las Nieves<\/li>\n<li><strong><span style=\"color: #339966;\">Nivel Primario:<\/span>\u00a0<\/strong>\u201cEl cuidado de mis mascotas\u201d &#8211; Colegio Nuestra Se\u00f1ora de las Nieves;\u00a0\u00abMal de Chagas Mazza\u00bb Una amenaza latente &#8211; Esc. Juan Pedro Esnaola;\u00a0\u201cMi colecci\u00f3n de textos\u201d &#8211; Colegio Nuestra Se\u00f1ora de las Nieves\u00bb y \u201cMis \u00f3rganos mi motor, cuidarlos es lo mejor\u201d &#8211; Saturnino S. Ar\u00e1oz<\/li>\n<\/ul>\n<div class=\"itemFullText\">\n<p>La inscripci\u00f3n contin\u00faa abierta para participar en la Feria de Ciencias, en el resto de dem\u00e1s departamentos, los interesados deben acceder al siguiente link\u00a0<a href=\"https:\/\/forms.gle\/bQLqNjh2DrqdAvTq6\">https:\/\/forms.gle\/bQLqNjh2DrqdAvTq6<\/a><\/p>\n<p>Los interesados en conocer los trabajos presentados, pueden ingresar a la Instancia Escolar, en la p\u00e1gina del Ministerio de Educaci\u00f3n en\u00a0<a href=\"https:\/\/educacion.sanjuan.edu.ar\/mesj\/sitios\/CECyT_Proyectos_2022\/\">https:\/\/educacion.sanjuan.edu.ar\/mesj\/sitios\/CECyT_Proyectos_2022\/<\/a><\/p>\n<p>Por mayores informes o consultas, contactarse con la Referente del \u00c1rea de Actividades Cient\u00edficas &#8211; Centro de Educaci\u00f3n Cient\u00edfica y Tecnol\u00f3gica: Valeria Lezcano WhatsApp 2644170189<\/p>\n<\/div>\n<div class=\"clr\">Publicado el Mi\u00e9rcoles, 10 de Agosto de 2022<\/div>\n","protected":false},"excerpt":{"rendered":"<p>Con una gran participaci\u00f3n se inici\u00f3 en forma presencial la Instancia Regional de la Feria de Educaci\u00f3n, Artes, Ciencias y<\/p>\n","protected":false},"author":3,"featured_media":51535,"comment_status":"closed","ping_status":"closed","sticky":false,"template":"","format":"standard","meta":{"_acf_changed":false,"_seopress_robots_primary_cat":"none","_seopress_titles_title":"","_seopress_titles_desc":"","_seopress_robots_index":"","colormag_page_container_layout":"default_layout","colormag_page_sidebar_layout":"default_layout","footnotes":""},"categories":[2],"tags":[],"class_list":["post-51533","post","type-post","status-publish","format-standard","has-post-thumbnail","hentry","category-convocatorias"],"acf":[],"_links":{"self":[{"href":"https:\/\/vocesparalelas.com.ar\/sitio\/wp-json\/wp\/v2\/posts\/51533","targetHints":{"allow":["GET"]}}],"collection":[{"href":"https:\/\/vocesparalelas.com.ar\/sitio\/wp-json\/wp\/v2\/posts"}],"about":[{"href":"https:\/\/vocesparalelas.com.ar\/sitio\/wp-json\/wp\/v2\/types\/post"}],"author":[{"embeddable":true,"href":"https:\/\/vocesparalelas.com.ar\/sitio\/wp-json\/wp\/v2\/users\/3"}],"replies":[{"embeddable":true,"href":"https:\/\/vocesparalelas.com.ar\/sitio\/wp-json\/wp\/v2\/comments?post=51533"}],"version-history":[{"count":1,"href":"https:\/\/vocesparalelas.com.ar\/sitio\/wp-json\/wp\/v2\/posts\/51533\/revisions"}],"predecessor-version":[{"id":51536,"href":"https:\/\/vocesparalelas.com.ar\/sitio\/wp-json\/wp\/v2\/posts\/51533\/revisions\/51536"}],"wp:featuredmedia":[{"embeddable":true,"href":"https:\/\/vocesparalelas.com.ar\/sitio\/wp-json\/wp\/v2\/media\/51535"}],"wp:attachment":[{"href":"https:\/\/vocesparalelas.com.ar\/sitio\/wp-json\/wp\/v2\/media?parent=51533"}],"wp:term":[{"taxonomy":"category","embeddable":true,"href":"https:\/\/vocesparalelas.com.ar\/sitio\/wp-json\/wp\/v2\/categories?post=51533"},{"taxonomy":"post_tag","embeddable":true,"href":"https:\/\/vocesparalelas.com.ar\/sitio\/wp-json\/wp\/v2\/tags?post=51533"}],"curies":[{"name":"wp","href":"https:\/\/api.w.org\/{rel}","templated":true}]}}