{"id":51526,"date":"2022-08-10T21:38:53","date_gmt":"2022-08-11T00:38:53","guid":{"rendered":"https:\/\/vocesparalelas.com.ar\/sitio\/?p=51526"},"modified":"2022-08-13T00:09:21","modified_gmt":"2022-08-13T03:09:21","slug":"inscripciones-del-emprender-55-de-san-juan","status":"publish","type":"post","link":"https:\/\/vocesparalelas.com.ar\/sitio\/inscripciones-del-emprender-55-de-san-juan\/","title":{"rendered":"Inscripciones del \u201cEmprender +55\u201d de San Juan"},"content":{"rendered":"<p>Promover pol\u00edticas de reinserci\u00f3n laboral e integraci\u00f3n social en adultos de entre 55 a 64 a\u00f1os de edad, mediante emprendimientos que tienen como fin contribuir a la autogesti\u00f3n econ\u00f3mica, con oportunidades para el desarrollo personal, cognitivo, biol\u00f3gico y de participaci\u00f3n social, es uno de los principales objetivos del Estado provincial.<\/p>\n<p>En este sentido, el Ministerio de Desarrollo Humano y Promoci\u00f3n Social del Gobierno de San Juan, a trav\u00e9s de la Direcci\u00f3n de Pol\u00edticas para Personas Mayores, por segundo a\u00f1o consecutivo, ser\u00e1 la responsable de gestionar, coordinar y evaluar a todas aquellas personas que est\u00e9n interesadas en participar de dicho programa y con \u00e1nimos a desarrollar un proyecto o mejorar uno que ya est\u00e9 en funcionamiento como: Jardiner\u00eda, Pintura, Plomer\u00eda, Electricidad, Manicura, Carpinter\u00eda, Alba\u00f1iler\u00eda, Artesan\u00edas, Herrer\u00eda, Huerta y Vivero, Peluquer\u00eda, Grafica.<\/p>\n<p>\u201cEmprender + 55\u201d tiene como destinatarios a\u00a0mujeres de 55 a 60 a\u00f1os\u00a0y\u00a0hombres de 55 a 64 a\u00f1os\u00a0que residen en los 19 departamentos de la provincia, cumpliendo como requisito fundamental no estar activos en relaci\u00f3n de dependencia laboral, ni monotributo.<\/p>\n<p>Los interesados deber\u00e1n inscribirse completando un formulario con los datos personales ingresando a <a href=\"http:\/\/www.mdhinscripciones.com.ar\/\">http:\/\/www.mdhinscripciones.com.ar\/<\/a>\u00a0o personalmente por la Direcci\u00f3n de Adultos Mayor (Salta 370 sur, Capital), de lunes a viernes de 8 a 12 horas, con un plazo de inscripci\u00f3n hasta el d\u00eda 22 de agosto.<\/p>\n<p>En la primera edici\u00f3n del Emprender +55 se financiaron 40 proyectos de distintos departamentos de la provincia, con una inversi\u00f3n de $3.000.000 (tres millones de pesos) Este a\u00f1o se ampliar\u00e1 la lista de beneficiarios a un total de 200 proyectos distribuidos en los 19 departamentos de la provincia, sumando nuevos oficios, con un monto total solicitado de $25.000.000 (veinticinco millones de pesos).<\/p>\n<p>Unos de los principales objetivos de dicho programa es desarrollar capacidades emprendedoras en todas aquellas personas mayores que deseen generar una nueva etapa laboral. Asimismo, promover el intercambio de experiencias a fin de estimular la creatividad y la visi\u00f3n de negocio, como tambi\u00e9n, garantizar el apoyo econ\u00f3mico que sustente cada proyecto en sus primeras etapas de desarrollo.<\/p>\n<div class=\"clr\"><\/div>\n<div class=\"itemContentFooter\"><span class=\"itemDateModified\">Publicado el Mi\u00e9rcoles, 10 de Agosto de 2022<\/span><\/div>\n","protected":false},"excerpt":{"rendered":"<p>Promover pol\u00edticas de reinserci\u00f3n laboral e integraci\u00f3n social en adultos de entre 55 a 64 a\u00f1os de edad, mediante emprendimientos<\/p>\n","protected":false},"author":3,"featured_media":51529,"comment_status":"closed","ping_status":"closed","sticky":false,"template":"","format":"standard","meta":{"_acf_changed":false,"_seopress_robots_primary_cat":"none","_seopress_titles_title":"","_seopress_titles_desc":"","_seopress_robots_index":"","colormag_page_container_layout":"default_layout","colormag_page_sidebar_layout":"default_layout","footnotes":""},"categories":[5],"tags":[],"class_list":["post-51526","post","type-post","status-publish","format-standard","has-post-thumbnail","hentry","category-ofrecimientos"],"acf":[],"_links":{"self":[{"href":"https:\/\/vocesparalelas.com.ar\/sitio\/wp-json\/wp\/v2\/posts\/51526","targetHints":{"allow":["GET"]}}],"collection":[{"href":"https:\/\/vocesparalelas.com.ar\/sitio\/wp-json\/wp\/v2\/posts"}],"about":[{"href":"https:\/\/vocesparalelas.com.ar\/sitio\/wp-json\/wp\/v2\/types\/post"}],"author":[{"embeddable":true,"href":"https:\/\/vocesparalelas.com.ar\/sitio\/wp-json\/wp\/v2\/users\/3"}],"replies":[{"embeddable":true,"href":"https:\/\/vocesparalelas.com.ar\/sitio\/wp-json\/wp\/v2\/comments?post=51526"}],"version-history":[{"count":1,"href":"https:\/\/vocesparalelas.com.ar\/sitio\/wp-json\/wp\/v2\/posts\/51526\/revisions"}],"predecessor-version":[{"id":51530,"href":"https:\/\/vocesparalelas.com.ar\/sitio\/wp-json\/wp\/v2\/posts\/51526\/revisions\/51530"}],"wp:featuredmedia":[{"embeddable":true,"href":"https:\/\/vocesparalelas.com.ar\/sitio\/wp-json\/wp\/v2\/media\/51529"}],"wp:attachment":[{"href":"https:\/\/vocesparalelas.com.ar\/sitio\/wp-json\/wp\/v2\/media?parent=51526"}],"wp:term":[{"taxonomy":"category","embeddable":true,"href":"https:\/\/vocesparalelas.com.ar\/sitio\/wp-json\/wp\/v2\/categories?post=51526"},{"taxonomy":"post_tag","embeddable":true,"href":"https:\/\/vocesparalelas.com.ar\/sitio\/wp-json\/wp\/v2\/tags?post=51526"}],"curies":[{"name":"wp","href":"https:\/\/api.w.org\/{rel}","templated":true}]}}