{"id":51523,"date":"2022-08-10T20:30:20","date_gmt":"2022-08-10T23:30:20","guid":{"rendered":"https:\/\/vocesparalelas.com.ar\/sitio\/?p=51523"},"modified":"2022-08-10T20:30:20","modified_gmt":"2022-08-10T23:30:20","slug":"3-cohorte-del-diplomado-de-extension-en-competencias-digitales-para-la-virtualidad-de-la-fcefn-de-la-unsj","status":"publish","type":"post","link":"https:\/\/vocesparalelas.com.ar\/sitio\/3-cohorte-del-diplomado-de-extension-en-competencias-digitales-para-la-virtualidad-de-la-fcefn-de-la-unsj\/","title":{"rendered":"3\u00b0 Cohorte del Diplomado de Extensi\u00f3n en Competencias Digitales para la Virtualidad de la FCEFN de la UNSJ"},"content":{"rendered":"<p>El Jueves, 11 de Agosto, a las 18 hs, en la FCEFN de la UNSJ \u00a0se realiza la entrega de las constancias de aprobaci\u00f3n de la 3\u00b0 cohorte del Diplomado de Extensi\u00f3n en Competencias Digitales para la Virtualidad, aprobado por Ordenanza 3-21 del Consejo Directivo de la FCEFN &#8211; UNSJ<\/p>\n<p>Esta actividad est\u00e1 financiada por la Secretar\u00eda de Pol\u00edticas Universitarias del Ministerio de Educaci\u00f3n de la Naci\u00f3n, con la finalidad de capacitar a docentes de los Departamentos de Chimbas, Pocito y Rawson, como entidades hu\u00e9spedes receptoras del Programa \u201cUniversidad, Cultura y Territorio\u201d.<\/p>\n<p>La diplomatura se desarroll\u00f3 en los meses de Mayo, Junio y Julio de 2022, con 10 clases virtuales, la participaci\u00f3n de 6 expositores internacionales, se dispuso de 21 videos de apoyo, 14 evaluaciones y los\/las docentes cursantes debieron presentar un trabajo final de un video educativo que pronto estar\u00e1 disponible para la comunidad en <a href=\"http:\/\/www.portalhuarpe.com.ar\">www.portalhuarpe.com.ar<\/a>.<\/p>\n<p>Reciben la mencionada constancia de aprobaci\u00f3n 192 docentes que cumplieron completamente las exigencias de la Diplomatura.<\/p>\n<p>La ceremonia es en el Sal\u00f3n de actos de la Facultad de Ciencias Exactas, F\u00edsicas y Naturales de la Universidad Nacional de San Juan, ubicado en el subsuelo de la Unidad Acad\u00e9mica y cuenta con la presencia de las autoridades de los tres departamentos participantes en la diplomatura.<\/p>\n<p>Publicado el Mi\u00e9rcoles, 10 de Agosto de 2022<\/p>\n","protected":false},"excerpt":{"rendered":"<p>El Jueves, 11 de Agosto, a las 18 hs, en la FCEFN de la UNSJ \u00a0se realiza la entrega de<\/p>\n","protected":false},"author":3,"featured_media":26107,"comment_status":"closed","ping_status":"closed","sticky":false,"template":"","format":"standard","meta":{"_acf_changed":false,"_seopress_robots_primary_cat":"none","_seopress_titles_title":"","_seopress_titles_desc":"","_seopress_robots_index":"","colormag_page_container_layout":"default_layout","colormag_page_sidebar_layout":"default_layout","footnotes":""},"categories":[1],"tags":[],"class_list":["post-51523","post","type-post","status-publish","format-standard","has-post-thumbnail","hentry","category-destacadas"],"acf":[],"_links":{"self":[{"href":"https:\/\/vocesparalelas.com.ar\/sitio\/wp-json\/wp\/v2\/posts\/51523","targetHints":{"allow":["GET"]}}],"collection":[{"href":"https:\/\/vocesparalelas.com.ar\/sitio\/wp-json\/wp\/v2\/posts"}],"about":[{"href":"https:\/\/vocesparalelas.com.ar\/sitio\/wp-json\/wp\/v2\/types\/post"}],"author":[{"embeddable":true,"href":"https:\/\/vocesparalelas.com.ar\/sitio\/wp-json\/wp\/v2\/users\/3"}],"replies":[{"embeddable":true,"href":"https:\/\/vocesparalelas.com.ar\/sitio\/wp-json\/wp\/v2\/comments?post=51523"}],"version-history":[{"count":1,"href":"https:\/\/vocesparalelas.com.ar\/sitio\/wp-json\/wp\/v2\/posts\/51523\/revisions"}],"predecessor-version":[{"id":51525,"href":"https:\/\/vocesparalelas.com.ar\/sitio\/wp-json\/wp\/v2\/posts\/51523\/revisions\/51525"}],"wp:featuredmedia":[{"embeddable":true,"href":"https:\/\/vocesparalelas.com.ar\/sitio\/wp-json\/wp\/v2\/media\/26107"}],"wp:attachment":[{"href":"https:\/\/vocesparalelas.com.ar\/sitio\/wp-json\/wp\/v2\/media?parent=51523"}],"wp:term":[{"taxonomy":"category","embeddable":true,"href":"https:\/\/vocesparalelas.com.ar\/sitio\/wp-json\/wp\/v2\/categories?post=51523"},{"taxonomy":"post_tag","embeddable":true,"href":"https:\/\/vocesparalelas.com.ar\/sitio\/wp-json\/wp\/v2\/tags?post=51523"}],"curies":[{"name":"wp","href":"https:\/\/api.w.org\/{rel}","templated":true}]}}