{"id":51510,"date":"2022-08-09T22:45:44","date_gmt":"2022-08-10T01:45:44","guid":{"rendered":"https:\/\/vocesparalelas.com.ar\/sitio\/?p=51510"},"modified":"2022-08-11T01:03:08","modified_gmt":"2022-08-11T04:03:08","slug":"tecnicatura-en-higiene-y-seguridad-para-los-bomberos-de-la-policia-de-san-juan-de-la-faud-de-la-unsj","status":"publish","type":"post","link":"https:\/\/vocesparalelas.com.ar\/sitio\/tecnicatura-en-higiene-y-seguridad-para-los-bomberos-de-la-policia-de-san-juan-de-la-faud-de-la-unsj\/","title":{"rendered":"Tecnicatura en Higiene y Seguridad para los Bomberos de la Polic\u00eda de San Juan de la FAUD de la UNSJ"},"content":{"rendered":"<p>El secretario de Estado de Seguridad y Orden P\u00fablico del Gobierno de San Juan, Dr. Carlos Munisaga, junto al rector de la Universidad Nacional de San Juan, Ing. Tadeo Berenguer y el decano de la Facultad de Arquitectura, Urbanismo y Dise\u00f1o de la UNSJ, Arq. Guillermo Velasco, firmaron un acta acuerdo con el objetivo de implementar la carrera \u201cTecnicatura Universitaria en Higiene y Seguridad Laboral en la Industria de la Construcci\u00f3n\u201d complementada con una diplomatura que contemple formaci\u00f3n espec\u00edfica para el personal de la Direcci\u00f3n de Bomberos D9 de la Polic\u00eda de San Juan.<\/p>\n<figure id=\"attachment_51512\" aria-describedby=\"caption-attachment-51512\" style=\"width: 800px\" class=\"wp-caption alignnone\"><img loading=\"lazy\" decoding=\"async\" class=\"size-full wp-image-51512\" src=\"https:\/\/vocesparalelas.com.ar\/sitio\/wp-content\/uploads\/2022\/08\/FAUD-UNSJ-SEGURIDAD-01.jpg\" alt=\"\" width=\"800\" height=\"533\" srcset=\"https:\/\/vocesparalelas.com.ar\/sitio\/wp-content\/uploads\/2022\/08\/FAUD-UNSJ-SEGURIDAD-01.jpg 800w, https:\/\/vocesparalelas.com.ar\/sitio\/wp-content\/uploads\/2022\/08\/FAUD-UNSJ-SEGURIDAD-01-300x200.jpg 300w, https:\/\/vocesparalelas.com.ar\/sitio\/wp-content\/uploads\/2022\/08\/FAUD-UNSJ-SEGURIDAD-01-768x512.jpg 768w\" sizes=\"auto, (max-width: 800px) 100vw, 800px\" \/><figcaption id=\"caption-attachment-51512\" class=\"wp-caption-text\">Decano de la FAUD de la UNSJ, Arq. Guillermo Velasco<\/figcaption><\/figure>\n<p><img loading=\"lazy\" decoding=\"async\" class=\"size-full wp-image-51513\" src=\"https:\/\/vocesparalelas.com.ar\/sitio\/wp-content\/uploads\/2022\/08\/FAUD-UNSJ-SEGURIDAD-02.jpg\" alt=\"\" width=\"800\" height=\"533\" srcset=\"https:\/\/vocesparalelas.com.ar\/sitio\/wp-content\/uploads\/2022\/08\/FAUD-UNSJ-SEGURIDAD-02.jpg 800w, https:\/\/vocesparalelas.com.ar\/sitio\/wp-content\/uploads\/2022\/08\/FAUD-UNSJ-SEGURIDAD-02-300x200.jpg 300w, https:\/\/vocesparalelas.com.ar\/sitio\/wp-content\/uploads\/2022\/08\/FAUD-UNSJ-SEGURIDAD-02-768x512.jpg 768w\" sizes=\"auto, (max-width: 800px) 100vw, 800px\" \/><span style=\"font-size: 14px;\">Rector de la UNSJ, Ing. Tadeo Berenguer<\/span><\/p>\n<figure id=\"attachment_51514\" aria-describedby=\"caption-attachment-51514\" style=\"width: 800px\" class=\"wp-caption alignnone\"><img loading=\"lazy\" decoding=\"async\" class=\"size-full wp-image-51514\" src=\"https:\/\/vocesparalelas.com.ar\/sitio\/wp-content\/uploads\/2022\/08\/FAUD-UNSJ-SEGURIDAD-03.jpg\" alt=\"\" width=\"800\" height=\"533\" srcset=\"https:\/\/vocesparalelas.com.ar\/sitio\/wp-content\/uploads\/2022\/08\/FAUD-UNSJ-SEGURIDAD-03.jpg 800w, https:\/\/vocesparalelas.com.ar\/sitio\/wp-content\/uploads\/2022\/08\/FAUD-UNSJ-SEGURIDAD-03-300x200.jpg 300w, https:\/\/vocesparalelas.com.ar\/sitio\/wp-content\/uploads\/2022\/08\/FAUD-UNSJ-SEGURIDAD-03-768x512.jpg 768w\" sizes=\"auto, (max-width: 800px) 100vw, 800px\" \/><figcaption id=\"caption-attachment-51514\" class=\"wp-caption-text\">Secretario de Estado de Seguridad y Orden P\u00fablico del Gobierno de San Juan, Dr. Carlos Munisaga<\/figcaption><\/figure>\n<p>De acuerdo a lo explicado el acuerdo responde a la necesidad de formar profesionales capacitados de la Direcci\u00f3n de Bomberos para enfrentar y solucionar riesgos laborales, esencialmente para resguardar la salud de los trabajadores en su \u00e1mbito laboral, a trav\u00e9s del conocimiento y aplicaci\u00f3n de los distintos procedimientos y normas de Seguridad e Higiene Laboral.<\/p>\n<p><iframe loading=\"lazy\" title=\"FAUD UNSJ SEGURIDAD\" width=\"800\" height=\"450\" src=\"https:\/\/www.youtube.com\/embed\/3sEf9UpizRo?feature=oembed\" frameborder=\"0\" allow=\"accelerometer; autoplay; clipboard-write; encrypted-media; gyroscope; picture-in-picture\" allowfullscreen><\/iframe><\/p>\n<p>Posteriormente, el Decano de la FAUD de la UNSJ, Arq. Guillermo Velasco explic\u00f3 sobre la oferta educativa, haciendo hincapi\u00e9 en orientaci\u00f3n en prevenci\u00f3n de siniestros y otras formaciones espec\u00edficas para la labor de los 50 efectivos que podr\u00e1n cursar la carrera, que se va a dictar en el edificio central de la direcci\u00f3n, ubicado en Capital.<\/p>\n<p>Del acto participaron tambi\u00e9n el subsecretario de Seguridad, Abel Hern\u00e1ndez; el jefe de Polic\u00eda de San Juan, Crio. Gral. Luis Mart\u00ednez; el jefe de la Direcci\u00f3n de Bomberos D9, Crio Gral. Lic. Carlos Heredia; el director de Modernizaci\u00f3n y Capacitaci\u00f3n, David Mart\u00edn y dem\u00e1s invitados especiales.<\/p>\n<p><iframe loading=\"lazy\" title=\"FAUD UNSJ SEGURIDAD\" width=\"800\" height=\"450\" src=\"https:\/\/www.youtube.com\/embed\/Aap9U0rrYdI?feature=oembed\" frameborder=\"0\" allow=\"accelerometer; autoplay; clipboard-write; encrypted-media; gyroscope; picture-in-picture\" allowfullscreen><\/iframe><\/p>\n<p>Publicado el Martes, 09 de Agosto de 2022<\/p>\n","protected":false},"excerpt":{"rendered":"<p>El secretario de Estado de Seguridad y Orden P\u00fablico del Gobierno de San Juan, Dr. Carlos Munisaga, junto al rector<\/p>\n","protected":false},"author":3,"featured_media":51515,"comment_status":"closed","ping_status":"closed","sticky":false,"template":"","format":"video","meta":{"_acf_changed":false,"_seopress_robots_primary_cat":"none","_seopress_titles_title":"","_seopress_titles_desc":"","_seopress_robots_index":"","colormag_page_container_layout":"default_layout","colormag_page_sidebar_layout":"default_layout","footnotes":""},"categories":[15,7],"tags":[],"class_list":["post-51510","post","type-post","status-publish","format-video","has-post-thumbnail","hentry","category-posgrados","category-videos","post_format-post-format-video"],"acf":[],"_links":{"self":[{"href":"https:\/\/vocesparalelas.com.ar\/sitio\/wp-json\/wp\/v2\/posts\/51510","targetHints":{"allow":["GET"]}}],"collection":[{"href":"https:\/\/vocesparalelas.com.ar\/sitio\/wp-json\/wp\/v2\/posts"}],"about":[{"href":"https:\/\/vocesparalelas.com.ar\/sitio\/wp-json\/wp\/v2\/types\/post"}],"author":[{"embeddable":true,"href":"https:\/\/vocesparalelas.com.ar\/sitio\/wp-json\/wp\/v2\/users\/3"}],"replies":[{"embeddable":true,"href":"https:\/\/vocesparalelas.com.ar\/sitio\/wp-json\/wp\/v2\/comments?post=51510"}],"version-history":[{"count":2,"href":"https:\/\/vocesparalelas.com.ar\/sitio\/wp-json\/wp\/v2\/posts\/51510\/revisions"}],"predecessor-version":[{"id":51521,"href":"https:\/\/vocesparalelas.com.ar\/sitio\/wp-json\/wp\/v2\/posts\/51510\/revisions\/51521"}],"wp:featuredmedia":[{"embeddable":true,"href":"https:\/\/vocesparalelas.com.ar\/sitio\/wp-json\/wp\/v2\/media\/51515"}],"wp:attachment":[{"href":"https:\/\/vocesparalelas.com.ar\/sitio\/wp-json\/wp\/v2\/media?parent=51510"}],"wp:term":[{"taxonomy":"category","embeddable":true,"href":"https:\/\/vocesparalelas.com.ar\/sitio\/wp-json\/wp\/v2\/categories?post=51510"},{"taxonomy":"post_tag","embeddable":true,"href":"https:\/\/vocesparalelas.com.ar\/sitio\/wp-json\/wp\/v2\/tags?post=51510"}],"curies":[{"name":"wp","href":"https:\/\/api.w.org\/{rel}","templated":true}]}}