{"id":51500,"date":"2022-08-09T23:21:31","date_gmt":"2022-08-10T02:21:31","guid":{"rendered":"https:\/\/vocesparalelas.com.ar\/sitio\/?p=51500"},"modified":"2022-08-09T23:21:31","modified_gmt":"2022-08-10T02:21:31","slug":"taller-multiplicacion-de-retonos-de-la-higuera-historica","status":"publish","type":"post","link":"https:\/\/vocesparalelas.com.ar\/sitio\/taller-multiplicacion-de-retonos-de-la-higuera-historica\/","title":{"rendered":"Taller \u201cMultiplicaci\u00f3n de reto\u00f1os de la Higuera Hist\u00f3rica\u201d"},"content":{"rendered":"<p>El Museo y Biblioteca Casa Natal de Sarmiento e INTA \u2013 San Juan, invitan a la comunidad a participar del taller, \u201cMultiplicaci\u00f3n de reto\u00f1os de la Higuera Hist\u00f3rica\u201d, el Jueves, 11 de Agosto, a las 10 hs.<\/p>\n<p>Los participantes pueden aprender el procedimiento que se lleva a cabo para preparar los reto\u00f1os que se entregan a las distintas instituciones culturales y educativas que lo solicitan a\u00f1o a a\u00f1o.<\/p>\n<p>El mismo est\u00e1 a cargo de la T\u00e9cnica Carina Martini y la Licenciada Laura Notario de la Agencia de Extensi\u00f3n Rural de INTA &#8211; San Juan.<\/p>\n<p>No requiere inscripci\u00f3n previa y est\u00e1 destinado a p\u00fablico en general.<\/p>\n<p>Actividad gratuita y se realiza en el Jard\u00edn sur del Museo.<\/p>\n<p>Publicado el Martes, 09 de Agosto de 2022<\/p>\n","protected":false},"excerpt":{"rendered":"<p>El Museo y Biblioteca Casa Natal de Sarmiento e INTA \u2013 San Juan, invitan a la comunidad a participar del<\/p>\n","protected":false},"author":3,"featured_media":25888,"comment_status":"closed","ping_status":"closed","sticky":false,"template":"","format":"standard","meta":{"_acf_changed":false,"_seopress_robots_primary_cat":"none","_seopress_titles_title":"","_seopress_titles_desc":"","_seopress_robots_index":"","colormag_page_container_layout":"default_layout","colormag_page_sidebar_layout":"default_layout","footnotes":""},"categories":[1],"tags":[],"class_list":["post-51500","post","type-post","status-publish","format-standard","has-post-thumbnail","hentry","category-destacadas"],"acf":[],"_links":{"self":[{"href":"https:\/\/vocesparalelas.com.ar\/sitio\/wp-json\/wp\/v2\/posts\/51500","targetHints":{"allow":["GET"]}}],"collection":[{"href":"https:\/\/vocesparalelas.com.ar\/sitio\/wp-json\/wp\/v2\/posts"}],"about":[{"href":"https:\/\/vocesparalelas.com.ar\/sitio\/wp-json\/wp\/v2\/types\/post"}],"author":[{"embeddable":true,"href":"https:\/\/vocesparalelas.com.ar\/sitio\/wp-json\/wp\/v2\/users\/3"}],"replies":[{"embeddable":true,"href":"https:\/\/vocesparalelas.com.ar\/sitio\/wp-json\/wp\/v2\/comments?post=51500"}],"version-history":[{"count":1,"href":"https:\/\/vocesparalelas.com.ar\/sitio\/wp-json\/wp\/v2\/posts\/51500\/revisions"}],"predecessor-version":[{"id":51502,"href":"https:\/\/vocesparalelas.com.ar\/sitio\/wp-json\/wp\/v2\/posts\/51500\/revisions\/51502"}],"wp:featuredmedia":[{"embeddable":true,"href":"https:\/\/vocesparalelas.com.ar\/sitio\/wp-json\/wp\/v2\/media\/25888"}],"wp:attachment":[{"href":"https:\/\/vocesparalelas.com.ar\/sitio\/wp-json\/wp\/v2\/media?parent=51500"}],"wp:term":[{"taxonomy":"category","embeddable":true,"href":"https:\/\/vocesparalelas.com.ar\/sitio\/wp-json\/wp\/v2\/categories?post=51500"},{"taxonomy":"post_tag","embeddable":true,"href":"https:\/\/vocesparalelas.com.ar\/sitio\/wp-json\/wp\/v2\/tags?post=51500"}],"curies":[{"name":"wp","href":"https:\/\/api.w.org\/{rel}","templated":true}]}}